{"id":140786,"date":"2025-03-15T00:07:30","date_gmt":"2025-03-15T00:07:30","guid":{"rendered":"https:\/\/enolife.com.ar\/es\/?p=140786"},"modified":"2025-03-15T17:14:45","modified_gmt":"2025-03-15T17:14:45","slug":"los-vinos-de-altura-de-5-bodegas-mendocinas-despiertan-fuerte-interes-en-la-feria-foodex-japon","status":"publish","type":"post","link":"https:\/\/enolife.com.ar\/es\/los-vinos-de-altura-de-5-bodegas-mendocinas-despiertan-fuerte-interes-en-la-feria-foodex-japon\/","title":{"rendered":"Los vinos de altura de 5 bodegas mendocinas despiertan fuerte inter\u00e9s en la feria Foodex Jap\u00f3n"},"content":{"rendered":"\n<h4 class=\"wp-block-heading\"><em><strong>La experta enviada de ProMendoza al pa\u00eds del Sol Naciente, Carolina Su\u00e1rez Garc\u00e9s, dict\u00f3 una clase magistral para importadores locales sobre vinos de alta gama de zonas de altura, enfocada en las etiquetas de las bodegas Alma Austral, Ambros\u00eda, Catena, Do\u00f1a Paula y Flichman.<\/strong><\/em><\/h4>\n\n\n\n<div style=\"height:35px\" aria-hidden=\"true\" class=\"wp-block-spacer\"><\/div>\n\n\n<a href=\"https:\/\/grupoaltasur.com\/\" aria-label=\"1700-500px\"><img loading=\"lazy\" decoding=\"async\" src=\"https:\/\/enolife.com.ar\/es\/wp-content\/uploads\/2021\/01\/1700-500px.jpg\" alt=\"\"  srcset=\"https:\/\/enolife.com.ar\/es\/wp-content\/uploads\/2021\/01\/1700-500px.jpg 1700w, https:\/\/enolife.com.ar\/es\/wp-content\/uploads\/2021\/01\/1700-500px-300x88.jpg 300w, https:\/\/enolife.com.ar\/es\/wp-content\/uploads\/2021\/01\/1700-500px-1024x301.jpg 1024w, https:\/\/enolife.com.ar\/es\/wp-content\/uploads\/2021\/01\/1700-500px-768x226.jpg 768w, https:\/\/enolife.com.ar\/es\/wp-content\/uploads\/2021\/01\/1700-500px-1536x452.jpg 1536w, https:\/\/enolife.com.ar\/es\/wp-content\/uploads\/2021\/01\/1700-500px-1170x344.jpg 1170w, https:\/\/enolife.com.ar\/es\/wp-content\/uploads\/2021\/01\/1700-500px-585x172.jpg 585w\" sizes=\"auto, (max-width: 1700px) 100vw, 1700px\" width=\"1700\" height=\"500\"   \/><\/a>\n\n\n<div style=\"height:45px\" aria-hidden=\"true\" class=\"wp-block-spacer\"><\/div>\n\n\n\n<p>Invitada por los organizadores de la feria <strong>Foodex Jap\u00f3n 2025<\/strong>, <strong>Carolina Su\u00e1rez Garc\u00e9s, <\/strong>responsable de Relaciones Institucionales de <strong>ProMendoza<\/strong> -la agencia estatal de promoci\u00f3n de los productos mendocinos en el exterior-, dict\u00f3 una&nbsp;<em>master class<\/em>&nbsp;(clase magistral) para importadores de todo el mundo, enfocada en los vinos de altura de <strong>Mendoza<\/strong>. All\u00ed fueron presentadas y degustadas etiquetas de cinco vi\u00f1edos pertenecientes a las bodegas <strong>Alma Austral, Ambros\u00eda, Catena, Do\u00f1a Paula y Flichman.<\/strong><\/p>\n\n\n\n<p><em>\u00abLos organizadores del evento nos pidieron una charla con degustaci\u00f3n enfocada en vinos de alta gama, con etiquetas premiadas y que no se comercialicen en Jap\u00f3n todav\u00eda. As\u00ed se organiz\u00f3 una charla enfocada en vinos de altura, que destacan a nuestra provincia y la colocan en un lugar con poca competencia mundial\u00bb<\/em>, cont\u00f3 Su\u00e1rez Garc\u00e9s.<\/p>\n\n\n\n<p><em>\u00abLa presentaci\u00f3n destac\u00f3 a nuestra provincia como la principal regi\u00f3n vitivin\u00edcola de Argentina y una de las Grandes Capitales del Vino del mundo. Ubicada al pie de la imponente Cordillera de los Andes, Mendoza es reconocida por sus vi\u00f1edos de altura y excepcionales vinos. Los asistentes disfrutaron de algunos de los mejores vinos galardonados y de alta gama, descubriendo as\u00ed por qu\u00e9 son tan especiales\u00bb<\/em>, agreg\u00f3.<\/p>\n\n\n\n<div style=\"height:30px\" aria-hidden=\"true\" class=\"wp-block-spacer\"><\/div>\n\n\n<div class=\"wp-block-image\">\n<figure class=\"aligncenter size-full is-resized\"><a href=\"https:\/\/enolife.com.ar\/es\/wp-content\/uploads\/2025\/03\/d8000687-0d81-2822-dd63-bc52b2dcd6be-1.jpeg\" data-rel=\"penci-gallery-image-content\" ><img loading=\"lazy\" decoding=\"async\" src=\"https:\/\/enolife.com.ar\/es\/wp-content\/uploads\/2025\/03\/d8000687-0d81-2822-dd63-bc52b2dcd6be-1.jpeg\" alt=\"\" class=\"wp-image-140789\" width=\"568\" height=\"426\" srcset=\"https:\/\/enolife.com.ar\/es\/wp-content\/uploads\/2025\/03\/d8000687-0d81-2822-dd63-bc52b2dcd6be-1.jpeg 1000w, https:\/\/enolife.com.ar\/es\/wp-content\/uploads\/2025\/03\/d8000687-0d81-2822-dd63-bc52b2dcd6be-1-300x225.jpeg 300w, https:\/\/enolife.com.ar\/es\/wp-content\/uploads\/2025\/03\/d8000687-0d81-2822-dd63-bc52b2dcd6be-1-768x576.jpeg 768w, https:\/\/enolife.com.ar\/es\/wp-content\/uploads\/2025\/03\/d8000687-0d81-2822-dd63-bc52b2dcd6be-1-585x439.jpeg 585w\" sizes=\"auto, (max-width: 568px) 100vw, 568px\" \/><\/a><figcaption class=\"wp-element-caption\"><em><strong>Masashi Kato, presidente de Aichi Uruguay, Carolina Su\u00e1rez Garc\u00e9s e Iv\u00e1n Acu\u00f1a, de Biosophy<\/strong><\/em>.<\/figcaption><\/figure><\/div>\n\n\n<div style=\"height:35px\" aria-hidden=\"true\" class=\"wp-block-spacer\"><\/div>\n\n\n\n<p class=\"has-medium-font-size\"><strong>Turismo y alimentos en la agenda de la misi\u00f3n a Jap\u00f3n<\/strong><\/p>\n\n\n\n<p>Durante la misi\u00f3n a <strong>Jap\u00f3n<\/strong> hubo reuniones en la <strong>Embajada argentina<\/strong> para promocionar Mendoza como destino tur\u00edstico y presentar productos mendocinos, como ajo, or\u00e9gano, carne y aceite de oliva, adem\u00e1s de los vinos.<\/p>\n\n\n\n<p>Su\u00e1rez Garc\u00e9s tambi\u00e9n se reuni\u00f3 con varias agencias de turismo japonesas para presentar a Mendoza como destino de viajes. Estuvo junto a representantes como <strong>Yasuyuki Ono, <\/strong>de la agencia de viajes<strong> Nippon Travel Agency<\/strong>, la cuarta m\u00e1s grande de Jap\u00f3n, y <strong>Ai Sakata, <\/strong>de<strong> Eurasia Travel<\/strong>, que ofrece paquetes tur\u00edsticos a Argentina, incluyendo destinos como el glaciar Perito Moreno y el cerro Fitz Roy, entre otras.<\/p>\n\n\n\n<div style=\"height:35px\" aria-hidden=\"true\" class=\"wp-block-spacer\"><\/div>\n\n\n<div class=\"wp-block-image\">\n<figure class=\"aligncenter size-full is-resized\"><a href=\"https:\/\/enolife.com.ar\/es\/wp-content\/uploads\/2025\/03\/WhatsApp-Image-2025-03-14-at-19.40.10.jpg\" data-rel=\"penci-gallery-image-content\" ><img loading=\"lazy\" decoding=\"async\" src=\"https:\/\/enolife.com.ar\/es\/wp-content\/uploads\/2025\/03\/WhatsApp-Image-2025-03-14-at-19.40.10.jpg\" alt=\"\" class=\"wp-image-140796\" width=\"630\" height=\"422\" srcset=\"https:\/\/enolife.com.ar\/es\/wp-content\/uploads\/2025\/03\/WhatsApp-Image-2025-03-14-at-19.40.10.jpg 664w, https:\/\/enolife.com.ar\/es\/wp-content\/uploads\/2025\/03\/WhatsApp-Image-2025-03-14-at-19.40.10-300x201.jpg 300w, https:\/\/enolife.com.ar\/es\/wp-content\/uploads\/2025\/03\/WhatsApp-Image-2025-03-14-at-19.40.10-585x392.jpg 585w\" sizes=\"auto, (max-width: 630px) 100vw, 630px\" \/><\/a><\/figure><\/div>\n\n\n<div style=\"height:30px\" aria-hidden=\"true\" class=\"wp-block-spacer\"><\/div>\n\n\n\n<p>Por otro lado, la enviada de ProMendoza cont\u00f3 qu\u00e9 empresas japonesas se mostraron muy interesadas en la oferta exportable de la provincia. Por ejemplo, <strong>Naoyuki Terashita, <\/strong>de<strong> CGC Japan<\/strong>, una organizaci\u00f3n cooperativa de supermercados, mostr\u00f3 inter\u00e9s en distintos alimentos mendocinos.<\/p>\n\n\n\n<p><strong>Ryo Aoi, de Hikarigaoka Corporation<\/strong>, que ha participado en seminarios organizados por la Embajada argentina en Jap\u00f3n sobre productos argentinos, solicit\u00f3 informaci\u00f3n acerca de proveedores de vino en caja.<\/p>\n\n\n\n<p><strong>Kaoru Kitayama, <\/strong>importadora especializada en vinos argentinos, destac\u00f3 la calidad y la pasi\u00f3n de los productores mendocinos. <em>\u00abContinuaremos en conversaciones con las empresas para acercarles las ofertas exportables de Mendoza y colaborar con la Embajada para promocionar la regi\u00f3n en Jap\u00f3n\u00bb<\/em>, concluy\u00f3 Su\u00e1rez Garc\u00e9s.<\/p>\n\n\n\n<div style=\"height:30px\" aria-hidden=\"true\" class=\"wp-block-spacer\"><\/div>\n","protected":false},"excerpt":{"rendered":"<p>La experta enviada de ProMendoza al pa\u00eds del Sol Naciente, Carolina Su\u00e1rez Garc\u00e9s, dict\u00f3 una&hellip;<\/p>\n","protected":false},"author":2,"featured_media":140791,"comment_status":"open","ping_status":"open","sticky":false,"template":"","format":"standard","meta":{"footnotes":""},"categories":[10],"tags":[],"class_list":["post-140786","post","type-post","status-publish","format-standard","has-post-thumbnail","hentry","category-ferias"],"_links":{"self":[{"href":"https:\/\/enolife.com.ar\/es\/wp-json\/wp\/v2\/posts\/140786","targetHints":{"allow":["GET"]}}],"collection":[{"href":"https:\/\/enolife.com.ar\/es\/wp-json\/wp\/v2\/posts"}],"about":[{"href":"https:\/\/enolife.com.ar\/es\/wp-json\/wp\/v2\/types\/post"}],"author":[{"embeddable":true,"href":"https:\/\/enolife.com.ar\/es\/wp-json\/wp\/v2\/users\/2"}],"replies":[{"embeddable":true,"href":"https:\/\/enolife.com.ar\/es\/wp-json\/wp\/v2\/comments?post=140786"}],"version-history":[{"count":0,"href":"https:\/\/enolife.com.ar\/es\/wp-json\/wp\/v2\/posts\/140786\/revisions"}],"wp:featuredmedia":[{"embeddable":true,"href":"https:\/\/enolife.com.ar\/es\/wp-json\/wp\/v2\/media\/140791"}],"wp:attachment":[{"href":"https:\/\/enolife.com.ar\/es\/wp-json\/wp\/v2\/media?parent=140786"}],"wp:term":[{"taxonomy":"category","embeddable":true,"href":"https:\/\/enolife.com.ar\/es\/wp-json\/wp\/v2\/categories?post=140786"},{"taxonomy":"post_tag","embeddable":true,"href":"https:\/\/enolife.com.ar\/es\/wp-json\/wp\/v2\/tags?post=140786"}],"curies":[{"name":"wp","href":"https:\/\/api.w.org\/{rel}","templated":true}]}}