{"id":14074,"date":"2020-06-07T14:10:01","date_gmt":"2020-06-07T14:10:01","guid":{"rendered":"http:\/\/enolife.com.ar\/es\/?p=14074"},"modified":"2020-06-09T17:39:27","modified_gmt":"2020-06-09T17:39:27","slug":"la-sommelier-paz-levinson-y-expertos-de-chile-y-uruguay-disertaran-sobre-el-comercio-del-vino","status":"publish","type":"post","link":"https:\/\/enolife.com.ar\/es\/la-sommelier-paz-levinson-y-expertos-de-chile-y-uruguay-disertaran-sobre-el-comercio-del-vino\/","title":{"rendered":"La sommelier Paz Levinson y expertos de Chile y Uruguay disertar\u00e1n sobre el comercio del vino"},"content":{"rendered":"\n<h4 class=\"wp-block-heading\"><em><strong>El martes 9 de junio, el Consorcio Regional de Experimentaci\u00f3n Agr\u00edcola&nbsp;(CREA) de la Regi\u00f3n Valle Cordillerano, ofrecer\u00e1 su 5o. cap\u00edtulo del \u00abCiclo de charlas en casa\u00bb, con el encuentro \u00abDe la copa al surco, nuestros vinos y su proyecci\u00f3n comercial\u00bb. Los disertantes ser\u00e1n los destacados sommeliers Paz Levinson, de Argentina; Daniel Pisano de Uruguay y H\u00e9ctor Riquelme, de Chile.<\/strong><\/em><\/h4>\n\n\n\n<div style=\"height:20px\" aria-hidden=\"true\" class=\"wp-block-spacer\"><\/div>\n\n\n\n<p>La participaci\u00f3n a este webinar es libre y gratuita y la cita es el martes 9 de junio a las 17.30 hs. El link de inscripci\u00f3n y consultas est\u00e1 al pie de esta nota.<\/p>\n\n\n\n<div style=\"height:20px\" aria-hidden=\"true\" class=\"wp-block-spacer\"><\/div>\n\n\n\n<div class=\"wp-block-image\"><figure class=\"aligncenter size-large is-resized\"><img loading=\"lazy\" decoding=\"async\" src=\"https:\/\/enolife.com.ar\/es\/wp-content\/uploads\/2020\/06\/ciclo-charlas-en-casa-1024x939.jpg\" alt=\"\" class=\"wp-image-14075\" width=\"428\" height=\"391\" srcset=\"https:\/\/enolife.com.ar\/es\/wp-content\/uploads\/2020\/06\/ciclo-charlas-en-casa-1024x939.jpg 1024w, https:\/\/enolife.com.ar\/es\/wp-content\/uploads\/2020\/06\/ciclo-charlas-en-casa-300x275.jpg 300w, https:\/\/enolife.com.ar\/es\/wp-content\/uploads\/2020\/06\/ciclo-charlas-en-casa-768x704.jpg 768w\" sizes=\"auto, (max-width: 428px) 100vw, 428px\" \/><\/figure><\/div>\n\n\n\n<div style=\"height:20px\" aria-hidden=\"true\" class=\"wp-block-spacer\"><\/div>\n\n\n\n<p>Los tres disertantes son expertos de reconocida trayectoria en el mundo vitivin\u00edcola y representan a sus pa\u00edses de forma internacional:<\/p>\n\n\n\n<div style=\"height:20px\" aria-hidden=\"true\" class=\"wp-block-spacer\"><\/div>\n\n\n\n<div class=\"wp-block-image\"><figure class=\"alignleft is-resized\"><img loading=\"lazy\" decoding=\"async\" src=\"http:\/\/pazlevinson.com\/wp-content\/uploads\/2018\/07\/about.jpg\" alt=\"\" width=\"379\" height=\"308\"\/><\/figure><\/div>\n\n\n\n<p class=\"has-medium-font-size\"><strong> Paz Levinson <\/strong><\/p>\n\n\n\n<p>Nacida en Bariloche es licenciada en literatura pero su amor por el vino la llev\u00f3 a formarse como sommelier en el en el Centro Argentino de Vinos y Espirituosos (CAVE), donde tras recibirse fue profesora durante 5 a\u00f1os. Se convirti\u00f3 en la primera persona en Argentina en obtener el Court of Master Sommeliers\u2019 Advanced Sommelier Certificate<em>.<\/em>&nbsp;Qued\u00f3 cuarta en el Campeonato Mundial de Sumilleres que se celebr\u00f3 en Mendoza en 2016. Es sobrina de la destacada presentadora y periodista mendocina Lila Levinson.<\/p>\n\n\n\n<p>Levinson se perfeccion\u00f3  en EEUU junto a Rajat Parr, en Inglaterra con Gerard Basset (ASI Mejor Sommellier del Mundo 2010, MW MS), en Suecia junto a Rub\u00e9n Sanz Ramiro en la cava curada por Andreas Larsson, y en Canad\u00e1 junto a Veronique Rivest. En 2013 vivi\u00f3 en Shanghai, China, y luego se instal\u00f3 en Par\u00eds donde trabaj\u00f3 en Le Bristol, Epicure (3 estrellas Michelin) y en el proyecto Virtus, junto a Chiho Kanzaki y Marcelo Di Gi\u00e1como. Actualmente forma parte del panel de cata de Decanter World Wine Awards donde cata para Argentina, y es la Sommellier Ejecutiva de Groupe PIC, restaurantes en Francia, Suiza y UK de la multipremiada chef Anne-Sophie Pic. <\/p>\n\n\n\n<div style=\"height:20px\" aria-hidden=\"true\" class=\"wp-block-spacer\"><\/div>\n\n\n\n<div class=\"wp-block-image\"><figure class=\"alignleft is-resized\"><img loading=\"lazy\" decoding=\"async\" src=\"https:\/\/www.revistanos.cl\/wp-content\/uploads\/2009\/04\/sommelier-530x347.jpg\" alt=\"sommelier\" width=\"405\" height=\"265\"\/><\/figure><\/div>\n\n\n\n<p class=\"has-medium-font-size\"><strong>H\u00e9ctor Riquelme<\/strong><\/p>\n\n\n\n<p>Naci\u00f3 en Concepci\u00f3n, Chile y lleva m\u00e1s de 20 a\u00f1os dedicados al mundo de los hoteles y restaurantes. Estudi\u00f3 administraci\u00f3n de hoteles y es egresado de la primera generaci\u00f3n de sommeliers profesionales de la Escuela de Sommeliers de Chile.<\/p>\n\n\n\n<p>Fue elegido mejor Sommelier de Chile en el a\u00f1o 2005. De 2004 a 2013 fue coautor de la gu\u00eda de vinos \u00abDescorchados\u00bb junto al Periodista Patricio Tapia. Desde hace ocho a\u00f1os es jurado en los DWWA de la prestigiosa revista Decanter; miembro del jurado de los premios a los vinos innovadores y mejores en\u00f3logos de Chile; de la revista Del Campo; de Wik\u00e9n de el diario El Mercurio; presidente del jurado de concursos como Catad&#8217;or Ancestral y el Top Ten de Expovinis en Brasil. Actualmente es consultor de diferentes hoteles, restaurantes y bodegas en Chile y Argentina.<\/p>\n\n\n\n<div style=\"height:20px\" aria-hidden=\"true\" class=\"wp-block-spacer\"><\/div>\n\n\n\n<div class=\"wp-block-image\"><figure class=\"alignleft size-large is-resized\"><img loading=\"lazy\" decoding=\"async\" src=\"https:\/\/enolife.com.ar\/es\/wp-content\/uploads\/2020\/06\/image-3.png\" alt=\"\" class=\"wp-image-14085\" width=\"390\" height=\"266\" srcset=\"https:\/\/enolife.com.ar\/es\/wp-content\/uploads\/2020\/06\/image-3.png 747w, https:\/\/enolife.com.ar\/es\/wp-content\/uploads\/2020\/06\/image-3-300x204.png 300w, https:\/\/enolife.com.ar\/es\/wp-content\/uploads\/2020\/06\/image-3-585x399.png 585w\" sizes=\"auto, (max-width: 390px) 100vw, 390px\" \/><\/figure><\/div>\n\n\n\n<p class=\"has-medium-font-size\"><strong>Daniel Pisano<\/strong><\/p>\n\n\n\n<p>Es un viticultor uruguayo de la cuarta generaci\u00f3n en&nbsp;Bodegas Pisano Vineyards. Fundada por pioneros italianos, esta bodega lleva m\u00e1s de 150 a\u00f1os de tradici\u00f3n vi\u00f1atera. La historia comienza en 1870, cuando Francesco Pisano llega a Uruguay. En 1914 lo sigui\u00f3 su hijo Don C\u00e9sare Secundino Pisano, instal\u00e1ndose en la zona de Progreso, en Canelones, donde plant\u00f3 los vi\u00f1edos originales. La vendimia de 1924 le permiti\u00f3 elaborar su primer vino, fruto de la experiencia que le hab\u00eda trasmitido su padre y que tra\u00eda consigo desde La Liguria natal. Producen vinos finos de alta calidad en forma artesanal.  Trabaja junto a sus dos hermanos, Gustavo y Eduardo. <\/p>\n\n\n\n<div style=\"height:20px\" aria-hidden=\"true\" class=\"wp-block-spacer\"><\/div>\n\n\n\n<p class=\"has-background has-luminous-vivid-amber-background-color\"><strong>Para inscribirse se deben completar los datos en el siguiente link: <a href=\"https:\/\/forms.gle\/3SfTSeMUb8rsnrNN9\">Ciclo charlas en casa de CREA <\/a><br>Consultas: <a href=\"mailto:vallescordilleranos@crea.org.ar\">vallescordilleranos@crea.org.ar<\/a> \u00f3 <a href=\"mailto:buschiazzo@fucrea.org\">buschiazzo@fucrea.org<\/a><\/strong><\/p>\n\n\n\n<div style=\"height:20px\" aria-hidden=\"true\" class=\"wp-block-spacer\"><\/div>\n\n\n\n<p class=\"has-small-font-size\"><strong><em>Fuentes:  pazlevinson.com, premiumtasting.com.ar y pisanowines.com<\/em><\/strong><\/p>\n","protected":false},"excerpt":{"rendered":"<p>El martes 9 de junio, el Consorcio Regional de Experimentaci\u00f3n Agr\u00edcola&nbsp;(CREA) de la Regi\u00f3n Valle&hellip;<\/p>\n","protected":false},"author":3,"featured_media":14098,"comment_status":"open","ping_status":"open","sticky":false,"template":"","format":"standard","meta":{"footnotes":""},"categories":[47],"tags":[],"class_list":["post-14074","post","type-post","status-publish","format-standard","has-post-thumbnail","hentry","category-agenda"],"_links":{"self":[{"href":"https:\/\/enolife.com.ar\/es\/wp-json\/wp\/v2\/posts\/14074","targetHints":{"allow":["GET"]}}],"collection":[{"href":"https:\/\/enolife.com.ar\/es\/wp-json\/wp\/v2\/posts"}],"about":[{"href":"https:\/\/enolife.com.ar\/es\/wp-json\/wp\/v2\/types\/post"}],"author":[{"embeddable":true,"href":"https:\/\/enolife.com.ar\/es\/wp-json\/wp\/v2\/users\/3"}],"replies":[{"embeddable":true,"href":"https:\/\/enolife.com.ar\/es\/wp-json\/wp\/v2\/comments?post=14074"}],"version-history":[{"count":0,"href":"https:\/\/enolife.com.ar\/es\/wp-json\/wp\/v2\/posts\/14074\/revisions"}],"wp:featuredmedia":[{"embeddable":true,"href":"https:\/\/enolife.com.ar\/es\/wp-json\/wp\/v2\/media\/14098"}],"wp:attachment":[{"href":"https:\/\/enolife.com.ar\/es\/wp-json\/wp\/v2\/media?parent=14074"}],"wp:term":[{"taxonomy":"category","embeddable":true,"href":"https:\/\/enolife.com.ar\/es\/wp-json\/wp\/v2\/categories?post=14074"},{"taxonomy":"post_tag","embeddable":true,"href":"https:\/\/enolife.com.ar\/es\/wp-json\/wp\/v2\/tags?post=14074"}],"curies":[{"name":"wp","href":"https:\/\/api.w.org\/{rel}","templated":true}]}}