{"id":140730,"date":"2025-03-14T18:52:05","date_gmt":"2025-03-14T18:52:05","guid":{"rendered":"https:\/\/enolife.com.ar\/es\/?p=140730"},"modified":"2025-03-16T21:14:00","modified_gmt":"2025-03-16T21:14:00","slug":"se-amplia-la-frontera-de-la-vitivinicultura-argentina-ya-cosechan-pinot-noir-en-el-inta-de-trelew","status":"publish","type":"post","link":"https:\/\/enolife.com.ar\/es\/se-amplia-la-frontera-de-la-vitivinicultura-argentina-ya-cosechan-pinot-noir-en-el-inta-de-trelew\/","title":{"rendered":"Se ampl\u00eda la frontera de la vitivinicultura argentina: ya cosechan pinot noir en el INTA de Trelew"},"content":{"rendered":"\n<h4 class=\"wp-block-heading\"><em><strong>La cosecha de uvas ya est\u00e1 en marcha en los vi\u00f1edos del Instituto Nacional de Tecnolog\u00eda Agropecuaria (INTA) del Valle Inferior del Chubut, m\u00e1s precisamente en la ciudad de Trelew, a pocos kil\u00f3metros del Oc\u00e9ano Atl\u00e1ntico, con la variedad pinot noir como la primera en madurar. En esta regi\u00f3n patag\u00f3nica mar\u00edtima se proyecta una producci\u00f3n de 15.000 litros de vino, reflejando el crecimiento del sector vitivin\u00edcola en la regi\u00f3n.<\/strong><\/em><\/h4>\n\n\n\n<div style=\"height:36px\" aria-hidden=\"true\" class=\"wp-block-spacer\"><\/div>\n\n\n\n\n\n<div style=\"height:45px\" aria-hidden=\"true\" class=\"wp-block-spacer\"><\/div>\n\n\n\n<p>La&nbsp;vendimia 2025&nbsp;comenz\u00f3 en la primera semana de marzo en los vi\u00f1edos del <strong>Instituto Nacional de Tecnolog\u00eda Agropecuaria (INTA) <\/strong>de<strong> Trelew&nbsp;<\/strong>con la cosecha de la primera variedad en madurar:&nbsp;<strong>pinot noir<\/strong>. Esta cepa, de ciclo corto, demuestra&nbsp;una excelente adaptaci\u00f3n y maduraci\u00f3n en el <strong>Valle Inferior del R\u00edo Chubut (VIRCh), c<\/strong>onvirti\u00e9ndose en una de las principales apuestas de los productores locales.<\/p>\n\n\n\n<div style=\"height:30px\" aria-hidden=\"true\" class=\"wp-block-spacer\"><\/div>\n\n\n<div class=\"wp-block-image\">\n<figure class=\"aligncenter size-large is-resized\"><a href=\"https:\/\/enolife.com.ar\/es\/wp-content\/uploads\/2025\/03\/1741784532966.webp\"><img loading=\"lazy\" decoding=\"async\" src=\"https:\/\/enolife.com.ar\/es\/wp-content\/uploads\/2025\/03\/1741784532966-1024x583.webp\" alt=\"\" class=\"wp-image-140736\" width=\"653\" height=\"372\" srcset=\"https:\/\/enolife.com.ar\/es\/wp-content\/uploads\/2025\/03\/1741784532966-1024x583.webp 1024w, https:\/\/enolife.com.ar\/es\/wp-content\/uploads\/2025\/03\/1741784532966-300x171.webp 300w, https:\/\/enolife.com.ar\/es\/wp-content\/uploads\/2025\/03\/1741784532966-768x437.webp 768w, https:\/\/enolife.com.ar\/es\/wp-content\/uploads\/2025\/03\/1741784532966-1170x666.webp 1170w, https:\/\/enolife.com.ar\/es\/wp-content\/uploads\/2025\/03\/1741784532966-585x333.webp 585w, https:\/\/enolife.com.ar\/es\/wp-content\/uploads\/2025\/03\/1741784532966.webp 1315w\" sizes=\"auto, (max-width: 653px) 100vw, 653px\" \/><\/a><\/figure><\/div>\n\n\n<div style=\"height:30px\" aria-hidden=\"true\" class=\"wp-block-spacer\"><\/div>\n\n\n\n<p>En la sala de elaboraci\u00f3n de INTA Trelew, adem\u00e1s del&nbsp;pinot noir<strong>,<\/strong>&nbsp;se procesan otras variedades como&nbsp;m<strong>albec, cabernet franc, merlot, syrah y cabernet sauvignon<\/strong>. Sin embargo, los vi\u00f1edos de la regi\u00f3n est\u00e1n mayormente compuestos por&nbsp;pinot noir, cabernet franc y malbec, que ingresan a la sala en ese orden para su procesamiento.<\/p>\n\n\n\n<p>El procedimiento comienza con la molienda, seguida de la fermentaci\u00f3n y la fermentaci\u00f3n malol\u00e1ctica, y para enero o febrero del pr\u00f3ximo a\u00f1o se prev\u00e9 el embotellado del vino cosechado en esta temporada.<\/p>\n\n\n\n<p><em>\u00abEste a\u00f1o podr\u00edamos alcanzar los 15.000 litros de vino, un 30% m\u00e1s que el a\u00f1o pasado\u00bb,<\/em> indic\u00f3 <strong>Bel\u00e9n Pugh, <\/strong>ingeniera agr\u00f3noma y t\u00e9cnica en\u00f3loga de INTA Chubut, responsable de la sala de elaboraci\u00f3n en Trelew.<\/p>\n\n\n\n<div style=\"height:30px\" aria-hidden=\"true\" class=\"wp-block-spacer\"><\/div>\n\n\n<div class=\"wp-block-image\">\n<figure class=\"aligncenter size-full is-resized\"><a href=\"https:\/\/enolife.com.ar\/es\/wp-content\/uploads\/2025\/03\/WhatsApp-Image-2025-03-11-at-2.05.03-PM.jpeg\" data-rel=\"penci-gallery-image-content\" ><img loading=\"lazy\" decoding=\"async\" src=\"https:\/\/enolife.com.ar\/es\/wp-content\/uploads\/2025\/03\/WhatsApp-Image-2025-03-11-at-2.05.03-PM.jpeg\" alt=\"\" class=\"wp-image-140737\" width=\"595\" height=\"363\" srcset=\"https:\/\/enolife.com.ar\/es\/wp-content\/uploads\/2025\/03\/WhatsApp-Image-2025-03-11-at-2.05.03-PM.jpeg 711w, https:\/\/enolife.com.ar\/es\/wp-content\/uploads\/2025\/03\/WhatsApp-Image-2025-03-11-at-2.05.03-PM-300x183.jpeg 300w, https:\/\/enolife.com.ar\/es\/wp-content\/uploads\/2025\/03\/WhatsApp-Image-2025-03-11-at-2.05.03-PM-585x357.jpeg 585w\" sizes=\"auto, (max-width: 595px) 100vw, 595px\" \/><\/a><\/figure><\/div>\n\n\n<div style=\"height:30px\" aria-hidden=\"true\" class=\"wp-block-spacer\"><\/div>\n\n\n\n<p>En esta vendimia se espera una excelente cosecha, con la recepci\u00f3n de uvas provenientes de 8 productores locales, lo que refleja el crecimiento sostenido de la vitivinicultura en la regi\u00f3n. Con el avance de la temporada, se consolidan las expectativas de seguir posicionando los vinos patag\u00f3nicos en el mercado, destacando la calidad y singularidad que aporta el terroir del VIRCh.<\/p>\n\n\n\n<div style=\"height:15px\" aria-hidden=\"true\" class=\"wp-block-spacer\"><\/div>\n\n\n\n<p class=\"has-small-font-size\"><em><strong>Fuente: Diario El Chubut<\/strong><\/em><\/p>\n\n\n\n<div style=\"height:30px\" aria-hidden=\"true\" class=\"wp-block-spacer\"><\/div>\n","protected":false},"excerpt":{"rendered":"<p>La cosecha de uvas ya est\u00e1 en marcha en los vi\u00f1edos del Instituto Nacional de&hellip;<\/p>\n","protected":false},"author":2,"featured_media":140734,"comment_status":"open","ping_status":"open","sticky":false,"template":"","format":"standard","meta":{"footnotes":""},"categories":[14],"tags":[],"class_list":["post-140730","post","type-post","status-publish","format-standard","has-post-thumbnail","hentry","category-news"],"_links":{"self":[{"href":"https:\/\/enolife.com.ar\/es\/wp-json\/wp\/v2\/posts\/140730","targetHints":{"allow":["GET"]}}],"collection":[{"href":"https:\/\/enolife.com.ar\/es\/wp-json\/wp\/v2\/posts"}],"about":[{"href":"https:\/\/enolife.com.ar\/es\/wp-json\/wp\/v2\/types\/post"}],"author":[{"embeddable":true,"href":"https:\/\/enolife.com.ar\/es\/wp-json\/wp\/v2\/users\/2"}],"replies":[{"embeddable":true,"href":"https:\/\/enolife.com.ar\/es\/wp-json\/wp\/v2\/comments?post=140730"}],"version-history":[{"count":0,"href":"https:\/\/enolife.com.ar\/es\/wp-json\/wp\/v2\/posts\/140730\/revisions"}],"wp:featuredmedia":[{"embeddable":true,"href":"https:\/\/enolife.com.ar\/es\/wp-json\/wp\/v2\/media\/140734"}],"wp:attachment":[{"href":"https:\/\/enolife.com.ar\/es\/wp-json\/wp\/v2\/media?parent=140730"}],"wp:term":[{"taxonomy":"category","embeddable":true,"href":"https:\/\/enolife.com.ar\/es\/wp-json\/wp\/v2\/categories?post=140730"},{"taxonomy":"post_tag","embeddable":true,"href":"https:\/\/enolife.com.ar\/es\/wp-json\/wp\/v2\/tags?post=140730"}],"curies":[{"name":"wp","href":"https:\/\/api.w.org\/{rel}","templated":true}]}}