{"id":140128,"date":"2025-03-08T00:07:46","date_gmt":"2025-03-08T00:07:46","guid":{"rendered":"https:\/\/enolife.com.ar\/es\/?p=140128"},"modified":"2025-03-09T15:09:25","modified_gmt":"2025-03-09T15:09:25","slug":"fiesta-de-la-cosecha-decadentes-sinfonicos-y-artistas-locales-junto-a-15-000-fans-en-el-aeropuerto","status":"publish","type":"post","link":"https:\/\/enolife.com.ar\/es\/fiesta-de-la-cosecha-decadentes-sinfonicos-y-artistas-locales-junto-a-15-000-fans-en-el-aeropuerto\/","title":{"rendered":"Fiesta de la Cosecha: Decadentes sinf\u00f3nicos y artistas locales junto a 15.000 fans en el Aeropuerto"},"content":{"rendered":"\n<h4 class=\"wp-block-heading\"><em><strong>Como desde hace 24 a\u00f1os, la Fiesta de la Cosecha -organizada por el Fondo Vitivin\u00edcola- ofreci\u00f3 un espect\u00e1culo imponente y sin precedentes. El vi\u00f1edo del Aeropuerto Internacional de Mendoza vibr\u00f3 con la energ\u00eda de la banda de rock Los Aut\u00e9nticos Decadentes, la Orquesta Filarm\u00f3nica de Mendoza y destacados artistas locales en un concierto dirigido por el maestro Gustavo \u201cPopi\u201d Spatocco.<\/strong><\/em><\/h4>\n\n\n\n<div style=\"height:35px\" aria-hidden=\"true\" class=\"wp-block-spacer\"><\/div>\n\n\n<a href=\"https:\/\/www.linkedin.com\/company\/agrinet-sa\/?originalSubdomain=ar\" aria-label=\"1700X500\"><img loading=\"lazy\" decoding=\"async\" src=\"https:\/\/enolife.com.ar\/es\/wp-content\/uploads\/2021\/11\/1700X500.gif\" alt=\"\"  width=\"1700\" height=\"500\"   \/><\/a>\n\n\n<div style=\"height:45px\" aria-hidden=\"true\" class=\"wp-block-spacer\"><\/div>\n\n\n\n<p>M\u00e1s de 15.000 mil personas en el predio y m\u00e1s de 10.000 sigui\u00e9ndo la transmisi\u00f3n por streaming, agitaron una fiesta sin precedentes junto a <strong>Los Aut\u00e9nticos Decadentes<\/strong>, la <strong>Orquesta Filarm\u00f3nica de Mendoza<\/strong> y los artistas mendocinos, en una noche repleta de baile, hits y momentos de pura pasi\u00f3n popular.<\/p>\n\n\n\n<div style=\"height:30px\" aria-hidden=\"true\" class=\"wp-block-spacer\"><\/div>\n\n\n<div class=\"wp-block-image\">\n<figure class=\"aligncenter size-full is-resized\"><a href=\"https:\/\/enolife.com.ar\/es\/wp-content\/uploads\/2025\/03\/7X1A6228.jpg\" data-rel=\"penci-gallery-image-content\" ><img loading=\"lazy\" decoding=\"async\" src=\"https:\/\/enolife.com.ar\/es\/wp-content\/uploads\/2025\/03\/7X1A6228.jpg\" alt=\"\" class=\"wp-image-140138\" width=\"646\" height=\"425\" srcset=\"https:\/\/enolife.com.ar\/es\/wp-content\/uploads\/2025\/03\/7X1A6228.jpg 760w, https:\/\/enolife.com.ar\/es\/wp-content\/uploads\/2025\/03\/7X1A6228-300x197.jpg 300w, https:\/\/enolife.com.ar\/es\/wp-content\/uploads\/2025\/03\/7X1A6228-585x385.jpg 585w\" sizes=\"auto, (max-width: 646px) 100vw, 646px\" \/><\/a><figcaption class=\"wp-element-caption\"><em><strong>Los Aut\u00e9nticos Decadentes, artistas locales y el director Popi Spatocco en la ovaci\u00f3n de despedida del concierto entre las vi\u00f1as del Aeropuerto Internacional de Mendoza<\/strong><\/em><strong><em>.<\/em><\/strong><\/figcaption><\/figure><\/div>\n\n\n<div style=\"height:30px\" aria-hidden=\"true\" class=\"wp-block-spacer\"><\/div>\n\n\n\n<p>Desde las 17 hs, las puertas del predio se abrieron para que los espectadores disfrutaran del vino, la gastronom\u00eda y los sets con los que el DJ Josse fue preparando la atm\u00f3sfera de los ritmos latinoamericanos. Luego, Lucho Aberastain con parte del repertorio de su disco \u201cEquilibrio\u201d cerr\u00f3 el Patio Malbec.<\/p>\n\n\n\n<div style=\"height:30px\" aria-hidden=\"true\" class=\"wp-block-spacer\"><\/div>\n\n\n<div class=\"wp-block-image\">\n<figure class=\"aligncenter size-full is-resized\"><a href=\"https:\/\/enolife.com.ar\/es\/wp-content\/uploads\/2025\/03\/DSC06036.jpg\" data-rel=\"penci-gallery-image-content\" ><img loading=\"lazy\" decoding=\"async\" src=\"https:\/\/enolife.com.ar\/es\/wp-content\/uploads\/2025\/03\/DSC06036.jpg\" alt=\"\" class=\"wp-image-140136\" width=\"626\" height=\"398\" srcset=\"https:\/\/enolife.com.ar\/es\/wp-content\/uploads\/2025\/03\/DSC06036.jpg 786w, https:\/\/enolife.com.ar\/es\/wp-content\/uploads\/2025\/03\/DSC06036-300x191.jpg 300w, https:\/\/enolife.com.ar\/es\/wp-content\/uploads\/2025\/03\/DSC06036-768x489.jpg 768w, https:\/\/enolife.com.ar\/es\/wp-content\/uploads\/2025\/03\/DSC06036-585x372.jpg 585w\" sizes=\"auto, (max-width: 626px) 100vw, 626px\" \/><\/a><figcaption class=\"wp-element-caption\"><em><strong>Todas las reinas departamentales, en la previa de la elecci\u00f3n final, este s\u00e1bado 8\/3 en el Anfiteatro Frank Romero Day.<\/strong><\/em><\/figcaption><\/figure><\/div>\n\n\n<div style=\"height:30px\" aria-hidden=\"true\" class=\"wp-block-spacer\"><\/div>\n\n\n\n<p>La<strong> Orquesta Filarm\u00f3nica de Mendoza<\/strong> y el <strong>maestro Gustavo \u201cPopi\u201d Spatocco<\/strong> dieron inicio al concierto con <strong>\u201cBrindis por la alegr\u00eda\u201d<\/strong>, una obra compuesta especialmente por el director, que reversion\u00f3 m\u00e1s de 30 cl\u00e1sicos populares del continente al ritmo de las im\u00e1genes que acompa\u00f1aron el paseo por <strong>Latinoam\u00e9rica<\/strong>. El aplauso fue cerrado y premonitorio: esa tarde-noche ser\u00eda hist\u00f3rica. No s\u00f3lo para la Filarm\u00f3nica, que celebraba sus 40 a\u00f1os de existencia, sino para todos los presentes que disfrutaban de la m\u00fasica en el vi\u00f1edo del aeropuerto.<\/p>\n\n\n\n<div style=\"height:45px\" aria-hidden=\"true\" class=\"wp-block-spacer\"><\/div>\n\n\n\n<figure class=\"wp-block-embed aligncenter is-type-video is-provider-youtube wp-block-embed-youtube wp-embed-aspect-16-9 wp-has-aspect-ratio\"><div class=\"wp-block-embed__wrapper\">\n<iframe loading=\"lazy\" title=\"Fiesta de la Cosecha 2025 - EN VIVO - JUEVES 6 DE MARZO 19:30\" width=\"1170\" height=\"658\" src=\"https:\/\/www.youtube.com\/embed\/2ReGpcF7X2s?start=1&#038;feature=oembed\" frameborder=\"0\" allow=\"accelerometer; autoplay; clipboard-write; encrypted-media; gyroscope; picture-in-picture; web-share\" referrerpolicy=\"strict-origin-when-cross-origin\" allowfullscreen><\/iframe>\n<\/div><\/figure>\n\n\n\n<div style=\"height:45px\" aria-hidden=\"true\" class=\"wp-block-spacer\"><\/div>\n\n\n\n<p>La selecci\u00f3n de tesoros del repertorio cuyano, a cargo de <strong>Nico Diez<\/strong>, fue entonando el \u00e1nimo del p\u00fablico, que acompa\u00f1\u00f3 con fervorosos aplausos. Todo el color local lleg\u00f3 de la mano de las cantoras mendocinas <strong>Yolanda Navarro<\/strong>, <strong>Yasm\u00edn Gonz\u00e1lez<\/strong> y <strong>Andrea Leguizam\u00f3n<\/strong> y de los m\u00fasicos <strong>Laureano Busse<\/strong>, <strong>Rub\u00e9n Mart\u00ednez<\/strong>, <strong>Exequiel Sandoval<\/strong>, <strong>Quique Oesch<\/strong> y <strong>Rodrigo Botacaulli.<\/strong><\/p>\n\n\n\n<div style=\"height:30px\" aria-hidden=\"true\" class=\"wp-block-spacer\"><\/div>\n\n\n<div class=\"wp-block-image\">\n<figure class=\"aligncenter size-full is-resized\"><a href=\"https:\/\/enolife.com.ar\/es\/wp-content\/uploads\/2025\/03\/DSC06007.jpg\" data-rel=\"penci-gallery-image-content\" ><img loading=\"lazy\" decoding=\"async\" src=\"https:\/\/enolife.com.ar\/es\/wp-content\/uploads\/2025\/03\/DSC06007.jpg\" alt=\"\" class=\"wp-image-140141\" width=\"619\" height=\"417\" srcset=\"https:\/\/enolife.com.ar\/es\/wp-content\/uploads\/2025\/03\/DSC06007.jpg 743w, https:\/\/enolife.com.ar\/es\/wp-content\/uploads\/2025\/03\/DSC06007-300x202.jpg 300w, https:\/\/enolife.com.ar\/es\/wp-content\/uploads\/2025\/03\/DSC06007-585x394.jpg 585w\" sizes=\"auto, (max-width: 619px) 100vw, 619px\" \/><\/a><\/figure><\/div>\n\n\n<div style=\"height:30px\" aria-hidden=\"true\" class=\"wp-block-spacer\"><\/div>\n\n\n\n<p>Luego del bloque cuyano lleg\u00f3 el momento del show que se convertir\u00eda en un pedazo de historia para la m\u00fasica popular argentina. <strong>Los Aut\u00e9nticos Decadentes<\/strong> subieron a escena, ovacionados por las miles de almas que los esperaban. Con el sonido \u00abfiestero\u00bb que los caracteriza se inici\u00f3 un recorrido adrenal\u00ednico y encendido que se mantuvo hasta el final. Con una filarm\u00f3nica sonando brillante y potente, el p\u00fablico bail\u00f3, cant\u00f3 a coro y acompa\u00f1\u00f3 a los Decadentes en los estribillos de <strong>\u201cSiga el baile\u201d<\/strong> y <strong>\u201cBes\u00e1ndote\u201d<\/strong>. La \u00edndole singular de este espect\u00e1culo que quedar\u00e1 en la memoria del rock nacional fue la articulaci\u00f3n de los arreglos sinf\u00f3nicos que realiz\u00f3 el maestro Spatocco para darle otra textura arm\u00f3nica a los hits del repertorio de Los Aut\u00e9nticos Decadentes: pura sutileza y elegancia para exaltar los compases pegadizos de los temas. Un acierto art\u00edstico total.<\/p>\n\n\n\n<div style=\"height:30px\" aria-hidden=\"true\" class=\"wp-block-spacer\"><\/div>\n\n\n\n<figure class=\"wp-block-gallery has-nested-images columns-default is-cropped wp-block-gallery-1 is-layout-flex wp-block-gallery-is-layout-flex\">\n<figure class=\"wp-block-image size-full\"><a href=\"https:\/\/enolife.com.ar\/es\/wp-content\/uploads\/2025\/03\/7X1A6204.jpg\" data-rel=\"penci-gallery-image-content\" ><img loading=\"lazy\" decoding=\"async\" width=\"576\" height=\"500\" data-id=\"140139\" src=\"https:\/\/enolife.com.ar\/es\/wp-content\/uploads\/2025\/03\/7X1A6204.jpg\" alt=\"\" class=\"wp-image-140139\" srcset=\"https:\/\/enolife.com.ar\/es\/wp-content\/uploads\/2025\/03\/7X1A6204.jpg 576w, https:\/\/enolife.com.ar\/es\/wp-content\/uploads\/2025\/03\/7X1A6204-300x260.jpg 300w\" sizes=\"auto, (max-width: 576px) 100vw, 576px\" \/><\/a><\/figure>\n\n\n\n<figure class=\"wp-block-image size-full\"><a href=\"https:\/\/enolife.com.ar\/es\/wp-content\/uploads\/2025\/03\/7X1A6128.jpg\" data-rel=\"penci-gallery-image-content\" ><img loading=\"lazy\" decoding=\"async\" width=\"659\" height=\"500\" data-id=\"140140\" src=\"https:\/\/enolife.com.ar\/es\/wp-content\/uploads\/2025\/03\/7X1A6128.jpg\" alt=\"\" class=\"wp-image-140140\" srcset=\"https:\/\/enolife.com.ar\/es\/wp-content\/uploads\/2025\/03\/7X1A6128.jpg 659w, https:\/\/enolife.com.ar\/es\/wp-content\/uploads\/2025\/03\/7X1A6128-300x228.jpg 300w, https:\/\/enolife.com.ar\/es\/wp-content\/uploads\/2025\/03\/7X1A6128-585x444.jpg 585w\" sizes=\"auto, (max-width: 659px) 100vw, 659px\" \/><\/a><\/figure>\n<\/figure>\n\n\n\n<div style=\"height:30px\" aria-hidden=\"true\" class=\"wp-block-spacer\"><\/div>\n\n\n\n<p>El espect\u00e1culo de la Fiesta de la Cosecha no s\u00f3lo se caracteriza por la conjunci\u00f3n de la m\u00fasica acad\u00e9mica con la popular sino tambi\u00e9n por el dise\u00f1o de puesta en escena que aportan las visuales al dispositivo esc\u00e9nico. Este a\u00f1o se lucieron en colorido y creatividad compositiva ligada al pop y el rock.<\/p>\n\n\n\n<p>Fue una fiesta, como cada a\u00f1o. Una en la que el p\u00fablico y sus artistas coincidieron con la voz, el coraz\u00f3n y las manos tendidas para el brindis con el vino que siempre nos une.<\/p>\n\n\n\n<div style=\"height:30px\" aria-hidden=\"true\" class=\"wp-block-spacer\"><\/div>\n\n\n<div class=\"wp-block-image\">\n<figure class=\"aligncenter size-full is-resized\"><a href=\"https:\/\/enolife.com.ar\/es\/wp-content\/uploads\/2025\/03\/DSC05897.jpg\" data-rel=\"penci-gallery-image-content\" ><img loading=\"lazy\" decoding=\"async\" src=\"https:\/\/enolife.com.ar\/es\/wp-content\/uploads\/2025\/03\/DSC05897.jpg\" alt=\"\" class=\"wp-image-140134\" width=\"661\" height=\"369\" srcset=\"https:\/\/enolife.com.ar\/es\/wp-content\/uploads\/2025\/03\/DSC05897-300x168.jpg 300w, https:\/\/enolife.com.ar\/es\/wp-content\/uploads\/2025\/03\/DSC05897-768x430.jpg 768w, https:\/\/enolife.com.ar\/es\/wp-content\/uploads\/2025\/03\/DSC05897-585x328.jpg 585w\" sizes=\"auto, (max-width: 661px) 100vw, 661px\" \/><\/a><figcaption class=\"wp-element-caption\"><em><strong>El gobernador de Mendoza, Alfredo Cornejo (centro), junto a funcionarios nacionales, ministros y dirigentes locales.<\/strong><\/em><\/figcaption><\/figure><\/div>\n\n\n<div style=\"height:30px\" aria-hidden=\"true\" class=\"wp-block-spacer\"><\/div>\n\n\n\n<p>A los miles de mendocinos dispuestos a disfrutar del espect\u00e1culo musical se sumaron intendentes, legisladores y referentes del sector productivo y de la cultura. Un lugar preferencial ocuparon las protagonistas de la Fiesta: la Reina Nacional de la Vendimia,<strong> Agostina Saua Carri\u00f3n<\/strong>, y la Virreina, <strong>Roc\u00edo Neila<\/strong>, as\u00ed como las candidatas departamentales que el pr\u00f3ximo s\u00e1bado competir\u00e1n por la corona.<\/p>\n\n\n\n<p>Estuvieron presentes el ministro de Defensa de Argentina, el mendocino <strong>Luis Petri<\/strong>; el gobernador <strong>Alfredo Cornejo<\/strong>, la vicegobernadora <strong>Hebe Casado<\/strong>; los intendentes <strong>Francisco Lo Presti<\/strong> (Las Heras) y <strong>Marcos Calvente<\/strong> (Guaymall\u00e9n) y la titular del Ente Mendoza Turismo (Emetur), <strong>Gabriela Testa,<\/strong> entre otros funcionarios del gobierno provincial.<\/p>\n\n\n\n<div style=\"height:30px\" aria-hidden=\"true\" class=\"wp-block-spacer\"><\/div>\n","protected":false},"excerpt":{"rendered":"<p>Como desde hace 24 a\u00f1os, la Fiesta de la Cosecha -organizada por el Fondo Vitivin\u00edcola-&hellip;<\/p>\n","protected":false},"author":2,"featured_media":140143,"comment_status":"open","ping_status":"open","sticky":false,"template":"","format":"standard","meta":{"footnotes":""},"categories":[56,14],"tags":[],"class_list":["post-140128","post","type-post","status-publish","format-standard","has-post-thumbnail","hentry","category-destacado","category-news"],"_links":{"self":[{"href":"https:\/\/enolife.com.ar\/es\/wp-json\/wp\/v2\/posts\/140128","targetHints":{"allow":["GET"]}}],"collection":[{"href":"https:\/\/enolife.com.ar\/es\/wp-json\/wp\/v2\/posts"}],"about":[{"href":"https:\/\/enolife.com.ar\/es\/wp-json\/wp\/v2\/types\/post"}],"author":[{"embeddable":true,"href":"https:\/\/enolife.com.ar\/es\/wp-json\/wp\/v2\/users\/2"}],"replies":[{"embeddable":true,"href":"https:\/\/enolife.com.ar\/es\/wp-json\/wp\/v2\/comments?post=140128"}],"version-history":[{"count":0,"href":"https:\/\/enolife.com.ar\/es\/wp-json\/wp\/v2\/posts\/140128\/revisions"}],"wp:featuredmedia":[{"embeddable":true,"href":"https:\/\/enolife.com.ar\/es\/wp-json\/wp\/v2\/media\/140143"}],"wp:attachment":[{"href":"https:\/\/enolife.com.ar\/es\/wp-json\/wp\/v2\/media?parent=140128"}],"wp:term":[{"taxonomy":"category","embeddable":true,"href":"https:\/\/enolife.com.ar\/es\/wp-json\/wp\/v2\/categories?post=140128"},{"taxonomy":"post_tag","embeddable":true,"href":"https:\/\/enolife.com.ar\/es\/wp-json\/wp\/v2\/tags?post=140128"}],"curies":[{"name":"wp","href":"https:\/\/api.w.org\/{rel}","templated":true}]}}