{"id":140106,"date":"2025-03-07T17:59:16","date_gmt":"2025-03-07T17:59:16","guid":{"rendered":"https:\/\/enolife.com.ar\/es\/?p=140106"},"modified":"2025-03-10T13:05:30","modified_gmt":"2025-03-10T13:05:30","slug":"la-vendimia-1947-primera-con-contenidos-politicos-y-un-presidente-en-escena-por-gustavo-capone","status":"publish","type":"post","link":"https:\/\/enolife.com.ar\/es\/la-vendimia-1947-primera-con-contenidos-politicos-y-un-presidente-en-escena-por-gustavo-capone\/","title":{"rendered":"La Vendimia 1947, primera con contenidos pol\u00edticos y un presidente en escena. Por Gustavo Capone"},"content":{"rendered":"\n<h4 class=\"wp-block-heading\"><em><strong>Ese a\u00f1o, con gran suceso, vinieron especialmente invitados a la Fiesta el l\u00edder Juan Domingo Per\u00f3n y su compa\u00f1era Evita. En Mendoza gobernaba Faustino Picallo, de origen radical pero aliado al peronismo, situaci\u00f3n que provoc\u00f3 rispideces y chiflidos en medio de su discurso. El \u00abTropero\u00bb Sosa, legendario personaje de la Campa\u00f1a Libertadora de San Mart\u00edn, y la liturgia peronista fueron fuertes protagonistas.<\/strong><\/em><\/h4>\n\n\n\n<div style=\"height:35px\" aria-hidden=\"true\" class=\"wp-block-spacer\"><\/div>\n\n\n<a href=\"https:\/\/www.facebook.com\/SindicatoContratitas\/\" aria-label=\"banner contratistas 1700&#215;500\"><img loading=\"lazy\" decoding=\"async\" src=\"https:\/\/enolife.com.ar\/es\/wp-content\/uploads\/2020\/08\/banner-contratistas-1700x500-1.jpg\" alt=\"\"  srcset=\"https:\/\/enolife.com.ar\/es\/wp-content\/uploads\/2020\/08\/banner-contratistas-1700x500-1.jpg 1700w, https:\/\/enolife.com.ar\/es\/wp-content\/uploads\/2020\/08\/banner-contratistas-1700x500-1-300x88.jpg 300w, https:\/\/enolife.com.ar\/es\/wp-content\/uploads\/2020\/08\/banner-contratistas-1700x500-1-1024x301.jpg 1024w, https:\/\/enolife.com.ar\/es\/wp-content\/uploads\/2020\/08\/banner-contratistas-1700x500-1-768x226.jpg 768w, https:\/\/enolife.com.ar\/es\/wp-content\/uploads\/2020\/08\/banner-contratistas-1700x500-1-1536x452.jpg 1536w, https:\/\/enolife.com.ar\/es\/wp-content\/uploads\/2020\/08\/banner-contratistas-1700x500-1-1170x344.jpg 1170w, https:\/\/enolife.com.ar\/es\/wp-content\/uploads\/2020\/08\/banner-contratistas-1700x500-1-585x172.jpg 585w\" sizes=\"auto, (max-width: 1700px) 100vw, 1700px\" width=\"1700\" height=\"500\"   \/><\/a>\n\n\n<div style=\"height:31px\" aria-hidden=\"true\" class=\"wp-block-spacer\"><\/div>\n\n\n\n<p><a target=\"_blank\" rel=\"noreferrer noopener\" href=\"https:\/\/web.whatsapp.com\/send?text=viste%20esto?%20https:\/\/www.mdzol.com\/sociedad\/2025\/3\/7\/el-legendario-tropero-sosa-la-liturgia-peronista-como-protagonistas-1192371-amp.html\"><\/a>&nbsp;<\/p>\n\n\n<div class=\"wp-block-image\">\n<figure class=\"alignleft is-resized\"><a href=\"https:\/\/www.mdzol.com\/autor\/gustavo-capone.html\"><img loading=\"lazy\" decoding=\"async\" src=\"https:\/\/www.mdzol.com\/u\/aps\/noticias\/fotografias\/autor-206.png\" alt=\"Gustavo Capone\" width=\"131\" height=\"131\"\/><\/a><\/figure><\/div>\n\n\n<p><br><em>El autor, <strong>Gustavo Capone<\/strong>, es docente, <\/em><\/p>\n\n\n\n<p><em>escritor e historiador especializado en temas latinoamericanos, <\/em><\/p>\n\n\n\n<p><em>costumbres y tradiciones mendocinas.<\/em><\/p>\n\n\n\n<div style=\"height:31px\" aria-hidden=\"true\" class=\"wp-block-spacer\"><\/div>\n\n\n\n<p>La <strong>Vendimia&nbsp;de 1947<\/strong> nos dejar\u00e1 notas curiosas e irrepetibles. Arrancamos sosteniendo como novedad que la fiesta central se desarroll\u00f3 un jueves. Y que por esa \u00e9poca el festejo se realizaba en abril.<\/p>\n\n\n\n<p>Fue un 10 de abril de 1947. La fiesta se llam\u00f3 <strong>\u201cVendimia del canto y el trabajo\u201d<\/strong>. La escenograf\u00eda hac\u00eda alegor\u00eda al cuento <strong>\u201cLas mil y una noches\u201d<\/strong>. Estuvo dirigida por <strong>Le\u00f3n Alberti<\/strong>. Los core\u00f3grafos fueron <strong>Olga Enhart<\/strong> y <strong>Jes\u00fas Vera Arena<\/strong> con la actuaci\u00f3n del ballet de <strong>Elina Molina Estrella<\/strong>. Eran tiempos en que pa\u00eds y <strong>Mendoza<\/strong> eran gobernadas por el <strong>peronismo<\/strong>. Indudablemente esa vendimia cont\u00f3 con todos los elementos de la tradicional liturgia de aquel primer peronismo.<\/p>\n\n\n\n<div style=\"height:34px\" aria-hidden=\"true\" class=\"wp-block-spacer\"><\/div>\n\n\n\n<p class=\"has-medium-font-size\"><strong>La politizada agenda vendimial<\/strong><\/p>\n\n\n\n<p>La estaci\u00f3n ferroviaria <strong>Pac\u00edfico <\/strong>(Belgrano y Las Heras) era una fiesta. La jornada del martes 8 de abril hab\u00eda sido establecida como feriado provincial para recibir&nbsp;a <strong>Per\u00f3n<\/strong> y <strong>Evita<\/strong>.&nbsp;Una alfombra roja fue el protocolar sendero que condujo al presidente y Eva desde el tren a un auto descapotado. Los acompa\u00f1aba el gobernador <strong>Faustino Picallo.<\/strong> Por el aire volaban fotos del presidente, mientras los Granaderos a Caballo hac\u00edan una guardia de honor y una banda militar alentaba a los concurrentes con marchas y canciones. El recorrido presidencial ante la multitud por las c\u00e9ntricas calles Las Heras, San Mart\u00edn y Sarmiento, termin\u00f3 en un acto sobre Plaza Independencia.<\/p>\n\n\n\n<p>En dicho acto Per\u00f3n sostuvo uno de los hist\u00f3ricos postulados de su doctrina: <em>\u201cEstamos en la tarea por conquistar la independencia econ\u00f3mica que hace 100 a\u00f1os nos esper\u00e1bamos<\/em>\u201d. El&nbsp;<em>\u201cviva Per\u00f3n\u201d,<\/em>&nbsp;<em>\u201cviva Eva\u201d<\/em>&nbsp;era estruendoso. La plaza explotaba. Todo concluy\u00f3 abruptamente cuando el gobernador Picallo tom\u00f3 el micr\u00f3fono para dirigirse a la multitud. Una silbatina tap\u00f3 su voz. La interna peronista se manifestaba claramente. Per\u00f3n mir\u00f3 para otro costado y tomando el micr\u00f3fono actu\u00f3 como si nada hubiera ocurrido. Ser\u00e1 en esa XI edici\u00f3n de la fiesta cuando por primera vez un escenario vendimial expondr\u00e1 abiertamente la temperatura del clima pol\u00edtico reinante en Mendoza.<\/p>\n\n\n\n<div style=\"height:30px\" aria-hidden=\"true\" class=\"wp-block-spacer\"><\/div>\n\n\n<div class=\"wp-block-image\">\n<figure class=\"aligncenter size-full\"><a href=\"https:\/\/enolife.com.ar\/es\/wp-content\/uploads\/2025\/03\/image-17.png\" data-rel=\"penci-gallery-image-content\" ><img loading=\"lazy\" decoding=\"async\" width=\"620\" height=\"300\" src=\"https:\/\/enolife.com.ar\/es\/wp-content\/uploads\/2025\/03\/image-17.png\" alt=\"\" class=\"wp-image-140125\" srcset=\"https:\/\/enolife.com.ar\/es\/wp-content\/uploads\/2025\/03\/image-17.png 620w, https:\/\/enolife.com.ar\/es\/wp-content\/uploads\/2025\/03\/image-17-300x145.png 300w, https:\/\/enolife.com.ar\/es\/wp-content\/uploads\/2025\/03\/image-17-585x283.png 585w\" sizes=\"auto, (max-width: 620px) 100vw, 620px\" \/><\/a><\/figure><\/div>\n\n\n<div style=\"height:35px\" aria-hidden=\"true\" class=\"wp-block-spacer\"><\/div>\n\n\n\n<p class=\"has-medium-font-size\"><strong>Un poco de historia mendocina de esa \u00e9poca&nbsp;<\/strong><\/p>\n\n\n\n<p>El contexto socio pol\u00edtico en Mendoza por ese momento estaba confuso. Los obreros vitivin\u00edcolas hab\u00edan sostenido una larga huelga de la cual salieron airosos, enfrent\u00e1ndose hasta con el mismo ejecutivo provincial conducido por Picallo (aliado de Per\u00f3n con la Junta Renovadora-UCR y que se impuso a <strong>Bautista Gargantini <\/strong>de la UCR, a <strong>Ricardo Videla<\/strong> del PD que sali\u00f3 tercero, a <strong>Benito Marianetti <\/strong>del comunismo y a los lencinistas).<\/p>\n\n\n\n<p>A Picallo los militantes obreros le achacaban su pasado radical y que hab\u00eda <em>\u201cjugado tibiamente\u201d<\/em> en el enfrentamiento gremial favoreciendo a sus adversarios de siempre:\u00a0<em>\u201clos patrones gansos\u201d.<\/em><\/p>\n\n\n\n<p>La situaci\u00f3n mostraba claramente una distancia entre dos facciones oficialistas. Por un lado, <em>\u201clos radicales renovadores\u201d<\/em> desprendidos del hist\u00f3rico tronco radical, y por otro, los sindicalistas -obreros que se sent\u00edan identificados y representados exclusivamente por las pol\u00edticas sociales del peronismo. A tal punto llegaron las diferencias que este sector sindical conform\u00f3 para las elecciones municipales y legislativas mendocinas (realizadas dos d\u00edas antes de la misma vendimia de 1947) el <strong>Partido Peronista Laborista<\/strong> obteniendo auspiciosos resultados bajo la bandera de ser <em>\u201clos verdaderos representantes del General Per\u00f3n\u201d.<\/em> Ese triunfo fue uno de los motivos que alent\u00f3 a Per\u00f3n para partir inmediatamente a Mendoza. Acababa de obtener un triunfo resonante.<\/p>\n\n\n\n<div style=\"height:35px\" aria-hidden=\"true\" class=\"wp-block-spacer\"><\/div>\n\n\n\n<p class=\"has-medium-font-size\"><strong>El Tropero Sosa electo \u00abPrimer descamisado mendocino\u00bb&nbsp;<\/strong><\/p>\n\n\n\n<p>La agenda presidencial sigui\u00f3 raudamente. En la tarde, el presidente Per\u00f3n junto a su vicepresidente Quijano y al secretario de Trabajo y Previsi\u00f3n,<strong> Jos\u00e9 Mar\u00eda Freire<\/strong>, m\u00e1s una amplia comitiva, inauguraron el <strong>Hospital Regional para Ferroviarios. <\/strong>Por la noche concurrieron a una recepci\u00f3n en el <strong>Casino de Mendoza<\/strong> donde Per\u00f3n y Eva tomaron contacto con las soberanas al trono y con los intendentes municipales.<\/p>\n\n\n\n<p>La segunda jornada (9 de abril) se inici\u00f3 con la inauguraci\u00f3n del m\u00e1stil del <strong>Cerro de la Gloria<\/strong>, mientras que al mediod\u00eda se realiz\u00f3 un almuerzo con las <em>\u201cfuerzas vivas\u201d<\/em> locales. A las 18 se efectu\u00f3 la tradicional <strong>Bendici\u00f3n de los Frutos <\/strong>(con antecedentes desde 1938) en el <strong>Prado del Parque San Mart\u00edn<\/strong>. El carrusel vendimial se moviliz\u00f3 por la avenida de <strong>Los Pl\u00e1tanos<\/strong>, y luego del paso de los carruajes, Per\u00f3n efectu\u00f3 el hist\u00f3rico golpe de rejas y brind\u00f3 por la nueva cosecha con una copa de plata tra\u00edda desde <strong>Francia<\/strong> y concretada por el orfebre galo <strong>Gustavo Keller.<\/strong><\/p>\n\n\n\n<p>La noche concluy\u00f3 con el <strong>\u201cBaile de las Reinas\u201d<\/strong> en el emblem\u00e1tico gimnasio del <strong>\u201cBoxing Club Babilonia\u201d, <\/strong>sede de hist\u00f3ricas veladas de box mendocino que supo tener como protagonista estelar a <strong>Pascualito P\u00e9rez.<\/strong> Como otra nota curiosa, concluyendo esa noche, Per\u00f3n y Eva cenaron solos, en el cl\u00e1sico restaurante mendocino de esa \u00e9poca: <strong>\u201cTorchio\u201d <\/strong>(en las actuales Entre R\u00edos al 64, entre San Mart\u00edn y San Juan).<\/p>\n\n\n\n<p>La ma\u00f1ana del tercer d\u00eda de la visita presidencial estuvo circunscripta al \u00e1mbito castrense. Desfile militar por calle Sarmiento y por la tarde una recepci\u00f3n con jefes y oficiales del Regimiento Militar N\u00ba 16.<\/p>\n\n\n\n<p>En tanto&nbsp;Eva&nbsp;se concentr\u00f3 en actividades de la <strong>\u201cCampa\u00f1a de Ayuda Social\u201d<\/strong>, antecedente de la <strong>\u201cFundaci\u00f3n Eva Per\u00f3n\u201d<\/strong>. En el marco de esas reuniones por una propuesta de <em>\u201ccompa\u00f1eras y compa\u00f1eros\u201d<\/em> se dispuso que el m\u00edtico <strong>\u201cTropero\u201d Pedro Sosa<\/strong>, que tanto ayud\u00f3 a San Mart\u00edn en la campa\u00f1a libertadora, fuera consagrado <em>post mortem<\/em> como <strong>\u201cel Primer Descamisado de Mendoza\u201d<\/strong> al grito: <em>\u201csi el Tropero viviera, ser\u00eda de Per\u00f3n\u201d. &nbsp;<\/em><\/p>\n\n\n\n<div style=\"height:35px\" aria-hidden=\"true\" class=\"wp-block-spacer\"><\/div>\n\n\n\n<p class=\"has-medium-font-size\"><strong>Noche de Vendimia<\/strong><\/p>\n\n\n\n<p>La Rotonda del Parque fue el escenario central de la <strong>\u201cVendimia del Canto y el Trabajo\u201d<\/strong>. Recordemos que reci\u00e9n desde 1963 se efectuar\u00e1 el acto central en el <strong>Teatro Griego Frank Romero Day<\/strong>.<\/p>\n\n\n\n<p>Siguiendo con liturgia peronista, el locutor anunci\u00f3 al p\u00fablico que las soberanas departamentales hab\u00edan dispuesto que <em>\u201cla verdadera reina de la vendimia est\u00e1 ya elegida por propia gravitaci\u00f3n y genuina voluntad popular. Y es&nbsp;Evita Per\u00f3n, la abanderada de los humildes\u201d.<\/em> (textual <strong>Juan Jos\u00e9 Pi\u00f1eyro<\/strong>, maestro de ceremonia de la fiesta). A continuaci\u00f3n, Eva abandonar\u00e1 su lugar en la platea y renunciar\u00e1 a la distinci\u00f3n dirigi\u00e9ndose brevemente a los presentes que la ovacionaron acaloradamente. Ser\u00e1 ese tambi\u00e9n, y en una vendimia mendocina, el primer renunciamiento de Evita. <em>\u201cDeclino el honor que se me dispensa, pues deseo ser una de las tantas personas que festejen a la verdadera belleza mendocina\u201d<\/em>, sostuvo textualmente Eva.<\/p>\n\n\n\n<p>Adem\u00e1s, ser\u00e1 en esta edici\u00f3n vendimial de 1947, la primera oportunidad que se escuch\u00f3 <strong>\u201cCanto a Mendoza\u201d<\/strong> cantada por el popular cantante y actor <strong>Hugo del Carril.<\/strong><\/p>\n\n\n\n<p>La noche terminar\u00e1 con la consagraci\u00f3n de la representante de <strong>Tunuy\u00e1n<\/strong>, <strong>N\u00e9lida Morsucci,<\/strong> quien ser\u00e1 coronada por Eva, mientras una salva de fuegos artificiales cubr\u00eda la noche. Un decreto provincial dispuso que el viernes 11 de abril fuera declarado: <em>\u201cjornada no laborable\u201d.<\/em> Fue el segundo <em>\u201cSan Per\u00f3n\u201d<\/em> mendocino. El primero hab\u00eda sido el d\u00eda que lleg\u00f3 el general.<\/p>\n\n\n\n<div style=\"height:31px\" aria-hidden=\"true\" class=\"wp-block-spacer\"><\/div>\n","protected":false},"excerpt":{"rendered":"<p>Ese a\u00f1o, con gran suceso, vinieron especialmente invitados a la Fiesta el l\u00edder Juan Domingo&hellip;<\/p>\n","protected":false},"author":2,"featured_media":140123,"comment_status":"open","ping_status":"open","sticky":false,"template":"","format":"standard","meta":{"footnotes":""},"categories":[36],"tags":[],"class_list":["post-140106","post","type-post","status-publish","format-standard","has-post-thumbnail","hentry","category-el-pinguino"],"_links":{"self":[{"href":"https:\/\/enolife.com.ar\/es\/wp-json\/wp\/v2\/posts\/140106","targetHints":{"allow":["GET"]}}],"collection":[{"href":"https:\/\/enolife.com.ar\/es\/wp-json\/wp\/v2\/posts"}],"about":[{"href":"https:\/\/enolife.com.ar\/es\/wp-json\/wp\/v2\/types\/post"}],"author":[{"embeddable":true,"href":"https:\/\/enolife.com.ar\/es\/wp-json\/wp\/v2\/users\/2"}],"replies":[{"embeddable":true,"href":"https:\/\/enolife.com.ar\/es\/wp-json\/wp\/v2\/comments?post=140106"}],"version-history":[{"count":0,"href":"https:\/\/enolife.com.ar\/es\/wp-json\/wp\/v2\/posts\/140106\/revisions"}],"wp:featuredmedia":[{"embeddable":true,"href":"https:\/\/enolife.com.ar\/es\/wp-json\/wp\/v2\/media\/140123"}],"wp:attachment":[{"href":"https:\/\/enolife.com.ar\/es\/wp-json\/wp\/v2\/media?parent=140106"}],"wp:term":[{"taxonomy":"category","embeddable":true,"href":"https:\/\/enolife.com.ar\/es\/wp-json\/wp\/v2\/categories?post=140106"},{"taxonomy":"post_tag","embeddable":true,"href":"https:\/\/enolife.com.ar\/es\/wp-json\/wp\/v2\/tags?post=140106"}],"curies":[{"name":"wp","href":"https:\/\/api.w.org\/{rel}","templated":true}]}}