{"id":139999,"date":"2025-03-07T13:49:14","date_gmt":"2025-03-07T13:49:14","guid":{"rendered":"https:\/\/enolife.com.ar\/es\/?p=139999"},"modified":"2025-03-09T17:12:24","modified_gmt":"2025-03-09T17:12:24","slug":"chateau-dancon-inaugura-su-cancha-de-polo-en-tupungato-con-vinos-premium-coctail-y-boleros","status":"publish","type":"post","link":"https:\/\/enolife.com.ar\/es\/chateau-dancon-inaugura-su-cancha-de-polo-en-tupungato-con-vinos-premium-coctail-y-boleros\/","title":{"rendered":"Ch\u00e2teau d&#8217;Anc\u00f3n inaugura su cancha de polo en Tupungato, con vinos premium, coctail y boleros"},"content":{"rendered":"\n<h4 class=\"wp-block-heading\"><em><strong>Ch\u00e2teau d&#8217;Anc\u00f3n, el castillo de la Familia Bombal en el coraz\u00f3n de Tupungato, Valle de Uco, Mendoza, inaugura su cancha de polo de nivel internacional, con degustaci\u00f3n de vinos y espumantes y, al cierre de la jornada, un show de la famosa cantante argentino-italiana Lola Ponce, quien interpretar\u00e1 boleros de Armando Manzanero y piezas l\u00edricas junto a una orquesta. La cita para esta jornada de excepci\u00f3n, denominada Art, Wine &amp; Polo Experience, es este domingo 9 de marzo de 2025 a partir de las 17.30 hs en el predio de la Estancia Anc\u00f3n en Tupungato<\/strong><\/em><strong><em>.<\/em><\/strong><\/h4>\n\n\n\n<div style=\"height:23px\" aria-hidden=\"true\" class=\"wp-block-spacer\"><\/div>\n\n\n<a href=\"https:\/\/altieri.com.ar\/\" aria-label=\"ALTIERI-1700X500\"><img loading=\"lazy\" decoding=\"async\" src=\"https:\/\/enolife.com.ar\/es\/wp-content\/uploads\/2025\/02\/ALTIERI-1700X500.jpg\" alt=\"\"  srcset=\"https:\/\/enolife.com.ar\/es\/wp-content\/uploads\/2025\/02\/ALTIERI-1700X500.jpg 1700w, https:\/\/enolife.com.ar\/es\/wp-content\/uploads\/2025\/02\/ALTIERI-1700X500-300x88.jpg 300w, https:\/\/enolife.com.ar\/es\/wp-content\/uploads\/2025\/02\/ALTIERI-1700X500-1024x301.jpg 1024w, https:\/\/enolife.com.ar\/es\/wp-content\/uploads\/2025\/02\/ALTIERI-1700X500-768x226.jpg 768w, https:\/\/enolife.com.ar\/es\/wp-content\/uploads\/2025\/02\/ALTIERI-1700X500-1536x452.jpg 1536w, https:\/\/enolife.com.ar\/es\/wp-content\/uploads\/2025\/02\/ALTIERI-1700X500-1170x344.jpg 1170w, https:\/\/enolife.com.ar\/es\/wp-content\/uploads\/2025\/02\/ALTIERI-1700X500-585x172.jpg 585w\" sizes=\"auto, (max-width: 1700px) 100vw, 1700px\" width=\"1700\" height=\"500\"   \/><\/a>\n\n\n<div style=\"height:45px\" aria-hidden=\"true\" class=\"wp-block-spacer\"><\/div>\n\n\n\n<p>Se trata de una cancha de primer nivel recientemente construida con la empresa <strong>Battro<\/strong>, l\u00edder mundial en el rubro. El predio deportivo se encuentra ubicado en la <strong>Estancia Anc\u00f3n<\/strong>, a 1 km de la entrada del <strong>Chateau d&#8217;Anc\u00f3n<\/strong>, todo enmarcado en el imponente fondo del <strong>Cord\u00f3n del Plata.<\/strong> El castillo, dise\u00f1ado por el arquitecto franc\u00e9s <strong>Carlos Thays<\/strong> y construido por <strong>Domingo Bombal <\/strong>en 1926, se ubica entre una bodega, vi\u00f1edos, nogales y cuidados jardines. Luego del partido inaugural, la cancha ser\u00e1 el escenario de <strong>competencias abiertas al p\u00fablico<\/strong> con participaci\u00f3n de organizaciones y polistas destacados nacionales e internacionales durante el a\u00f1o pr\u00f3ximo.<\/p>\n\n\n\n<div style=\"height:30px\" aria-hidden=\"true\" class=\"wp-block-spacer\"><\/div>\n\n\n<div class=\"wp-block-image\">\n<figure class=\"aligncenter size-full is-resized\"><a href=\"https:\/\/enolife.com.ar\/es\/wp-content\/uploads\/2025\/03\/Chateau-d\u00b4Ancon5.jpg\" data-rel=\"penci-gallery-image-content\" ><img loading=\"lazy\" decoding=\"async\" src=\"https:\/\/enolife.com.ar\/es\/wp-content\/uploads\/2025\/03\/Chateau-d\u00b4Ancon5.jpg\" alt=\"\" class=\"wp-image-140005\" width=\"665\" height=\"414\" srcset=\"https:\/\/enolife.com.ar\/es\/wp-content\/uploads\/2025\/03\/Chateau-d\u00b4Ancon5.jpg 804w, https:\/\/enolife.com.ar\/es\/wp-content\/uploads\/2025\/03\/Chateau-d\u00b4Ancon5-300x187.jpg 300w, https:\/\/enolife.com.ar\/es\/wp-content\/uploads\/2025\/03\/Chateau-d\u00b4Ancon5-768x478.jpg 768w, https:\/\/enolife.com.ar\/es\/wp-content\/uploads\/2025\/03\/Chateau-d\u00b4Ancon5-585x364.jpg 585w\" sizes=\"auto, (max-width: 665px) 100vw, 665px\" \/><\/a><figcaption class=\"wp-element-caption\"><em><strong>El magn\u00edfico Ch\u00e2teau D&#8217;Anc\u00f3n, dise\u00f1ado por el arquitecto Carlos Thays hace m\u00e1s de 100 a\u00f1os.<\/strong><\/em><strong><em> <\/em><\/strong><\/figcaption><\/figure><\/div>\n\n\n<div style=\"height:30px\" aria-hidden=\"true\" class=\"wp-block-spacer\"><\/div>\n\n\n\n<p>Para dar apertura al lugar se llevar\u00e1 a cabo una exhibici\u00f3n de polo que constar\u00e1 con 4<em> cukkers<\/em> (tiempos) de 6:30 minutos de duraci\u00f3n. Los equipos representantes ser\u00e1n <strong>Ch\u00e2teau d&#8217;Anc\u00f3n<\/strong> y el otro ser\u00e1 <strong>Escorihuela Gasc\u00f3n.<\/strong><\/p>\n\n\n\n<p>En el<strong> equipo de Ch\u00e2teau d&#8217;Anc\u00f3n<\/strong> contar\u00e1 con la participaci\u00f3n de <strong>Aaron D\u00edaz<\/strong>, reconocido actor mexicano- estadounidense, productor y creador de series documentales, quien tiene una larga trayectoria junto a los caballos en distintas disciplinas y ahora d\u00e1ndose por primera vez la posibilidad de disfrutar de la pasi\u00f3n de jugar al polo en el equipo de Ch\u00e2teau d&#8217;Anc\u00f3n. Otro referente ser\u00e1 <strong>Pedro Espona,<\/strong> polista espa\u00f1ol quien participa junto a <strong>Jorge Birkner Ketelhohn<\/strong> de competencias en <strong>Espa\u00f1a<\/strong> y en <strong>Argentina.<\/strong><\/p>\n\n\n\n<div style=\"height:30px\" aria-hidden=\"true\" class=\"wp-block-spacer\"><\/div>\n\n\n<div class=\"wp-block-image\">\n<figure class=\"aligncenter size-full is-resized\"><a href=\"https:\/\/enolife.com.ar\/es\/wp-content\/uploads\/2025\/03\/Polo2.jpg\" data-rel=\"penci-gallery-image-content\" ><img loading=\"lazy\" decoding=\"async\" src=\"https:\/\/enolife.com.ar\/es\/wp-content\/uploads\/2025\/03\/Polo2.jpg\" alt=\"\" class=\"wp-image-140001\" width=\"650\" height=\"364\" srcset=\"https:\/\/enolife.com.ar\/es\/wp-content\/uploads\/2025\/03\/Polo2.jpg 891w, https:\/\/enolife.com.ar\/es\/wp-content\/uploads\/2025\/03\/Polo2-300x168.jpg 300w, https:\/\/enolife.com.ar\/es\/wp-content\/uploads\/2025\/03\/Polo2-768x431.jpg 768w, https:\/\/enolife.com.ar\/es\/wp-content\/uploads\/2025\/03\/Polo2-585x328.jpg 585w\" sizes=\"auto, (max-width: 650px) 100vw, 650px\" \/><\/a><\/figure><\/div>\n\n\n<div style=\"height:42px\" aria-hidden=\"true\" class=\"wp-block-spacer\"><\/div>\n\n\n\n<p>Del otro lado de la cancha, en el <strong>equipo de Escorihuela Gasc\u00f3n<\/strong>, se destacar\u00e1 la participaci\u00f3n de <strong>Benjam\u00edn Araya<\/strong>, reconocido polista argentino que acostumbra vestir los colores de Escorihuela, represent\u00e1ndolos desde hace varios a\u00f1os, as\u00ed como tambi\u00e9n participa en competencias internacionales por todo el mundo, ya que es figura del polo espa\u00f1ol&nbsp;y&nbsp;argentino.<\/p>\n\n\n\n<p>Durante la exhibici\u00f3n deportiva se degustar\u00e1n los <strong>vinos blancos, tintos 2023 y espumante Ch\u00e2teau d&#8217;Anc\u00f3n.<\/strong><\/p>\n\n\n\n<div style=\"height:30px\" aria-hidden=\"true\" class=\"wp-block-spacer\"><\/div>\n\n\n<div class=\"wp-block-image\">\n<figure class=\"aligncenter size-full is-resized\"><a href=\"https:\/\/enolife.com.ar\/es\/wp-content\/uploads\/2025\/03\/Chateau-d\u00b4Ancon2.jpg\" data-rel=\"penci-gallery-image-content\" ><img loading=\"lazy\" decoding=\"async\" src=\"https:\/\/enolife.com.ar\/es\/wp-content\/uploads\/2025\/03\/Chateau-d\u00b4Ancon2.jpg\" alt=\"\" class=\"wp-image-140007\" width=\"600\" height=\"400\" srcset=\"https:\/\/enolife.com.ar\/es\/wp-content\/uploads\/2025\/03\/Chateau-d\u00b4Ancon2.jpg 750w, https:\/\/enolife.com.ar\/es\/wp-content\/uploads\/2025\/03\/Chateau-d\u00b4Ancon2-300x200.jpg 300w, https:\/\/enolife.com.ar\/es\/wp-content\/uploads\/2025\/03\/Chateau-d\u00b4Ancon2-585x390.jpg 585w\" sizes=\"auto, (max-width: 600px) 100vw, 600px\" \/><\/a><figcaption class=\"wp-element-caption\"><em><strong>Tras la justa deportiva, los invitados brindar\u00e1n con vinos y espumantes de la casa en los jardines del castillo<\/strong><\/em><strong><em>.<\/em><\/strong><\/figcaption><\/figure><\/div>\n\n\n<div style=\"height:30px\" aria-hidden=\"true\" class=\"wp-block-spacer\"><\/div>\n\n\n\n<p>Posteriormente, la propuesta invita a trasladarse a los jardines del Castillo de Anc\u00f3n a deleitarse con un coctail acompa\u00f1ado de los vinos del castillo y espumante <strong>Musa de Chateau d\u2019 Ancon by Lola Ponce.&nbsp; <\/strong>Tambi\u00e9n se realizar\u00e1 la presentaci\u00f3n de nuevos vinos y espumantes.<\/p>\n\n\n\n<p>Como broche de oro de la jornada, la <strong>cantante \u00edtalo-argentina Lola Ponce, ganadora del Festival de San Remo<\/strong>, presentar\u00e1 el primer show de su Tour con Orquesta, bajo la direcci\u00f3n del director, arreglador y destacado m\u00fasico mendocino <strong>Juan Pablo Montisalti. <\/strong>Lola y cantar\u00e1 por prima vez en vivo su m\u00e1s reciente trabajo discogr\u00e1fico <strong>\u00abLola canta Manzanero\u00bb<\/strong> en los jardines del frente del Ch\u00e2teau. La cantante estar\u00e1 acompa\u00f1ada por m\u00fasicos de excelencia, con una versi\u00f3n \u00fanica de <strong>\u201cSomos Novios\u201d<\/strong> grabada junto al legendario cantante y compositor mexicano <strong>Armando Manzanero.<\/strong>&nbsp; Lola tambi\u00e9n cantar\u00e1 los sucesos m\u00e1s grandes de sus \u00f3peras en italiano y espa\u00f1ol.<\/p>\n\n\n\n<div style=\"height:30px\" aria-hidden=\"true\" class=\"wp-block-spacer\"><\/div>\n\n\n<div class=\"wp-block-image\">\n<figure class=\"aligncenter size-full is-resized\"><a href=\"https:\/\/enolife.com.ar\/es\/wp-content\/uploads\/2025\/03\/Lola-Ponce5.jpeg\" data-rel=\"penci-gallery-image-content\" ><img loading=\"lazy\" decoding=\"async\" src=\"https:\/\/enolife.com.ar\/es\/wp-content\/uploads\/2025\/03\/Lola-Ponce5.jpeg\" alt=\"\" class=\"wp-image-140003\" width=\"524\" height=\"341\" srcset=\"https:\/\/enolife.com.ar\/es\/wp-content\/uploads\/2025\/03\/Lola-Ponce5.jpeg 768w, https:\/\/enolife.com.ar\/es\/wp-content\/uploads\/2025\/03\/Lola-Ponce5-300x195.jpeg 300w, https:\/\/enolife.com.ar\/es\/wp-content\/uploads\/2025\/03\/Lola-Ponce5-585x381.jpeg 585w\" sizes=\"auto, (max-width: 524px) 100vw, 524px\" \/><\/a><figcaption class=\"wp-element-caption\"><em><strong>Lola Ponce, exquisita int\u00e9rprete argentino-italiana.<\/strong><\/em><\/figcaption><\/figure><\/div>\n\n\n<div style=\"height:30px\" aria-hidden=\"true\" class=\"wp-block-spacer\"><\/div>\n\n\n\n<p>La artista acaba de presentar su nuevo trabajo en M\u00e9xico, el cual obtuvo grandes elogios del p\u00fablico y de los cr\u00edticos musicales m\u00e1s prestigiosos de ese pa\u00eds.<\/p>\n\n\n\n<div style=\"height:17px\" aria-hidden=\"true\" class=\"wp-block-spacer\"><\/div>\n\n\n\n<h3 class=\"wp-block-heading has-vivid-red-color has-text-color\">En la velada estar\u00e1n presentes como invitados especiales y compositores internacionales, como Juan Pablo Manzanero, hijo de Armando Manzanero y productor de \u201cLola canta Manzanero\u201d y Jonas Myrin, cantante, compositor y productor sueco que vive en Los \u00c1ngeles, California, ganador de Grammy. Ambos participan como special guests.<\/h3>\n\n\n\n<div style=\"height:35px\" aria-hidden=\"true\" class=\"wp-block-spacer\"><\/div>\n\n\n\n<p class=\"has-medium-font-size\"><strong>Sobre la Bodega Ch\u00e2teau d&#8217;Anc\u00f3n<\/strong><\/p>\n\n\n\n<p>La bodega ubicada en Anc\u00f3n, Tupungato, Valle de Uco, Mendoza, elabora vinos que buscan representar fielmente la pureza de su terroir, con caracter\u00edsticas clim\u00e1ticas extremas y fr\u00edo de monta\u00f1a sobre los <strong>1.400 metros de altura sobre el nivel del mar (msnm).<\/strong><\/p>\n\n\n\n<div style=\"height:30px\" aria-hidden=\"true\" class=\"wp-block-spacer\"><\/div>\n\n\n<div class=\"wp-block-image\">\n<figure class=\"aligncenter size-full is-resized\"><a href=\"https:\/\/enolife.com.ar\/es\/wp-content\/uploads\/2025\/03\/Chateau-d\u00b4Ancon7.jpg\" data-rel=\"penci-gallery-image-content\" ><img loading=\"lazy\" decoding=\"async\" src=\"https:\/\/enolife.com.ar\/es\/wp-content\/uploads\/2025\/03\/Chateau-d\u00b4Ancon7.jpg\" alt=\"\" class=\"wp-image-140004\" width=\"606\" height=\"380\" srcset=\"https:\/\/enolife.com.ar\/es\/wp-content\/uploads\/2025\/03\/Chateau-d\u00b4Ancon7.jpg 796w, https:\/\/enolife.com.ar\/es\/wp-content\/uploads\/2025\/03\/Chateau-d\u00b4Ancon7-300x188.jpg 300w, https:\/\/enolife.com.ar\/es\/wp-content\/uploads\/2025\/03\/Chateau-d\u00b4Ancon7-768x482.jpg 768w, https:\/\/enolife.com.ar\/es\/wp-content\/uploads\/2025\/03\/Chateau-d\u00b4Ancon7-585x367.jpg 585w\" sizes=\"auto, (max-width: 606px) 100vw, 606px\" \/><\/a><\/figure><\/div>\n\n\n<div style=\"height:30px\" aria-hidden=\"true\" class=\"wp-block-spacer\"><\/div>\n\n\n\n<p>El inconfundible cercano paisaje de fondo de la <strong>Cordillera de los Andes,<\/strong> los suelos formados por grandes aluviones, la altura y el agua de deshielo, que riegan sus vi\u00f1as, son los factores principales que le dan identidad a los vinos de Anc\u00f3n.<\/p>\n\n\n\n<p>La bodega Ch\u00e2teau d&#8217;Anc\u00f3n fue <strong>fundada en 1926 por Domingo Lucas Bombal<\/strong>, uno de los pioneros en vinos de altura, produciendo vinos a 1.500 m en 1945. Hoy, la bodega transita el inicio de una nueva etapa a cargo del joven en\u00f3logo<strong> Emiliano Turano<\/strong> acompa\u00f1ado de <strong>Juan Pablo Michelini.<\/strong><\/p>\n\n\n\n<div style=\"height:30px\" aria-hidden=\"true\" class=\"wp-block-spacer\"><\/div>\n","protected":false},"excerpt":{"rendered":"<p>Ch\u00e2teau d&#8217;Anc\u00f3n, el castillo de la Familia Bombal en el coraz\u00f3n de Tupungato, Valle de&hellip;<\/p>\n","protected":false},"author":2,"featured_media":140009,"comment_status":"open","ping_status":"open","sticky":false,"template":"","format":"standard","meta":{"footnotes":""},"categories":[47,56],"tags":[],"class_list":["post-139999","post","type-post","status-publish","format-standard","has-post-thumbnail","hentry","category-agenda","category-destacado"],"_links":{"self":[{"href":"https:\/\/enolife.com.ar\/es\/wp-json\/wp\/v2\/posts\/139999","targetHints":{"allow":["GET"]}}],"collection":[{"href":"https:\/\/enolife.com.ar\/es\/wp-json\/wp\/v2\/posts"}],"about":[{"href":"https:\/\/enolife.com.ar\/es\/wp-json\/wp\/v2\/types\/post"}],"author":[{"embeddable":true,"href":"https:\/\/enolife.com.ar\/es\/wp-json\/wp\/v2\/users\/2"}],"replies":[{"embeddable":true,"href":"https:\/\/enolife.com.ar\/es\/wp-json\/wp\/v2\/comments?post=139999"}],"version-history":[{"count":0,"href":"https:\/\/enolife.com.ar\/es\/wp-json\/wp\/v2\/posts\/139999\/revisions"}],"wp:featuredmedia":[{"embeddable":true,"href":"https:\/\/enolife.com.ar\/es\/wp-json\/wp\/v2\/media\/140009"}],"wp:attachment":[{"href":"https:\/\/enolife.com.ar\/es\/wp-json\/wp\/v2\/media?parent=139999"}],"wp:term":[{"taxonomy":"category","embeddable":true,"href":"https:\/\/enolife.com.ar\/es\/wp-json\/wp\/v2\/categories?post=139999"},{"taxonomy":"post_tag","embeddable":true,"href":"https:\/\/enolife.com.ar\/es\/wp-json\/wp\/v2\/tags?post=139999"}],"curies":[{"name":"wp","href":"https:\/\/api.w.org\/{rel}","templated":true}]}}