{"id":139922,"date":"2025-03-05T14:25:12","date_gmt":"2025-03-05T14:25:12","guid":{"rendered":"https:\/\/enolife.com.ar\/es\/?p=139922"},"modified":"2025-03-05T21:48:57","modified_gmt":"2025-03-05T21:48:57","slug":"cutral-co-la-ciudad-neuquina-del-petroleo-y-los-dinosaurios-arranco-su-vendimia","status":"publish","type":"post","link":"https:\/\/enolife.com.ar\/es\/cutral-co-la-ciudad-neuquina-del-petroleo-y-los-dinosaurios-arranco-su-vendimia\/","title":{"rendered":"Cutral C\u00f3, la ciudad neuquina del petr\u00f3leo y los dinosaurios, arranc\u00f3 su vendimia"},"content":{"rendered":"\n<h4 class=\"wp-block-heading\"><em><strong>La vendimia es una actividad que se incorpora recientemente a la cultura cutralquense -siempre enfocada a la actividad petrolera- que desde 2022 tiene en funcionamiento la Bodega municipal Cutral C\u00f3. El proyecto naci\u00f3 en 2013 con las primeras plantaciones, asesorados por el mendocino Marcelo Casazza, a\u00f1os despu\u00e9s aumentaron la superficie de vi\u00f1edos y construyeron una bodega boutique abierta al turismo. El 9 de marzo, la bodega municipal celebrar\u00e1 en sus instalaciones de la ruta 22 Km 1.333 (Neuqu\u00e9n), una vendimia a puertas abiertas desde las 13 hasta las 23 hs. El sunset tendr\u00e1 como broche de oro el show musical de Iv\u00e1n Noble.<\/strong><\/em><\/h4>\n\n\n\n<div style=\"height:35px\" aria-hidden=\"true\" class=\"wp-block-spacer\"><\/div>\n\n\n\n\n\n<div style=\"height:45px\" aria-hidden=\"true\" class=\"wp-block-spacer\"><\/div>\n\n\n\n<p><strong>\u201cVi\u00f1edos del Viento\u201d<\/strong>, las 7 has de plantaciones productivas de la <strong>Bodega Cutral C\u00f3<\/strong>, comenz\u00f3 con la <strong>vendimia 2025 de las uvas blanca<\/strong>s, a las que le seguir\u00e1n los varietales tintos Cabernet Franc, Malbec y Syrah.&nbsp;Seg\u00fan inform\u00f3 <strong>Javier M\u00e9ndez, responsable de la bodega <\/strong><em>\u201cen este momento estamos cosechando parte de nuestras variedades blancas, como Chardonnay y Sauvignon Blanc. Adem\u00e1s, ya estamos preparando los equipos porque vamos a comenzar la elaboraci\u00f3n. Todo este fin de semana estaremos lavando y probando los sistemas de refrigeraci\u00f3n para iniciar el proceso dentro de nuestra bodega\u201d<\/em>.<\/p>\n\n\n\n<div style=\"height:30px\" aria-hidden=\"true\" class=\"wp-block-spacer\"><\/div>\n\n\n<div class=\"wp-block-image\">\n<figure class=\"aligncenter size-full is-resized\"><a href=\"https:\/\/enolife.com.ar\/es\/wp-content\/uploads\/2025\/03\/racimos-vendimia-1024x682-1.jpeg\" data-rel=\"penci-gallery-image-content\" ><img loading=\"lazy\" decoding=\"async\" src=\"https:\/\/enolife.com.ar\/es\/wp-content\/uploads\/2025\/03\/racimos-vendimia-1024x682-1.jpeg\" alt=\"\" class=\"wp-image-139936\" width=\"600\" height=\"359\" srcset=\"https:\/\/enolife.com.ar\/es\/wp-content\/uploads\/2025\/03\/racimos-vendimia-1024x682-1.jpeg 835w, https:\/\/enolife.com.ar\/es\/wp-content\/uploads\/2025\/03\/racimos-vendimia-1024x682-1-300x180.jpeg 300w, https:\/\/enolife.com.ar\/es\/wp-content\/uploads\/2025\/03\/racimos-vendimia-1024x682-1-768x460.jpeg 768w, https:\/\/enolife.com.ar\/es\/wp-content\/uploads\/2025\/03\/racimos-vendimia-1024x682-1-585x350.jpeg 585w\" sizes=\"auto, (max-width: 600px) 100vw, 600px\" \/><\/a><\/figure><\/div>\n\n\n<div style=\"height:30px\" aria-hidden=\"true\" class=\"wp-block-spacer\"><\/div>\n\n\n\n<p>Con la finalidad de celebrar este acontecimiento, <strong>el 9 de marzo<\/strong>, <strong>de 13 a 23 hs,<\/strong> en sus instalaciones de la <strong>ruta 22 Km 1.333<\/strong>, la bodega ser\u00e1 anfitriona del primer evento vendimial del calendario 2025 en la provincia de Neuqu\u00e9n, a la que le seguir\u00e1n los festejos en San Patricio del Cha\u00f1ar. Al respecto, M\u00e9ndez expres\u00f3 <em>\u201cEstamos muy contentos de ser los primeros en festejar la Vendimia Neuquina. Ser\u00e1 una jornada con muchas actividades, desde la una de la tarde hasta las once de la noche. Tendremos espect\u00e1culos en vivo, y el show principal ser\u00e1 de Iv\u00e1n Noble al atardecer, en un escenario natural incre\u00edble, junto al restaurante Agua de Fuego\u201d.<\/em><\/p>\n\n\n\n<p><em>\u201cQueremos que la gente conozca nuestro trabajo y todo el esfuerzo que hay detr\u00e1s de cada botella. Este evento es una forma de valorar el recurso y la mano de obra que hace posible nuestra producci\u00f3n\u201d<\/em>, concluy\u00f3 M\u00e9ndez.<\/p>\n\n\n\n<div style=\"height:30px\" aria-hidden=\"true\" class=\"wp-block-spacer\"><\/div>\n\n\n<div class=\"wp-block-image\">\n<figure class=\"aligncenter size-full is-resized\"><a href=\"https:\/\/enolife.com.ar\/es\/wp-content\/uploads\/2025\/03\/image-1739886496406.jpg\" data-rel=\"penci-gallery-image-content\" ><img loading=\"lazy\" decoding=\"async\" src=\"https:\/\/enolife.com.ar\/es\/wp-content\/uploads\/2025\/03\/image-1739886496406.jpg\" alt=\"\" class=\"wp-image-139938\" width=\"430\" height=\"503\" srcset=\"https:\/\/enolife.com.ar\/es\/wp-content\/uploads\/2025\/03\/image-1739886496406.jpg 500w, https:\/\/enolife.com.ar\/es\/wp-content\/uploads\/2025\/03\/image-1739886496406-256x300.jpg 256w\" sizes=\"auto, (max-width: 430px) 100vw, 430px\" \/><\/a><\/figure><\/div>\n\n\n<div style=\"height:20px\" aria-hidden=\"true\" class=\"wp-block-spacer\"><\/div>\n\n\n\n<p class=\"has-background\" style=\"background-color:#abb7c24d\"><strong>Las entradas tienen un valor de $30.000 y se pueden adquirir en la Caja Municipal (Sarmiento 145, Cutral C\u00f3), o de manera on line por <a href=\"https:\/\/www.aovivo.com.ar\/\">aovivo.com.ar<\/a>. Los  menores de 10 a\u00f1os ingresan gratis.<\/strong><\/p>\n\n\n\n<div style=\"height:35px\" aria-hidden=\"true\" class=\"wp-block-spacer\"><\/div>\n\n\n\n<p class=\"has-medium-font-size\"><strong>Una bodega en tierras petroleras<\/strong><\/p>\n\n\n\n<p>Los vinos de Bodega Cutral Co se comercializan desde 2023 en toda la regi\u00f3n, en vinotecas, restaurantes y en el lugar, y desde hace muy poco ofrece servicio gastron\u00f3mico con el Restaurante \u201cAgua de Fuego\u201d.<\/p>\n\n\n\n<div style=\"height:30px\" aria-hidden=\"true\" class=\"wp-block-spacer\"><\/div>\n\n\n<div class=\"wp-block-image\">\n<figure class=\"aligncenter size-full is-resized\"><a href=\"https:\/\/enolife.com.ar\/es\/wp-content\/uploads\/2025\/03\/4-bodegas-1-1024x682-1.jpg\" data-rel=\"penci-gallery-image-content\" ><img loading=\"lazy\" decoding=\"async\" src=\"https:\/\/enolife.com.ar\/es\/wp-content\/uploads\/2025\/03\/4-bodegas-1-1024x682-1.jpg\" alt=\"\" class=\"wp-image-139941\" width=\"561\" height=\"381\" srcset=\"https:\/\/enolife.com.ar\/es\/wp-content\/uploads\/2025\/03\/4-bodegas-1-1024x682-1.jpg 737w, https:\/\/enolife.com.ar\/es\/wp-content\/uploads\/2025\/03\/4-bodegas-1-1024x682-1-300x204.jpg 300w, https:\/\/enolife.com.ar\/es\/wp-content\/uploads\/2025\/03\/4-bodegas-1-1024x682-1-585x397.jpg 585w\" sizes=\"auto, (max-width: 561px) 100vw, 561px\" \/><\/a><\/figure><\/div>\n\n\n<div style=\"height:30px\" aria-hidden=\"true\" class=\"wp-block-spacer\"><\/div>\n\n\n\n<p>El proyecto inici\u00f3 cuando lleg\u00f3 a Cutral C\u00f3 la Tecnicatura Universitaria en Desarrollo Agropecuario, que buscaba captar profesionales para un proyecto de irrigaci\u00f3n de m\u00e1s de 300 hect\u00e1reas para cultivos, que finalmente no se llev\u00f3 a cabo. En 2013, el intendente Ram\u00f3n Rioseco (de Frente y Participaci\u00f3n Neuquina), decide iniciar la plantaci\u00f3n de vi\u00f1edos en dos hect\u00e1reas de Filli Dei con el objetivo de diversificar la matriz productiva e la regi\u00f3n y en 2015 celebraron la primera cosecha.<\/p>\n\n\n\n<div style=\"height:30px\" aria-hidden=\"true\" class=\"wp-block-spacer\"><\/div>\n\n\n<div class=\"wp-block-image\">\n<figure class=\"aligncenter size-full is-resized\"><a href=\"https:\/\/enolife.com.ar\/es\/wp-content\/uploads\/2025\/03\/3-bodegas-1-1024x682-1.jpg\" data-rel=\"penci-gallery-image-content\" ><img loading=\"lazy\" decoding=\"async\" src=\"https:\/\/enolife.com.ar\/es\/wp-content\/uploads\/2025\/03\/3-bodegas-1-1024x682-1.jpg\" alt=\"\" class=\"wp-image-139940\" width=\"567\" height=\"397\" srcset=\"https:\/\/enolife.com.ar\/es\/wp-content\/uploads\/2025\/03\/3-bodegas-1-1024x682-1.jpg 714w, https:\/\/enolife.com.ar\/es\/wp-content\/uploads\/2025\/03\/3-bodegas-1-1024x682-1-300x210.jpg 300w, https:\/\/enolife.com.ar\/es\/wp-content\/uploads\/2025\/03\/3-bodegas-1-1024x682-1-585x410.jpg 585w\" sizes=\"auto, (max-width: 567px) 100vw, 567px\" \/><\/a><\/figure><\/div>\n\n\n<div style=\"height:30px\" aria-hidden=\"true\" class=\"wp-block-spacer\"><\/div>\n\n\n\n<p>En 2018 la propuesta cobr\u00f3 mayor impulso con la incorporaci\u00f3n de dos hect\u00e1reas en un predio emplazado a la vera de la Ruta 22, en el kil\u00f3metro 1.333, donde comenz\u00f3 a funcionar la bodega en 2022. Antes de contar con el equipamiento, elaboraban en la bodega de Fernandez Oro (R\u00edo Negro) del mendocino Marcelo Miras y luego en Loma de la Lata, en Pampa Energ\u00eda. <\/p>\n\n\n\n<div style=\"height:30px\" aria-hidden=\"true\" class=\"wp-block-spacer\"><\/div>\n","protected":false},"excerpt":{"rendered":"<p>La vendimia es una actividad que se incorpora recientemente a la cultura cutralquense -siempre enfocada&hellip;<\/p>\n","protected":false},"author":2,"featured_media":139943,"comment_status":"open","ping_status":"open","sticky":false,"template":"","format":"standard","meta":{"footnotes":""},"categories":[47],"tags":[],"class_list":["post-139922","post","type-post","status-publish","format-standard","has-post-thumbnail","hentry","category-agenda"],"_links":{"self":[{"href":"https:\/\/enolife.com.ar\/es\/wp-json\/wp\/v2\/posts\/139922","targetHints":{"allow":["GET"]}}],"collection":[{"href":"https:\/\/enolife.com.ar\/es\/wp-json\/wp\/v2\/posts"}],"about":[{"href":"https:\/\/enolife.com.ar\/es\/wp-json\/wp\/v2\/types\/post"}],"author":[{"embeddable":true,"href":"https:\/\/enolife.com.ar\/es\/wp-json\/wp\/v2\/users\/2"}],"replies":[{"embeddable":true,"href":"https:\/\/enolife.com.ar\/es\/wp-json\/wp\/v2\/comments?post=139922"}],"version-history":[{"count":0,"href":"https:\/\/enolife.com.ar\/es\/wp-json\/wp\/v2\/posts\/139922\/revisions"}],"wp:featuredmedia":[{"embeddable":true,"href":"https:\/\/enolife.com.ar\/es\/wp-json\/wp\/v2\/media\/139943"}],"wp:attachment":[{"href":"https:\/\/enolife.com.ar\/es\/wp-json\/wp\/v2\/media?parent=139922"}],"wp:term":[{"taxonomy":"category","embeddable":true,"href":"https:\/\/enolife.com.ar\/es\/wp-json\/wp\/v2\/categories?post=139922"},{"taxonomy":"post_tag","embeddable":true,"href":"https:\/\/enolife.com.ar\/es\/wp-json\/wp\/v2\/tags?post=139922"}],"curies":[{"name":"wp","href":"https:\/\/api.w.org\/{rel}","templated":true}]}}