{"id":13991,"date":"2020-06-05T17:44:59","date_gmt":"2020-06-05T17:44:59","guid":{"rendered":"http:\/\/enolife.com.ar\/es\/?p=13991"},"modified":"2020-06-08T02:27:11","modified_gmt":"2020-06-08T02:27:11","slug":"informacion-y-ayuda-estatal-claves-para-cosechar-uva-en-pandemia-en-el-hemisferio-norte","status":"publish","type":"post","link":"https:\/\/enolife.com.ar\/es\/informacion-y-ayuda-estatal-claves-para-cosechar-uva-en-pandemia-en-el-hemisferio-norte\/","title":{"rendered":"Informaci\u00f3n y ayuda estatal, claves para cosechar uva en pandemia en el hemisferio Norte"},"content":{"rendered":"\n<h4 class=\"wp-block-heading\"><em><strong>As\u00ed lo advirti\u00f3 el mendocino Daniel Rada -titular del Observatorio Vitivin\u00edcola Argentino- ante un panel de la Organizaci\u00f3n Internacional de la Vid y el Vino, en el seminario web \u00abGesti\u00f3n de la cosecha durante la crisis de Covid-19 en el hemisferio sur: \u00bfqu\u00e9 podemos aprender de \u00e9l?\u00bb. Junto a Rada, cinco expertos de Australia, Nueva Zelanda, Sud\u00e1frica y Chile contaron la experiencia del Sur vitivin\u00edcola a sus pares del Norte, ante la proximidad de la cosecha en esa mitad del mundo.<\/strong><\/em><\/h4>\n\n\n\n<div style=\"height:20px\" aria-hidden=\"true\" class=\"wp-block-spacer\"><\/div>\n\n\n\n<p>Moderado por Antonio Gra\u00e7a -secretario del grupo de expertos de Desarrollo Sostenible y Cambio Clim\u00e1tico de la OIV- el seminario web cont\u00f3 con  518 participantes v\u00eda internet de 46 pa\u00edses. Los profesionales disertantes por cada regi\u00f3n vitivin\u00edcola del hemisferio Sur fueron:<\/p>\n\n\n\n<ul class=\"wp-block-list\"><li><strong>Daniel Rada<\/strong>, <strong>Argentina<\/strong><br>Director del Observatorio Vitivin\u00edcola Argentino \/ Profesor de Econom\u00eda Internacional en la Universidad Nacional de Cuyo.<\/li><li><strong>Tony Battaglene, Australia<br><\/strong>Director ejecutivo de&nbsp;Australian Grape&nbsp;and Wine Incorporated <\/li><li> <strong>Jeffrey Clarke, Nueva Zelanda<br><\/strong>Gerente general, abogado y asesor general de Viticultores de&nbsp;Nueva Zelanda <\/li><li> <strong>Yvette Van Der Merwe, Sud\u00e1frica<br><\/strong>Gerenta ejecutiva, informaci\u00f3n y sistemas de la industria del vino de&nbsp;Sud\u00e1frica&nbsp;(SAWIS) <\/li><li><strong>Aurelio Montes, Chile<br><\/strong>Presidente de&nbsp;Wines of Chile <\/li><\/ul>\n\n\n\n<div style=\"height:20px\" aria-hidden=\"true\" class=\"wp-block-spacer\"><\/div>\n\n\n\n<figure class=\"wp-block-gallery aligncenter columns-2 is-cropped wp-block-gallery-1 is-layout-flex wp-block-gallery-is-layout-flex\"><ul class=\"blocks-gallery-grid\"><li class=\"blocks-gallery-item\"><figure><img loading=\"lazy\" decoding=\"async\" width=\"755\" height=\"537\" src=\"https:\/\/enolife.com.ar\/es\/wp-content\/uploads\/2020\/06\/pau-roca-en-webinar.jpg\" alt=\"\" data-id=\"14014\" data-link=\"https:\/\/enolife.com.ar\/es\/?attachment_id=14014\" class=\"wp-image-14014\" srcset=\"https:\/\/enolife.com.ar\/es\/wp-content\/uploads\/2020\/06\/pau-roca-en-webinar.jpg 755w, https:\/\/enolife.com.ar\/es\/wp-content\/uploads\/2020\/06\/pau-roca-en-webinar-300x213.jpg 300w, https:\/\/enolife.com.ar\/es\/wp-content\/uploads\/2020\/06\/pau-roca-en-webinar-585x416.jpg 585w\" sizes=\"auto, (max-width: 755px) 100vw, 755px\" \/><figcaption class=\"blocks-gallery-item__caption\">Pau Roca, titular de la OIV<\/figcaption><\/figure><\/li><li class=\"blocks-gallery-item\"><figure><img loading=\"lazy\" decoding=\"async\" width=\"762\" height=\"539\" src=\"https:\/\/enolife.com.ar\/es\/wp-content\/uploads\/2020\/06\/moderador-webinar-1.jpg\" alt=\"\" data-id=\"14018\" data-full-url=\"https:\/\/enolife.com.ar\/es\/wp-content\/uploads\/2020\/06\/moderador-webinar-1.jpg\" data-link=\"https:\/\/enolife.com.ar\/es\/?attachment_id=14018\" class=\"wp-image-14018\" srcset=\"https:\/\/enolife.com.ar\/es\/wp-content\/uploads\/2020\/06\/moderador-webinar-1.jpg 762w, https:\/\/enolife.com.ar\/es\/wp-content\/uploads\/2020\/06\/moderador-webinar-1-300x212.jpg 300w, https:\/\/enolife.com.ar\/es\/wp-content\/uploads\/2020\/06\/moderador-webinar-1-585x414.jpg 585w\" sizes=\"auto, (max-width: 762px) 100vw, 762px\" \/><figcaption class=\"blocks-gallery-item__caption\"> Antonio Gra\u00e7a, moderador, de Portugal.<\/figcaption><\/figure><\/li><\/ul><\/figure>\n\n\n\n<div style=\"height:20px\" aria-hidden=\"true\" class=\"wp-block-spacer\"><\/div>\n\n\n\n<p class=\"has-background has-medium-font-size has-very-light-gray-background-color\"><strong>Desarrollo del seminario<\/strong><\/p>\n\n\n\n<div style=\"height:20px\" aria-hidden=\"true\" class=\"wp-block-spacer\"><\/div>\n\n\n\n<p class=\"has-medium-font-size\"><strong>Respuestas eficientes de los gobiernos<\/strong><\/p>\n\n\n\n<div style=\"height:20px\" aria-hidden=\"true\" class=\"wp-block-spacer\"><\/div>\n\n\n\n<p>En <strong>Nueva Zelanda<\/strong>, el sector vitivin\u00edcola trabaj\u00f3 de la mano con el Estado nacional, lo que, seg\u00fan Jeffrey Clarke, \u00abproporcion\u00f3 respuestas muy eficientes\u00bb, lo que permiti\u00f3 el \u00e9xito alcanzado porque \u00abel gobierno confi\u00f3 en la industria\u00bb. <\/p>\n\n\n\n<p>Completar la cosecha de la uva y la vinificaci\u00f3n mientras se garantizaba que no se transmitiera el coronavirus, bajo estrictas condiciones de cierre, era \u00abmuy dif\u00edcil\u00bb, pero \u00abposible\u00bb en palabras de Clarke. A pesar del \u00e9xito en el manejo de la situaci\u00f3n, se observ\u00f3 \u00abalguna reducci\u00f3n en los vol\u00famenes de cosecha donde la cosecha manual no era posible\u00bb, junto con \u00abaumentos materiales en costos y estr\u00e9s\u00bb.<\/p>\n\n\n\n<div style=\"height:20px\" aria-hidden=\"true\" class=\"wp-block-spacer\"><\/div>\n\n\n\n<figure class=\"wp-block-gallery aligncenter columns-2 is-cropped wp-block-gallery-2 is-layout-flex wp-block-gallery-is-layout-flex\"><ul class=\"blocks-gallery-grid\"><li class=\"blocks-gallery-item\"><figure><img loading=\"lazy\" decoding=\"async\" width=\"664\" height=\"457\" src=\"https:\/\/enolife.com.ar\/es\/wp-content\/uploads\/2020\/06\/jeffrey-webinar.jpg\" alt=\"\" data-id=\"14022\" data-link=\"https:\/\/enolife.com.ar\/es\/?attachment_id=14022\" class=\"wp-image-14022\" srcset=\"https:\/\/enolife.com.ar\/es\/wp-content\/uploads\/2020\/06\/jeffrey-webinar.jpg 664w, https:\/\/enolife.com.ar\/es\/wp-content\/uploads\/2020\/06\/jeffrey-webinar-300x206.jpg 300w, https:\/\/enolife.com.ar\/es\/wp-content\/uploads\/2020\/06\/jeffrey-webinar-585x403.jpg 585w\" sizes=\"auto, (max-width: 664px) 100vw, 664px\" \/><figcaption class=\"blocks-gallery-item__caption\"> Jeffrey Clarke, de Nueva Zelanda.<\/figcaption><\/figure><\/li><li class=\"blocks-gallery-item\"><figure><img loading=\"lazy\" decoding=\"async\" width=\"657\" height=\"455\" src=\"https:\/\/enolife.com.ar\/es\/wp-content\/uploads\/2020\/06\/tony-webinar.jpg\" alt=\"\" data-id=\"14023\" data-full-url=\"https:\/\/enolife.com.ar\/es\/wp-content\/uploads\/2020\/06\/tony-webinar.jpg\" data-link=\"https:\/\/enolife.com.ar\/es\/?attachment_id=14023\" class=\"wp-image-14023\" srcset=\"https:\/\/enolife.com.ar\/es\/wp-content\/uploads\/2020\/06\/tony-webinar.jpg 657w, https:\/\/enolife.com.ar\/es\/wp-content\/uploads\/2020\/06\/tony-webinar-300x208.jpg 300w, https:\/\/enolife.com.ar\/es\/wp-content\/uploads\/2020\/06\/tony-webinar-585x405.jpg 585w\" sizes=\"auto, (max-width: 657px) 100vw, 657px\" \/><figcaption class=\"blocks-gallery-item__caption\"> Tony Battaglene , de Australia<\/figcaption><\/figure><\/li><\/ul><\/figure>\n\n\n\n<div style=\"height:20px\" aria-hidden=\"true\" class=\"wp-block-spacer\"><\/div>\n\n\n\n<p>En <strong>Australia<\/strong>, era esencial \u00abtener una \u00fanica fuente confiable en la que confiar\u00bb, y Tony Battaglene explic\u00f3 c\u00f3mo Australian Grape &amp; Wine Incorporated se convirti\u00f3 en el portavoz de los medios y el punto de contacto del gobierno para las medidas de ayuda. \u00abSin esas medidas, no ser\u00eda posible permanecer abierto y completar la cosecha\u00bb, afirm\u00f3 el orador.<\/p>\n\n\n\n<p>Como mencion\u00f3 Battaglene, el flujo de mano de obra, carga y suministro de insumos para el sector vitivin\u00edcola australiano se mantuvo durante toda la crisis de Covid-19 al adoptar varios elementos como:<\/p>\n\n\n\n<ul class=\"wp-block-list\"><li>Implementar planes de gesti\u00f3n de riesgos.<\/li><li> Protocolos de limpieza.<\/li><li> Higiene y disponibilidad adecuada de productos desinfectantes.<\/li><li> Distanciamiento social y uso de turnos.<\/li><li> El uso de protocolos de trazabilidad.<\/li><\/ul>\n\n\n\n<p> Battaglene tambi\u00e9n destac\u00f3 la importancia de utilizar las herramientas digitales para permitir degustaciones, espect\u00e1culos de vino y programas de turismo de realidad virtual. Pero expres\u00f3 su preocupaci\u00f3n por el futuro: \u201cla verdadera carga econ\u00f3mica a\u00fan no se siente. Lo peor est\u00e1 por venir para muchas peque\u00f1as empresas, ya que entramos en una recesi\u00f3n, el empleo tomar\u00e1 tiempo para volver a los niveles anteriores a Covid-19 y la confianza de las empresas y los consumidores tomar\u00e1 mucho tiempo para recuperarse \u201d.<\/p>\n\n\n\n<div style=\"height:20px\" aria-hidden=\"true\" class=\"wp-block-spacer\"><\/div>\n\n\n\n<p class=\"has-medium-font-size\"><strong>Pr\u00e1ctica de soluciones creativas<\/strong><\/p>\n\n\n\n<div style=\"height:20px\" aria-hidden=\"true\" class=\"wp-block-spacer\"><\/div>\n\n\n\n<div class=\"wp-block-image\"><figure class=\"alignleft size-large is-resized\"><img loading=\"lazy\" decoding=\"async\" src=\"https:\/\/enolife.com.ar\/es\/wp-content\/uploads\/2020\/06\/sudafricana-webinar.jpg\" alt=\"\" class=\"wp-image-14025\" width=\"409\" height=\"284\" srcset=\"https:\/\/enolife.com.ar\/es\/wp-content\/uploads\/2020\/06\/sudafricana-webinar.jpg 757w, https:\/\/enolife.com.ar\/es\/wp-content\/uploads\/2020\/06\/sudafricana-webinar-300x208.jpg 300w, https:\/\/enolife.com.ar\/es\/wp-content\/uploads\/2020\/06\/sudafricana-webinar-585x406.jpg 585w\" sizes=\"auto, (max-width: 409px) 100vw, 409px\" \/><figcaption><strong> Yvette Van Der Merwe, Sud\u00e1frica<\/strong><\/figcaption><\/figure><\/div>\n\n\n\n<p> En <strong>Sud\u00e1frica<\/strong>, desde el comienzo de la pandemia hasta el 23 de marzo, el vino no se consideraba parte de la agricultura, lo que complicaba la situaci\u00f3n del sector en el pa\u00eds y que adem\u00e1s fue agravada por la prohibici\u00f3n de la venta de alcohol.<\/p>\n\n\n\n<p>Finalmente, seg\u00fan lo declarado por Yvette Van Der Merwe, el 26 de marzo \u00ablas actividades de cosecha y almacenamiento se consideraron esenciales para evitar el desperdicio de productos agr\u00edcolas primarios\u00bb. Ante la \u00abvariante de respuesta del gobierno con respecto a los productos locales y las exportaciones, se identificaron algunos elementos clave\u00bb, declar\u00f3 la oradora, y mencion\u00f3 varias iniciativas como:<\/p>\n\n\n\n<div style=\"height:20px\" aria-hidden=\"true\" class=\"wp-block-spacer\"><\/div>\n\n\n\n<ul class=\"wp-block-list\"><li>Encontrar nuevas y creativas formas de construir la relaci\u00f3n con el cliente.<\/li><li> Identificar oportunidades.<\/li><li> Utilizar los formatos on line para ventas directas y comercio electr\u00f3nico.<\/li><li> Aplicar y mejorar la digitalizaci\u00f3n y desarrollar nuevas tecnolog\u00edas.<\/li><li>Nuevas alianzas<\/li><li>Mayor colaboraci\u00f3n y relaciones con el cliente.<\/li><\/ul>\n\n\n\n<div style=\"height:20px\" aria-hidden=\"true\" class=\"wp-block-spacer\"><\/div>\n\n\n\n<p class=\"has-medium-font-size\"><strong>La anticipaci\u00f3n es vital<br><\/strong><\/p>\n\n\n\n<p>Daniel Rada comparti\u00f3 un an\u00e1lisis sobre c\u00f3mo el sector vitivin\u00edcola y vitivin\u00edcola <strong>argentino <\/strong>se enfrent\u00f3 al covid-19, enumerando los medios implementados para llevar a cabo el proceso. Al comenzar su presentaci\u00f3n, Rada advirti\u00f3 fuertemente al hemisferio Norte repitiendo la palabra \u00abanticipar\u00bb. Entre las medidas adoptadas durante la crisis, el orador mendocino se\u00f1al\u00f3:<\/p>\n\n\n\n<ul class=\"wp-block-list\"><li>Herramientas digitales y su uso como elemento clave para continuar con las actividades.<\/li><li> Aumento de la tasa de uso de la tecnolog\u00eda disponible.<\/li><li> Suministro de informaci\u00f3n a todos los actores de la cadena industrial.<\/li><li> Pr\u00e9stamos emitidos por el gobierno nacional destinados a ayudar a las bodegas a pagar los costos laborales.<\/li><li> Mantener los niveles de empleo.<\/li><li> Entrenamiento e instrucci\u00f3n.<\/li><\/ul>\n\n\n\n<div style=\"height:20px\" aria-hidden=\"true\" class=\"wp-block-spacer\"><\/div>\n\n\n\n<figure class=\"wp-block-gallery aligncenter columns-2 is-cropped wp-block-gallery-3 is-layout-flex wp-block-gallery-is-layout-flex\"><ul class=\"blocks-gallery-grid\"><li class=\"blocks-gallery-item\"><figure><img loading=\"lazy\" decoding=\"async\" width=\"763\" height=\"524\" src=\"https:\/\/enolife.com.ar\/es\/wp-content\/uploads\/2020\/06\/rada-1-webinar.jpg\" alt=\"\" data-id=\"14030\" data-full-url=\"https:\/\/enolife.com.ar\/es\/wp-content\/uploads\/2020\/06\/rada-1-webinar.jpg\" data-link=\"https:\/\/enolife.com.ar\/es\/?attachment_id=14030\" class=\"wp-image-14030\" srcset=\"https:\/\/enolife.com.ar\/es\/wp-content\/uploads\/2020\/06\/rada-1-webinar.jpg 763w, https:\/\/enolife.com.ar\/es\/wp-content\/uploads\/2020\/06\/rada-1-webinar-300x206.jpg 300w, https:\/\/enolife.com.ar\/es\/wp-content\/uploads\/2020\/06\/rada-1-webinar-585x402.jpg 585w\" sizes=\"auto, (max-width: 763px) 100vw, 763px\" \/><figcaption class=\"blocks-gallery-item__caption\"><strong>Presentaci\u00f3n Argentina<\/strong><\/figcaption><\/figure><\/li><li class=\"blocks-gallery-item\"><figure><img loading=\"lazy\" decoding=\"async\" width=\"758\" height=\"524\" src=\"https:\/\/enolife.com.ar\/es\/wp-content\/uploads\/2020\/06\/rada-2-webinar.jpg\" alt=\"\" data-id=\"14028\" data-link=\"https:\/\/enolife.com.ar\/es\/?attachment_id=14028\" class=\"wp-image-14028\" srcset=\"https:\/\/enolife.com.ar\/es\/wp-content\/uploads\/2020\/06\/rada-2-webinar.jpg 758w, https:\/\/enolife.com.ar\/es\/wp-content\/uploads\/2020\/06\/rada-2-webinar-300x207.jpg 300w, https:\/\/enolife.com.ar\/es\/wp-content\/uploads\/2020\/06\/rada-2-webinar-585x404.jpg 585w\" sizes=\"auto, (max-width: 758px) 100vw, 758px\" \/><figcaption class=\"blocks-gallery-item__caption\"><strong>Evoluci\u00f3n de la pandemia durante la cosecha <\/strong><\/figcaption><\/figure><\/li><\/ul><\/figure>\n\n\n\n<div style=\"height:20px\" aria-hidden=\"true\" class=\"wp-block-spacer\"><\/div>\n\n\n\n<div class=\"wp-block-image\"><figure class=\"aligncenter\"><img loading=\"lazy\" decoding=\"async\" width=\"756\" height=\"534\" src=\"https:\/\/enolife.com.ar\/es\/wp-content\/uploads\/2020\/06\/rada-3-webinar.jpg\" alt=\"\" class=\"wp-image-14027\" srcset=\"https:\/\/enolife.com.ar\/es\/wp-content\/uploads\/2020\/06\/rada-3-webinar.jpg 756w, https:\/\/enolife.com.ar\/es\/wp-content\/uploads\/2020\/06\/rada-3-webinar-300x212.jpg 300w, https:\/\/enolife.com.ar\/es\/wp-content\/uploads\/2020\/06\/rada-3-webinar-585x413.jpg 585w\" sizes=\"auto, (max-width: 756px) 100vw, 756px\" \/><figcaption><strong>Daniel Rada, Argentina<\/strong><\/figcaption><\/figure><\/div>\n\n\n\n<div style=\"height:20px\" aria-hidden=\"true\" class=\"wp-block-spacer\"><\/div>\n\n\n\n<p>Aurelio Montes explic\u00f3 que en <strong>Chile<\/strong>, cuando comenz\u00f3 la crisis pand\u00e9mica, ya estaban recogiendo uvas blancas, en febrero. En marzo, se \u00abaceleraron\u00bb cuando se dieron cuenta de la gravedad de la pandemia. Temiendo las medidas que desde el gobierno pudieran tomar, la Asociaci\u00f3n de Vinos de Chile organiz\u00f3 varias reuniones con las autoridades chilenas para explicar la importancia de la movilidad de los trabajadores durante la cosecha. <\/p>\n\n\n\n<div class=\"wp-block-image\"><figure class=\"alignleft size-large is-resized\"><img loading=\"lazy\" decoding=\"async\" src=\"https:\/\/enolife.com.ar\/es\/wp-content\/uploads\/2020\/06\/chile-webinar.jpg\" alt=\"\" class=\"wp-image-14031\" width=\"398\" height=\"272\" srcset=\"https:\/\/enolife.com.ar\/es\/wp-content\/uploads\/2020\/06\/chile-webinar.jpg 695w, https:\/\/enolife.com.ar\/es\/wp-content\/uploads\/2020\/06\/chile-webinar-300x205.jpg 300w, https:\/\/enolife.com.ar\/es\/wp-content\/uploads\/2020\/06\/chile-webinar-585x400.jpg 585w\" sizes=\"auto, (max-width: 398px) 100vw, 398px\" \/><figcaption><strong>Aurelio Montes, Chile<\/strong><\/figcaption><\/figure><\/div>\n\n\n\n<p>Seg\u00fan el orador, era fundamental evitar detener el trabajo en los vi\u00f1edos. \u201cLas autoridades fueron muy positivas y se dieron cuenta de que tendr\u00eda un gran impacto si pon\u00edan demasiados obst\u00e1culos en la movilidad de los trabajadores. Entonces continuamos trabajando, pero implementando medidas para mantener a nuestra gente segura, como por ejemplo, distancia social, m\u00e1scaras, guantes, lavado de manos, turnos crecientes (principalmente en bodegas) \u2026 \u201d, explic\u00f3 Montes.<\/p>\n\n\n\n<p>Por lo tanto, a pesar de la amenaza de la pandemia, la cosecha fue bastante buena en Chile. \u201cTerminamos la cosecha para la tercera semana de abril; para entonces la contaminaci\u00f3n en Chile era muy baja\u201d, dijo el orador, quien felicit\u00f3 a los trabajadores chilenos: \u201ccontinuaron trabajando con mucha responsabilidad y pasi\u00f3n, sin perder ni un solo d\u00eda\u00bb.<\/p>\n\n\n\n<p>Mirando las consecuencias de la crisis, para Aurelio Montes, el problema est\u00e1 m\u00e1s en el lado comercial con la disminuci\u00f3n de la comercializaci\u00f3n. \u201cLas ventas en l\u00ednea ayudaron un poco a las que enfrentamos en el comercio (que representa el 75% de nuestras ventas totales). Pero afortunadamente, en el hemisferio Norte las cosas est\u00e1n mejorando y China, un mercado importante para nosotros, se est\u00e1 abriendo \u201d, concluy\u00f3.<\/p>\n\n\n\n<div style=\"height:20px\" aria-hidden=\"true\" class=\"wp-block-spacer\"><\/div>\n\n\n\n<p class=\"has-background has-medium-font-size has-very-light-gray-background-color\"><strong>Ver webinar completo (en ingl\u00e9s)<\/strong>:<\/p>\n\n\n\n<div style=\"height:20px\" aria-hidden=\"true\" class=\"wp-block-spacer\"><\/div>\n\n\n\n<figure class=\"wp-block-embed-youtube wp-block-embed is-type-video is-provider-youtube wp-embed-aspect-16-9 wp-has-aspect-ratio\"><div class=\"wp-block-embed__wrapper\">\n<iframe loading=\"lazy\" title=\"Harvest management during COVID19 crisis in the Southern Hemisphere \u2013 what can we learn from it?\" width=\"1170\" height=\"658\" src=\"https:\/\/www.youtube.com\/embed\/WNJ8mvfAGkI?feature=oembed\" frameborder=\"0\" allow=\"accelerometer; autoplay; encrypted-media; gyroscope; picture-in-picture\" allowfullscreen><\/iframe>\n<\/div><\/figure>\n\n\n\n<div style=\"height:65px\" aria-hidden=\"true\" class=\"wp-block-spacer\"><\/div>\n\n\n\n<p class=\"has-background has-medium-font-size has-very-light-gray-background-color\"><strong>Conclusiones<\/strong><\/p>\n\n\n\n<div style=\"height:20px\" aria-hidden=\"true\" class=\"wp-block-spacer\"><\/div>\n\n\n\n<p class=\"has-medium-font-size\"><strong>Resiliencia, planificaci\u00f3n y transparencia son claves<\/strong><\/p>\n\n\n\n<div style=\"height:20px\" aria-hidden=\"true\" class=\"wp-block-spacer\"><\/div>\n\n\n\n<p> \u00abSi se utilizan las lecciones aprendidas de crisis pasadas para preparar crisis futuras, se estar\u00e1 mejor preparado para manejarlas\u00bb. El moderador, Antonio Gra\u00e7a comenz\u00f3 as\u00ed su conclusi\u00f3n, enfatizando la importancia de la transparencia al manejar la crisis del covid-19, mencionada por el orador de Nueva Zelanda, Jeffrey Clarke. Y agreg\u00f3 Gra\u00e7a: \u00abLa transparencia de todos los procesos, no s\u00f3lo durante esta crisis, sino tambi\u00e9n para la planificaci\u00f3n de cualquier crisis futura, da una sensaci\u00f3n de confianza a todos los actores y partes interesadas en la cadena de valor\u00bb. En este sentido, Gra\u00e7a tambi\u00e9n record\u00f3 otra clave se\u00f1alada por Yvette Van Der Merwe: la importancia de la coordinaci\u00f3n: \u201cuna buena planificaci\u00f3n y la coordinaci\u00f3n de todos los actores es esencial y puede determinar el \u00e9xito o el fracaso de cualquier esfuerzo hacia estos temas\u201d, advirti\u00f3.<\/p>\n\n\n\n<div style=\"height:20px\" aria-hidden=\"true\" class=\"wp-block-spacer\"><\/div>\n\n\n\n<p class=\"has-medium-font-size\"><strong>Impulsar la digitalizaci\u00f3n<\/strong><\/p>\n\n\n\n<p><strong><br><\/strong> \u00abAntes ten\u00edamos muchas herramientas digitales disponibles, pero no nos presionaron lo suficiente como para comenzar a usarlas, y ahora que el hemisferio Sur las ha utilizado, debido a la crisis, permanecer\u00e1n\u00bb, dijo el moderador. Y explic\u00f3: \u00abEs muy importante para el hemisferio Norte darse cuenta que a veces tenemos opciones disponibles que no se est\u00e1n utilizando, no porque no sean buenas o no tengan valor, sino simplemente porque estamos acostumbrados a hacer cosas como siempre se hicieron, y la inercia para cambiar siempre est\u00e1 presente \u201d. Entonces, concluy\u00f3: \u00abse debe realizar un esfuerzo para superar esa inercia para salir de la crisis de la mejor manera\u00bb.<\/p>\n\n\n\n<div style=\"height:20px\" aria-hidden=\"true\" class=\"wp-block-spacer\"><\/div>\n\n\n\n<p class=\"has-medium-font-size\"><strong>La coordinaci\u00f3n con los gobiernos y las autoridades locales es esencial<\/strong><\/p>\n\n\n\n<div style=\"height:20px\" aria-hidden=\"true\" class=\"wp-block-spacer\"><\/div>\n\n\n\n<p> La coordinaci\u00f3n con todos los actores del sector es muy importante. Se necesitan mecanismos y herramientas de comunicaci\u00f3n claros para transmitir el mensaje de que el sector vitivin\u00edcola es esencial y desempe\u00f1a un papel importante en la vida de las comunidades rurales en t\u00e9rminos de empleo, actividad econ\u00f3mica, paisajes, etc\u00e9tera.<\/p>\n\n\n\n<p>Se necesita estar en sinton\u00eda con las autoridades gubernamentales para garantizar la continuidad segura y eficiente de las operaciones durante la crisis, pero tambi\u00e9n para asegurar el apoyo financiero y organizacional despu\u00e9s de la crisis para permitir la recuperaci\u00f3n de las consecuencias de la crisis.<\/p>\n\n\n\n<div style=\"height:20px\" aria-hidden=\"true\" class=\"wp-block-spacer\"><\/div>\n\n\n\n<p class=\"has-medium-font-size\"><strong>El papel de la OIV<\/strong><\/p>\n\n\n\n<div style=\"height:20px\" aria-hidden=\"true\" class=\"wp-block-spacer\"><\/div>\n\n\n\n<p> La pandemia del covid-19 demostr\u00f3 que la OIV tiene los medios para desempe\u00f1ar un papel esencial en la gesti\u00f3n de crisis. <\/p>\n\n\n\n<p>Primero, el objetivo es mejorar y promover el mensaje sobre la importancia que tiene la industria vitivin\u00edcola. En segundo lugar, compartir experiencias e informaci\u00f3n en caso de crisis importantes o cambios tecnol\u00f3gicos puede ser \u00fatil para que los gobiernos y los actores de la industria se adapten mejor a las nuevas condiciones.<\/p>\n\n\n\n<div style=\"height:20px\" aria-hidden=\"true\" class=\"wp-block-spacer\"><\/div>\n\n\n\n<p class=\"has-small-font-size\"><em><strong>Fuente: Organizaci\u00f3n Internacional de la Vid y el Vino (OIV)<\/strong><\/em><\/p>\n\n\n\n<div style=\"height:63px\" aria-hidden=\"true\" class=\"wp-block-spacer\"><\/div>\n","protected":false},"excerpt":{"rendered":"<p>As\u00ed lo advirti\u00f3 el mendocino Daniel Rada -titular del Observatorio Vitivin\u00edcola Argentino- ante un panel&hellip;<\/p>\n","protected":false},"author":3,"featured_media":14051,"comment_status":"open","ping_status":"open","sticky":false,"template":"","format":"standard","meta":{"footnotes":""},"categories":[14],"tags":[],"class_list":["post-13991","post","type-post","status-publish","format-standard","has-post-thumbnail","hentry","category-news"],"_links":{"self":[{"href":"https:\/\/enolife.com.ar\/es\/wp-json\/wp\/v2\/posts\/13991","targetHints":{"allow":["GET"]}}],"collection":[{"href":"https:\/\/enolife.com.ar\/es\/wp-json\/wp\/v2\/posts"}],"about":[{"href":"https:\/\/enolife.com.ar\/es\/wp-json\/wp\/v2\/types\/post"}],"author":[{"embeddable":true,"href":"https:\/\/enolife.com.ar\/es\/wp-json\/wp\/v2\/users\/3"}],"replies":[{"embeddable":true,"href":"https:\/\/enolife.com.ar\/es\/wp-json\/wp\/v2\/comments?post=13991"}],"version-history":[{"count":0,"href":"https:\/\/enolife.com.ar\/es\/wp-json\/wp\/v2\/posts\/13991\/revisions"}],"wp:featuredmedia":[{"embeddable":true,"href":"https:\/\/enolife.com.ar\/es\/wp-json\/wp\/v2\/media\/14051"}],"wp:attachment":[{"href":"https:\/\/enolife.com.ar\/es\/wp-json\/wp\/v2\/media?parent=13991"}],"wp:term":[{"taxonomy":"category","embeddable":true,"href":"https:\/\/enolife.com.ar\/es\/wp-json\/wp\/v2\/categories?post=13991"},{"taxonomy":"post_tag","embeddable":true,"href":"https:\/\/enolife.com.ar\/es\/wp-json\/wp\/v2\/tags?post=13991"}],"curies":[{"name":"wp","href":"https:\/\/api.w.org\/{rel}","templated":true}]}}