{"id":139881,"date":"2025-03-04T19:09:16","date_gmt":"2025-03-04T19:09:16","guid":{"rendered":"https:\/\/enolife.com.ar\/es\/?p=139881"},"modified":"2025-03-06T11:25:28","modified_gmt":"2025-03-06T11:25:28","slug":"la-fiesta-de-la-cosecha-se-pasa-al-jueves-6-3-por-motivos-meteorologicos","status":"publish","type":"post","link":"https:\/\/enolife.com.ar\/es\/la-fiesta-de-la-cosecha-se-pasa-al-jueves-6-3-por-motivos-meteorologicos\/","title":{"rendered":"La Fiesta de la Cosecha se pasa al jueves 6\/3 por motivos meteorol\u00f3gicos"},"content":{"rendered":"\n<h4 class=\"wp-block-heading\"><em><strong>La tradicional celebraci\u00f3n del calendario vendimial, \u00abFiesta de la Cosecha\u00bb, que habitualmente se realiza el mi\u00e9rcoles anterior a la fiesta central, \u00e9ste a\u00f1o se pasar\u00e1 al jueves 6\/3, por razones meteorol\u00f3gicas. Ya en su 24\u00b0 edici\u00f3n, el escenario ubicado en el vi\u00f1edo del Aeropuerto Internacional de Mendoza, desplegar\u00e1 la alegr\u00eda de Los Aut\u00e9nticos Decadentes con la armon\u00eda de la Orquesta Filarm\u00f3nica de Mendoza, conducida por Gustavo \u00abPopi\u00bb Spatoco.<\/strong><\/em><\/h4>\n\n\n\n<div style=\"height:35px\" aria-hidden=\"true\" class=\"wp-block-spacer\"><\/div>\n\n\n\n\n\n<div style=\"height:45px\" aria-hidden=\"true\" class=\"wp-block-spacer\"><\/div>\n\n\n<div class=\"wp-block-image\">\n<figure class=\"alignleft size-full is-resized\"><a href=\"https:\/\/enolife.com.ar\/es\/wp-content\/uploads\/2025\/03\/WhatsApp-Image-2025-03-04-at-15.57.54.jpeg\" data-rel=\"penci-gallery-image-content\" ><img loading=\"lazy\" decoding=\"async\" src=\"https:\/\/enolife.com.ar\/es\/wp-content\/uploads\/2025\/03\/WhatsApp-Image-2025-03-04-at-15.57.54.jpeg\" alt=\"\" class=\"wp-image-139893\" width=\"209\" height=\"293\" srcset=\"https:\/\/enolife.com.ar\/es\/wp-content\/uploads\/2025\/03\/WhatsApp-Image-2025-03-04-at-15.57.54.jpeg 400w, https:\/\/enolife.com.ar\/es\/wp-content\/uploads\/2025\/03\/WhatsApp-Image-2025-03-04-at-15.57.54-214x300.jpeg 214w\" sizes=\"auto, (max-width: 209px) 100vw, 209px\" \/><\/a><\/figure><\/div>\n\n\n<p>El clima de esta temporada 2025 est\u00e1 siendo un poco hostil, y para que la Fiesta de la Cosecha sea perfecta, la organizaci\u00f3n decidi\u00f3 pasarla del mi\u00e9rcoles 5\/3 (como estaba prevista) al<strong> jueves 6\/3. <\/strong><\/p>\n\n\n\n<p>Como ya se conoce la celebraci\u00f3n de \u00e9ste a\u00f1o, luego de que las reinas departamentales hagan la cosecha de los vi\u00f1edos del aeropuerto junto a sus intendentes, el escenario estar\u00e1 cargado de alegr\u00eda, m\u00fasica y tradici\u00f3n. <\/p>\n\n\n\n<p>La m\u00fasica popular cuyana tendr\u00e1 su momento de esplendor con las voces de&nbsp;<strong>Andrea Leguizam\u00f3n, Yasm\u00edn Gonz\u00e1lez y Yolanda Navarro junto a un ensamble de m\u00fasicos locales dirigido por Nico Diez<\/strong>&nbsp;al que se suman <strong>Laureano Busse, Exequiel Sandoval, Rodrigo Botacaulli, Rub\u00e9n Mart\u00ednez y Quique \u00d6esch.<\/strong><\/p>\n\n\n\n<p>Luego se da paso al ritmo de los <strong>Aut\u00e9nticos Decadentes<\/strong> reversionado por la<strong> Orquesta Filarm\u00f3nica de Mendoza<\/strong> de la mano de <strong>Popi Spatocco.<\/strong><\/p>\n\n\n\n<div style=\"height:30px\" aria-hidden=\"true\" class=\"wp-block-spacer\"><\/div>\n\n\n\n<figure class=\"wp-block-gallery has-nested-images columns-default is-cropped wp-block-gallery-1 is-layout-flex wp-block-gallery-is-layout-flex\">\n<figure class=\"wp-block-image size-full\"><a href=\"https:\/\/enolife.com.ar\/es\/wp-content\/uploads\/2025\/03\/image-9.png\" data-rel=\"penci-gallery-image-content\" ><img loading=\"lazy\" decoding=\"async\" width=\"724\" height=\"500\" data-id=\"139888\" src=\"https:\/\/enolife.com.ar\/es\/wp-content\/uploads\/2025\/03\/image-9.png\" alt=\"\" class=\"wp-image-139888\" srcset=\"https:\/\/enolife.com.ar\/es\/wp-content\/uploads\/2025\/03\/image-9.png 724w, https:\/\/enolife.com.ar\/es\/wp-content\/uploads\/2025\/03\/image-9-300x207.png 300w, https:\/\/enolife.com.ar\/es\/wp-content\/uploads\/2025\/03\/image-9-585x404.png 585w\" sizes=\"auto, (max-width: 724px) 100vw, 724px\" \/><\/a><\/figure>\n\n\n\n<figure class=\"wp-block-image size-full\"><a href=\"https:\/\/enolife.com.ar\/es\/wp-content\/uploads\/2025\/03\/image-10.png\" data-rel=\"penci-gallery-image-content\" ><img loading=\"lazy\" decoding=\"async\" width=\"722\" height=\"500\" data-id=\"139889\" src=\"https:\/\/enolife.com.ar\/es\/wp-content\/uploads\/2025\/03\/image-10.png\" alt=\"\" class=\"wp-image-139889\" srcset=\"https:\/\/enolife.com.ar\/es\/wp-content\/uploads\/2025\/03\/image-10.png 722w, https:\/\/enolife.com.ar\/es\/wp-content\/uploads\/2025\/03\/image-10-300x208.png 300w, https:\/\/enolife.com.ar\/es\/wp-content\/uploads\/2025\/03\/image-10-585x405.png 585w\" sizes=\"auto, (max-width: 722px) 100vw, 722px\" \/><\/a><\/figure>\n<\/figure>\n\n\n\n<div style=\"height:35px\" aria-hidden=\"true\" class=\"wp-block-spacer\"><\/div>\n\n\n\n<p class=\"has-medium-font-size\"><strong>Datos a tener en cuenta<\/strong><\/p>\n\n\n\n<ul class=\"wp-block-list\">\n<li><strong>Horario de apertura del predio:<\/strong>&nbsp;se habilitar\u00e1 a partir de las 18 con propuestas gastron\u00f3micas y un espacio de confort<strong>.<\/strong>&nbsp;A partir de las 19, comenzar\u00e1 la previa con m\u00fasica en vivo en el Patio Malbec.<\/li>\n\n\n\n<li><strong>Convenio con Cabify: 20% de descuento, con un tope de $2000,<\/strong>&nbsp;en 2 viajes para usuarios nuevos y recurrentes. Vigencia del 6\/3 al 7\/3 del 2025. C\u00f3digo: FIESTACOSECHA2025.<\/li>\n\n\n\n<li><strong>\u00d3mnibus gratis:&nbsp;<\/strong>Los colectivos del Grupo 6 saldr\u00e1n del Control (Independencia 2690, Las Heras) para el traslado al Aeropuerto y para el regreso al finalizar la fiesta.<\/li>\n\n\n\n<li><strong>Donaci\u00f3n al Banco de Alimentos Mendoza:&nbsp;<\/strong>En los ingresos al sector de sillas habr\u00e1 un puesto donde se recibir\u00e1n las donaciones: preferentemente leche (en polvo y larga vida).<\/li>\n\n\n\n<li><strong>Ingresos y estacionamientos:<\/strong>&nbsp;El acceso tradicional al edificio del aeropuerto queda s\u00f3lo reservado para pasajeros y tripulaciones. Pasando esta entrada, habr\u00e1 tres portones:\n<ul class=\"wp-block-list\">\n<li><strong>Port\u00f3n 1:&nbsp;<\/strong>destinado a personas con discapacidad;<\/li>\n\n\n\n<li><strong>Port\u00f3n 2:<\/strong>&nbsp;para quien tenga entrada A<\/li>\n\n\n\n<li><strong>Port\u00f3n 3:&nbsp;<\/strong>para quien tenga entrada B<\/li>\n\n\n\n<li>Habr\u00e1 estrictos controles de ingreso con lectores del QR de las entradas.<\/li>\n<\/ul>\n<\/li>\n<\/ul>\n\n\n\n<div style=\"height:20px\" aria-hidden=\"true\" class=\"wp-block-spacer\"><\/div>\n\n\n\n<p>Este cl\u00e1sico del calendario vendimial es organizado por el Fondo Vitivin\u00edcola, junto al Gobierno de Mendoza -a trav\u00e9s de sus \u00e1reas de Cultura y Turismo-, las municipalidades de Las Heras y Guaymall\u00e9n; cuenta con el apoyo de Aeropuertos Argentina 2000 y el financiamiento del Consejo Federal de Inversiones y la Corporaci\u00f3n Vitivin\u00edcola Argentina. Es un evento solidario, en el que se pide al p\u00fablico donaciones de leche (larga vida o en polvo) u otros alimentos no perecederos para entregar al Banco de Alimentos Mendoza.<\/p>\n\n\n\n<p class=\"has-background\" style=\"background-color:#abb7c278\"><strong>Toda la info de la Fiesta de la Cosecha en&nbsp;<a href=\"https:\/\/www.instagram.com\/fiestadelacosecha\/?hl=es\">@fiestadelacosecha<\/a>&nbsp;y&nbsp;<a href=\"http:\/\/www.fiestadelacosecha.ar\/\">www.fiestadelacosecha.ar<\/a><\/strong><\/p>\n\n\n\n<div style=\"height:30px\" aria-hidden=\"true\" class=\"wp-block-spacer\"><\/div>\n","protected":false},"excerpt":{"rendered":"<p>La tradicional celebraci\u00f3n del calendario vendimial, \u00abFiesta de la Cosecha\u00bb, que habitualmente se realiza el&hellip;<\/p>\n","protected":false},"author":2,"featured_media":139892,"comment_status":"open","ping_status":"open","sticky":false,"template":"","format":"standard","meta":{"footnotes":""},"categories":[47],"tags":[],"class_list":["post-139881","post","type-post","status-publish","format-standard","has-post-thumbnail","hentry","category-agenda"],"_links":{"self":[{"href":"https:\/\/enolife.com.ar\/es\/wp-json\/wp\/v2\/posts\/139881","targetHints":{"allow":["GET"]}}],"collection":[{"href":"https:\/\/enolife.com.ar\/es\/wp-json\/wp\/v2\/posts"}],"about":[{"href":"https:\/\/enolife.com.ar\/es\/wp-json\/wp\/v2\/types\/post"}],"author":[{"embeddable":true,"href":"https:\/\/enolife.com.ar\/es\/wp-json\/wp\/v2\/users\/2"}],"replies":[{"embeddable":true,"href":"https:\/\/enolife.com.ar\/es\/wp-json\/wp\/v2\/comments?post=139881"}],"version-history":[{"count":0,"href":"https:\/\/enolife.com.ar\/es\/wp-json\/wp\/v2\/posts\/139881\/revisions"}],"wp:featuredmedia":[{"embeddable":true,"href":"https:\/\/enolife.com.ar\/es\/wp-json\/wp\/v2\/media\/139892"}],"wp:attachment":[{"href":"https:\/\/enolife.com.ar\/es\/wp-json\/wp\/v2\/media?parent=139881"}],"wp:term":[{"taxonomy":"category","embeddable":true,"href":"https:\/\/enolife.com.ar\/es\/wp-json\/wp\/v2\/categories?post=139881"},{"taxonomy":"post_tag","embeddable":true,"href":"https:\/\/enolife.com.ar\/es\/wp-json\/wp\/v2\/tags?post=139881"}],"curies":[{"name":"wp","href":"https:\/\/api.w.org\/{rel}","templated":true}]}}