{"id":139870,"date":"2025-03-05T14:35:54","date_gmt":"2025-03-05T14:35:54","guid":{"rendered":"https:\/\/enolife.com.ar\/es\/?p=139870"},"modified":"2025-03-06T17:48:36","modified_gmt":"2025-03-06T17:48:36","slug":"donde-esperar-las-uvas-que-las-reinas-regalan-durante-la-via-blanca-y-el-carrusel-2025","status":"publish","type":"post","link":"https:\/\/enolife.com.ar\/es\/donde-esperar-las-uvas-que-las-reinas-regalan-durante-la-via-blanca-y-el-carrusel-2025\/","title":{"rendered":"D\u00f3nde esperar las uvas que las reinas regalan durante la V\u00eda Blanca y el Carrusel 2025"},"content":{"rendered":"\n<h4 class=\"wp-block-heading\"><em><strong>Como cada a\u00f1o, la vendimia es una verdadera fiesta en la ciudad de Mendoza, arrancando con los desfiles V\u00eda Blanca, que se realiza el viernes 7\/3 a las 21 hs, y el Carrusel, el s\u00e1bado 8\/3 a partir de las 9 hs. A continuaci\u00f3n, explicamos por d\u00f3nde pasar\u00e1n las carrozas departamentales, y en qu\u00e9 orden. Ahora s\u00ed, canastita en mano, a recoger los frutos de nuestra tierra. <\/strong><\/em><\/h4>\n\n\n\n<div style=\"height:35px\" aria-hidden=\"true\" class=\"wp-block-spacer\"><\/div>\n\n\n<a href=\"https:\/\/www.linkedin.com\/company\/agrinet-sa\/?originalSubdomain=ar\" aria-label=\"1700X500\"><img loading=\"lazy\" decoding=\"async\" src=\"https:\/\/enolife.com.ar\/es\/wp-content\/uploads\/2021\/11\/1700X500.gif\" alt=\"\"  width=\"1700\" height=\"500\"   \/><\/a>\n\n\n<div style=\"height:45px\" aria-hidden=\"true\" class=\"wp-block-spacer\"><\/div>\n\n\n\n<p>La Subsecretar\u00eda de Cultura de la Provincia de Mendoza comunic\u00f3 el recorrido que realizar\u00e1n los tradicionales desfiles por las calles c\u00e9ntricas de la capital. Participar\u00e1n carros vendimiales, agrupaciones gauchas, murgas y caporales, entre otros.<\/p>\n\n\n\n<p>La <strong>V\u00eda Blanca <\/strong>de las Reinas ser\u00e1 el <strong>viernes 7, desde las 21 <\/strong>y comenzar\u00e1 en San Mart\u00edn y Vicente Zapata, continuar\u00e1 hasta Las Heras, de all\u00ed ir\u00e1 hasta Chile, doblar\u00e1 por calle Sarmiento y en calle Belgrano ser\u00e1 la desconcentraci\u00f3n.<\/p>\n\n\n\n<div style=\"height:30px\" aria-hidden=\"true\" class=\"wp-block-spacer\"><\/div>\n\n\n<div class=\"wp-block-image\">\n<figure class=\"aligncenter size-full is-resized\"><a href=\"https:\/\/enolife.com.ar\/es\/wp-content\/uploads\/2025\/03\/via-blanca.png\" data-rel=\"penci-gallery-image-content\" ><img loading=\"lazy\" decoding=\"async\" src=\"https:\/\/enolife.com.ar\/es\/wp-content\/uploads\/2025\/03\/via-blanca.png\" alt=\"\" class=\"wp-image-139873\" width=\"558\" height=\"387\" srcset=\"https:\/\/enolife.com.ar\/es\/wp-content\/uploads\/2025\/03\/via-blanca.png 765w, https:\/\/enolife.com.ar\/es\/wp-content\/uploads\/2025\/03\/via-blanca-300x208.png 300w, https:\/\/enolife.com.ar\/es\/wp-content\/uploads\/2025\/03\/via-blanca-585x406.png 585w\" sizes=\"auto, (max-width: 558px) 100vw, 558px\" \/><\/a><\/figure><\/div>\n\n\n<div style=\"height:30px\" aria-hidden=\"true\" class=\"wp-block-spacer\"><\/div>\n\n\n\n<p>El <strong>Carrusel <\/strong>tendr\u00e1 lugar al d\u00eda siguiente, el <strong>s\u00e1bado 8 y comenzar\u00e1 a las 9<\/strong>. Partir\u00e1 desde los portones del Parque General San Mart\u00edn, se dirigir\u00e1 hacia el este, por Emilio Civit hasta la Plaza Independencia, all\u00ed doblar\u00e1 hacia el norte, por Chile hasta Las Heras, desde ah\u00ed hasta San Mart\u00edn hacia el sur hasta Col\u00f3n, para su desconcentraci\u00f3n.<\/p>\n\n\n\n<div style=\"height:30px\" aria-hidden=\"true\" class=\"wp-block-spacer\"><\/div>\n\n\n<div class=\"wp-block-image\">\n<figure class=\"aligncenter size-full is-resized\"><a href=\"https:\/\/enolife.com.ar\/es\/wp-content\/uploads\/2025\/03\/carrusel-700x486-1.png\" data-rel=\"penci-gallery-image-content\" ><img loading=\"lazy\" decoding=\"async\" src=\"https:\/\/enolife.com.ar\/es\/wp-content\/uploads\/2025\/03\/carrusel-700x486-1.png\" alt=\"\" class=\"wp-image-139874\" width=\"592\" height=\"411\" srcset=\"https:\/\/enolife.com.ar\/es\/wp-content\/uploads\/2025\/03\/carrusel-700x486-1.png 700w, https:\/\/enolife.com.ar\/es\/wp-content\/uploads\/2025\/03\/carrusel-700x486-1-300x208.png 300w, https:\/\/enolife.com.ar\/es\/wp-content\/uploads\/2025\/03\/carrusel-700x486-1-585x406.png 585w\" sizes=\"auto, (max-width: 592px) 100vw, 592px\" \/><\/a><\/figure><\/div>\n\n\n<div style=\"height:35px\" aria-hidden=\"true\" class=\"wp-block-spacer\"><\/div>\n\n\n\n<p class=\"has-medium-font-size\"><strong>Orden de los carros departamentales<\/strong><\/p>\n\n\n\n<ol class=\"wp-block-list\">\n<li>Guaymall\u00e9n<\/li>\n\n\n\n<li>San Carlos<\/li>\n\n\n\n<li>Tupungato<\/li>\n\n\n\n<li>Rivadavia<\/li>\n\n\n\n<li>Malarg\u00fce<\/li>\n\n\n\n<li>Ciudad de Mendoza<\/li>\n\n\n\n<li> Lavalle<\/li>\n\n\n\n<li>San Rafael<\/li>\n\n\n\n<li>Las Heras<\/li>\n\n\n\n<li>General Alvear<\/li>\n\n\n\n<li>Godoy Cruz<\/li>\n\n\n\n<li>Maip\u00fa<\/li>\n\n\n\n<li>Santa Rosa<\/li>\n\n\n\n<li>Tunuy\u00e1n<\/li>\n\n\n\n<li>Luj\u00e1n De Cuyo<\/li>\n\n\n\n<li>San Mart\u00edn<\/li>\n\n\n\n<li>La Paz<\/li>\n\n\n\n<li>Jun\u00edn<\/li>\n<\/ol>\n\n\n\n<div style=\"height:30px\" aria-hidden=\"true\" class=\"wp-block-spacer\"><\/div>\n","protected":false},"excerpt":{"rendered":"<p>Como cada a\u00f1o, la vendimia es una verdadera fiesta en la ciudad de Mendoza, arrancando&hellip;<\/p>\n","protected":false},"author":2,"featured_media":139879,"comment_status":"open","ping_status":"open","sticky":false,"template":"","format":"standard","meta":{"footnotes":""},"categories":[47],"tags":[],"class_list":["post-139870","post","type-post","status-publish","format-standard","has-post-thumbnail","hentry","category-agenda"],"_links":{"self":[{"href":"https:\/\/enolife.com.ar\/es\/wp-json\/wp\/v2\/posts\/139870","targetHints":{"allow":["GET"]}}],"collection":[{"href":"https:\/\/enolife.com.ar\/es\/wp-json\/wp\/v2\/posts"}],"about":[{"href":"https:\/\/enolife.com.ar\/es\/wp-json\/wp\/v2\/types\/post"}],"author":[{"embeddable":true,"href":"https:\/\/enolife.com.ar\/es\/wp-json\/wp\/v2\/users\/2"}],"replies":[{"embeddable":true,"href":"https:\/\/enolife.com.ar\/es\/wp-json\/wp\/v2\/comments?post=139870"}],"version-history":[{"count":0,"href":"https:\/\/enolife.com.ar\/es\/wp-json\/wp\/v2\/posts\/139870\/revisions"}],"wp:featuredmedia":[{"embeddable":true,"href":"https:\/\/enolife.com.ar\/es\/wp-json\/wp\/v2\/media\/139879"}],"wp:attachment":[{"href":"https:\/\/enolife.com.ar\/es\/wp-json\/wp\/v2\/media?parent=139870"}],"wp:term":[{"taxonomy":"category","embeddable":true,"href":"https:\/\/enolife.com.ar\/es\/wp-json\/wp\/v2\/categories?post=139870"},{"taxonomy":"post_tag","embeddable":true,"href":"https:\/\/enolife.com.ar\/es\/wp-json\/wp\/v2\/tags?post=139870"}],"curies":[{"name":"wp","href":"https:\/\/api.w.org\/{rel}","templated":true}]}}