{"id":139620,"date":"2025-03-03T02:16:20","date_gmt":"2025-03-03T02:16:20","guid":{"rendered":"https:\/\/enolife.com.ar\/es\/?p=139620"},"modified":"2025-03-04T17:23:04","modified_gmt":"2025-03-04T17:23:04","slug":"mirta-gimenez-la-modista-de-vendimia-que-dirige-la-confeccion-de-9-840-prendas-con-7-500-m-de-tela","status":"publish","type":"post","link":"https:\/\/enolife.com.ar\/es\/mirta-gimenez-la-modista-de-vendimia-que-dirige-la-confeccion-de-9-840-prendas-con-7-500-m-de-tela\/","title":{"rendered":"Mirta Gim\u00e9nez, la modista de Vendimia que dirige la confecci\u00f3n de 9.840 prendas con 7.500 m de tela"},"content":{"rendered":"\n<h4 class=\"wp-block-heading\"><em><strong>Creci\u00f3 entre trapos y tijeras. A los 13 a\u00f1os aprendi\u00f3 costura en el seno de su familia de modistas. Estudi\u00f3, se recibi\u00f3 y ense\u00f1a como profesora de corte, confecci\u00f3n y dise\u00f1o. Por algo la eligieron para la tit\u00e1nica tarea de supervisar un equipo de 50 personas que cada a\u00f1o, desde 6 meses antes, comienza a confeccionar los miles de vestidos que lucir\u00e1n los bailarines, actores y m\u00fasicos en el Acto Central de la Fiesta de la Vendimia a comienzos de marzo. Orgullosa de su oficio, lleva 7 a\u00f1os en ese puesto y nos cuenta c\u00f3mo preparan sin pausa cada detalle del vestuario.<\/strong><\/em><\/h4>\n\n\n\n<div style=\"height:35px\" aria-hidden=\"true\" class=\"wp-block-spacer\"><\/div>\n\n\n\n\n\n<div style=\"height:45px\" aria-hidden=\"true\" class=\"wp-block-spacer\"><\/div>\n\n\n\n<p>En el coraz\u00f3n de la organizaci\u00f3n del <strong>Acto Central de la Fiesta Nacional de la Vendimia 2025<\/strong>, titulado&nbsp;este a\u00f1o <strong>\u00abGuardiana del vino eterno\u00bb<\/strong><em>,&nbsp;<\/em><strong>Mirta Gim\u00e9nez<\/strong> se destaca como una figura clave. Como supervisora del \u00e1rea de <strong>Vestuario<\/strong>, lidera con dedicaci\u00f3n a un equipo de 50 personas, quienes trabajan incansablemente para preparar cada detalle de los atuendos que lucir\u00e1n los artistas en esta emblem\u00e1tica celebraci\u00f3n.<\/p>\n\n\n\n<p>Este a\u00f1o, el \u00e1rea de Vestuario enfrenta el desaf\u00edo de gestionar <strong>9.580 prendas<\/strong>. En un esfuerzo por optimizar recursos, <strong>80% del vestuario<\/strong> se ha reutilizado mediante ajustes y renovaciones, mientras que el <strong>20% restante se compone de prendas nuevas<\/strong>, confeccionadas con <strong>7.500 metros de tela<\/strong> especialmente seleccionada.<\/p>\n\n\n\n<div style=\"height:35px\" aria-hidden=\"true\" class=\"wp-block-spacer\"><\/div>\n\n\n\n<p class=\"has-medium-font-size\"><strong>Del dise\u00f1o al planchado<\/strong><\/p>\n\n\n\n<p>Mirta celebra los avances logrados en esta edici\u00f3n de la Fiesta: <em>\u201cContamos con todos los materiales e insumos desde el comienzo, lo que nos ha permitido trabajar con mayor fluidez y eficacia\u201d<\/em>, expresa con alegr\u00eda.<\/p>\n\n\n\n<p>El rol de la supervisora es tan detallado como exigente. Su trabajo comienza con la interpretaci\u00f3n de los bocetos proporcionados por el dise\u00f1ador, contin\u00faa con la creaci\u00f3n de moldes y concluye con la confecci\u00f3n, el planchado y la entrega final de las prendas. Todo debe estar listo para el ensayo general, programado para el viernes previo al Acto Central de la Fiesta Nacional de la Vendimia.<\/p>\n\n\n\n<p>Aunque el trabajo de supervisora del vestuario implica muchas horas de organizaci\u00f3n, planificaci\u00f3n y resoluci\u00f3n de problemas, Mirta destaca el momento \u00fanico en que el esfuerzo de todo el equipo se materializa en el escenario. <\/p>\n\n\n\n<div style=\"height:30px\" aria-hidden=\"true\" class=\"wp-block-spacer\"><\/div>\n\n\n<div class=\"wp-block-image\">\n<figure class=\"aligncenter is-resized\"><a href=\"https:\/\/www.mendoza.gov.ar\/wp-content\/uploads\/sites\/5\/2025\/01\/DEL_2766.jpg\" data-rel=\"penci-gallery-image-content\" ><img loading=\"lazy\" decoding=\"async\" src=\"https:\/\/www.mendoza.gov.ar\/wp-content\/uploads\/sites\/5\/2025\/01\/DEL_2766-700x481.jpg\" alt=\"\" class=\"wp-image-452639\" width=\"540\" height=\"372\"\/><\/a><\/figure><\/div>\n\n\n<div style=\"height:30px\" aria-hidden=\"true\" class=\"wp-block-spacer\"><\/div>\n\n\n\n<blockquote class=\"wp-block-quote is-layout-flow wp-block-quote-is-layout-flow\">\n<p>Cuando veo el resultado final en el ensayo, ver a los artistas luciendo lo que hemos creado, se me llenan los ojos de l\u00e1grimas. Es un trabajo que te emociona porque sab\u00e9s que cada prenda tiene un significado. Parte de lo que ves en el escenario es producto de lo que hemos hecho nosotros\u00bb.<\/p>\n<cite>Mirta Gim\u00e9nez, supervisora de Vestuario de Vendimia<\/cite><\/blockquote>\n\n\n\n<div style=\"height:45px\" aria-hidden=\"true\" class=\"wp-block-spacer\"><\/div>\n\n\n\n<p class=\"has-medium-font-size\"><strong>Una pasi\u00f3n heredada<\/strong><\/p>\n\n\n\n<p>La vida de Mirta est\u00e1 marcada por la costura y el arte del dise\u00f1o. Creci\u00f3 rodeada de modistas y sastres, all\u00ed naci\u00f3 su pasi\u00f3n por el mundo de la moda. <\/p>\n\n\n\n<div style=\"height:20px\" aria-hidden=\"true\" class=\"wp-block-spacer\"><\/div>\n\n\n\n<h3 class=\"wp-block-heading has-vivid-red-color has-text-color\">\u00abToda mi vida he vivido entre trapos y modistas, mi familia ha sido parte de este mundo desde siempre. A los 13 a\u00f1os comenc\u00e9 a querer aprender costura\u00bb.<\/h3>\n\n\n\n<div style=\"height:30px\" aria-hidden=\"true\" class=\"wp-block-spacer\"><\/div>\n\n\n<div class=\"wp-block-image\">\n<figure class=\"aligncenter size-large is-resized\"><a href=\"https:\/\/enolife.com.ar\/es\/wp-content\/uploads\/2025\/03\/modista1.jpg\" data-rel=\"penci-gallery-image-content\" ><img loading=\"lazy\" decoding=\"async\" src=\"https:\/\/enolife.com.ar\/es\/wp-content\/uploads\/2025\/03\/modista1-1024x768.jpg\" alt=\"\" class=\"wp-image-139626\" width=\"561\" height=\"420\" srcset=\"https:\/\/enolife.com.ar\/es\/wp-content\/uploads\/2025\/03\/modista1-1024x768.jpg 1024w, https:\/\/enolife.com.ar\/es\/wp-content\/uploads\/2025\/03\/modista1-300x225.jpg 300w, https:\/\/enolife.com.ar\/es\/wp-content\/uploads\/2025\/03\/modista1-768x576.jpg 768w, https:\/\/enolife.com.ar\/es\/wp-content\/uploads\/2025\/03\/modista1-1170x878.jpg 1170w, https:\/\/enolife.com.ar\/es\/wp-content\/uploads\/2025\/03\/modista1-585x439.jpg 585w, https:\/\/enolife.com.ar\/es\/wp-content\/uploads\/2025\/03\/modista1.jpg 1280w\" sizes=\"auto, (max-width: 561px) 100vw, 561px\" \/><\/a><figcaption class=\"wp-element-caption\"><em><strong>Una de las modistas del equipo de 50 expertos que colaboran con Mirta.<\/strong><\/em><\/figcaption><\/figure><\/div>\n\n\n<div style=\"height:30px\" aria-hidden=\"true\" class=\"wp-block-spacer\"><\/div>\n\n\n\n<p>Su carrera profesional como profesora de corte, confecci\u00f3n y dise\u00f1o la ha preparado para asumir con \u00e9xito su rol actual. En la supervisi\u00f3n de vestuario encontr\u00f3 un lugar donde su pasi\u00f3n y experiencia se destacan. <em>\u201cMe sorprendi\u00f3 convertirme en supervisora del vestuario de la Vendimia, fue algo que surgi\u00f3 casi de forma inesperada, pero aqu\u00ed estoy, celebrando mi s\u00e9ptimo a\u00f1o en este rol\u201d<\/em>, comenta con orgullo.<\/p>\n\n\n\n<div style=\"height:30px\" aria-hidden=\"true\" class=\"wp-block-spacer\"><\/div>\n\n\n<div class=\"wp-block-image\">\n<figure class=\"aligncenter size-large is-resized\"><a href=\"https:\/\/enolife.com.ar\/es\/wp-content\/uploads\/2025\/03\/modista2-scaled.jpg\" data-rel=\"penci-gallery-image-content\" ><img loading=\"lazy\" decoding=\"async\" src=\"https:\/\/enolife.com.ar\/es\/wp-content\/uploads\/2025\/03\/modista2-1024x683.jpg\" alt=\"\" class=\"wp-image-139628\" width=\"543\" height=\"361\" srcset=\"https:\/\/enolife.com.ar\/es\/wp-content\/uploads\/2025\/03\/modista2-1024x683.jpg 1024w, https:\/\/enolife.com.ar\/es\/wp-content\/uploads\/2025\/03\/modista2-300x200.jpg 300w, https:\/\/enolife.com.ar\/es\/wp-content\/uploads\/2025\/03\/modista2-768x512.jpg 768w, https:\/\/enolife.com.ar\/es\/wp-content\/uploads\/2025\/03\/modista2-1536x1024.jpg 1536w, https:\/\/enolife.com.ar\/es\/wp-content\/uploads\/2025\/03\/modista2-2048x1365.jpg 2048w, https:\/\/enolife.com.ar\/es\/wp-content\/uploads\/2025\/03\/modista2-1170x780.jpg 1170w, https:\/\/enolife.com.ar\/es\/wp-content\/uploads\/2025\/03\/modista2-585x390.jpg 585w\" sizes=\"auto, (max-width: 543px) 100vw, 543px\" \/><\/a><figcaption class=\"wp-element-caption\"><em><strong>En el taller de costura, las m\u00e1quinas esperan los rollos de telas que se convertir\u00e1n en vestidos.<\/strong><\/em><\/figcaption><\/figure><\/div>\n\n\n<div style=\"height:30px\" aria-hidden=\"true\" class=\"wp-block-spacer\"><\/div>\n\n\n\n<p>El amor y dedicaci\u00f3n por la Vendimia, sumado al gran trabajo de Mirta y su equipo, reflejan lo que significa ser parte de una fiesta de tal magnitud. Cada detalle es un homenaje a la tradici\u00f3n y la cultura.<\/p>\n\n\n\n<div style=\"height:30px\" aria-hidden=\"true\" class=\"wp-block-spacer\"><\/div>\n\n\n\n<p class=\"has-small-font-size\"><em><strong>Fuente: Prensa Gobierno de Mendoza<\/strong><\/em><\/p>\n\n\n\n<div style=\"height:17px\" aria-hidden=\"true\" class=\"wp-block-spacer\"><\/div>\n","protected":false},"excerpt":{"rendered":"<p>Creci\u00f3 entre trapos y tijeras. A los 13 a\u00f1os aprendi\u00f3 costura en el seno de&hellip;<\/p>\n","protected":false},"author":2,"featured_media":139635,"comment_status":"open","ping_status":"open","sticky":false,"template":"","format":"standard","meta":{"footnotes":""},"categories":[14],"tags":[],"class_list":["post-139620","post","type-post","status-publish","format-standard","has-post-thumbnail","hentry","category-news"],"_links":{"self":[{"href":"https:\/\/enolife.com.ar\/es\/wp-json\/wp\/v2\/posts\/139620","targetHints":{"allow":["GET"]}}],"collection":[{"href":"https:\/\/enolife.com.ar\/es\/wp-json\/wp\/v2\/posts"}],"about":[{"href":"https:\/\/enolife.com.ar\/es\/wp-json\/wp\/v2\/types\/post"}],"author":[{"embeddable":true,"href":"https:\/\/enolife.com.ar\/es\/wp-json\/wp\/v2\/users\/2"}],"replies":[{"embeddable":true,"href":"https:\/\/enolife.com.ar\/es\/wp-json\/wp\/v2\/comments?post=139620"}],"version-history":[{"count":0,"href":"https:\/\/enolife.com.ar\/es\/wp-json\/wp\/v2\/posts\/139620\/revisions"}],"wp:featuredmedia":[{"embeddable":true,"href":"https:\/\/enolife.com.ar\/es\/wp-json\/wp\/v2\/media\/139635"}],"wp:attachment":[{"href":"https:\/\/enolife.com.ar\/es\/wp-json\/wp\/v2\/media?parent=139620"}],"wp:term":[{"taxonomy":"category","embeddable":true,"href":"https:\/\/enolife.com.ar\/es\/wp-json\/wp\/v2\/categories?post=139620"},{"taxonomy":"post_tag","embeddable":true,"href":"https:\/\/enolife.com.ar\/es\/wp-json\/wp\/v2\/tags?post=139620"}],"curies":[{"name":"wp","href":"https:\/\/api.w.org\/{rel}","templated":true}]}}