{"id":139556,"date":"2025-03-02T21:14:27","date_gmt":"2025-03-02T21:14:27","guid":{"rendered":"https:\/\/enolife.com.ar\/es\/?p=139556"},"modified":"2025-03-03T20:00:20","modified_gmt":"2025-03-03T20:00:20","slug":"la-vendimia-en-tucuman-se-celebra-con-ritos-ancestrales-musica-y-degustaciones-hasta-abril","status":"publish","type":"post","link":"https:\/\/enolife.com.ar\/es\/la-vendimia-en-tucuman-se-celebra-con-ritos-ancestrales-musica-y-degustaciones-hasta-abril\/","title":{"rendered":"La vendimia en Tucum\u00e1n se celebra con ritos ancestrales, m\u00fasica y degustaciones hasta abril"},"content":{"rendered":"\n<h4 class=\"wp-block-heading\"><em><strong>La vendimia en la provincia llamada \u00abJard\u00edn de la Rep\u00fablica\u00bb de Argentina fusiona tradici\u00f3n, vino y festejos. Degustaciones, m\u00fasica y experiencias sensoriales esperan a locales y turistas en fincas y vi\u00f1edos de esta zona integrante de los Valles Calchaqu\u00edes. Aqu\u00ed una agenda de las pr\u00f3ximos eventos propuestos por las bodegas y vi\u00f1edos de altura de Tucum\u00e1n.<\/strong><\/em><\/h4>\n\n\n\n<div style=\"height:35px\" aria-hidden=\"true\" class=\"wp-block-spacer\"><\/div>\n\n\n\n\n\n<div style=\"height:45px\" aria-hidden=\"true\" class=\"wp-block-spacer\"><\/div>\n\n\n\n<p>El sol ti\u00f1e los vi\u00f1edos, las parras se curvan por el peso de los racimos maduros y el aire se impregna de un dulzor que anuncia la llegada de un momento \u00fanico: la vendimia. No es s\u00f3lo la cosecha de la uva, sino el cierre de un ciclo, la recompensa que da la tierra tras una larga espera. Y eso, en <strong>Tucum\u00e1n<\/strong>, se festeja: cada cosecha es un testimonio del esfuerzo de quienes apuestan a este suelo para producir vinos de calidad. Por eso, las bodegas de los <strong>Valles Calchaqu\u00edes<\/strong> ya se preparan para celebrar, cada una a su modo.&nbsp;<\/p>\n\n\n\n<p>Es sabido que en cada rinc\u00f3n del mundo la vendimia se festeja con rituales propios, pero en <strong>Tucum\u00e1n<\/strong>, esta fiesta adquiere una identidad particular. Aqu\u00ed, en el <strong>Jard\u00edn de la Rep\u00fablica<\/strong>, los vi\u00f1edos desaf\u00edan las alturas y el clima para regalar vinos que sorprenden y enamoran. Y m\u00e1s que un acto agr\u00edcola, la vendimia es un s\u00edmbolo de identidad y de tradici\u00f3n. Es el encuentro de productores, en\u00f3logos y visitantes que se sumergen en la experiencia de pisar uvas, recorrer los vi\u00f1edos y alzar la copa en un brindis compartido. Es m\u00fasica y danza al ritmo de los festejos, es gastronom\u00eda que realza los sabores del vino, es un viaje sensorial que invita a descubrir Tucum\u00e1n desde otro \u00e1ngulo.<\/p>\n\n\n\n<div style=\"height:35px\" aria-hidden=\"true\" class=\"wp-block-spacer\"><\/div>\n\n\n<div class=\"wp-block-image\">\n<figure class=\"aligncenter size-full is-resized\"><a href=\"https:\/\/enolife.com.ar\/es\/wp-content\/uploads\/2025\/03\/818x460_210822130100_26155.jpg\" data-rel=\"penci-gallery-image-content\" ><img loading=\"lazy\" decoding=\"async\" src=\"https:\/\/enolife.com.ar\/es\/wp-content\/uploads\/2025\/03\/818x460_210822130100_26155.jpg\" alt=\"\" class=\"wp-image-139563\" width=\"569\" height=\"333\" srcset=\"https:\/\/enolife.com.ar\/es\/wp-content\/uploads\/2025\/03\/818x460_210822130100_26155.jpg 855w, https:\/\/enolife.com.ar\/es\/wp-content\/uploads\/2025\/03\/818x460_210822130100_26155-300x175.jpg 300w, https:\/\/enolife.com.ar\/es\/wp-content\/uploads\/2025\/03\/818x460_210822130100_26155-768x449.jpg 768w, https:\/\/enolife.com.ar\/es\/wp-content\/uploads\/2025\/03\/818x460_210822130100_26155-585x342.jpg 585w\" sizes=\"auto, (max-width: 569px) 100vw, 569px\" \/><\/a><\/figure><\/div>\n\n\n<div style=\"height:30px\" aria-hidden=\"true\" class=\"wp-block-spacer\"><\/div>\n\n\n\n<p>Y para que todos puedan disfrutar, compartimos algunas propuestas de bodegas y vi\u00f1edos tucumanos que abren sus puertas para esta celebraci\u00f3n \u00fanica. Degustaciones, recorridos, espect\u00e1culos y experiencias sensoriales se proponen en un entorno \u00fanico.<\/p>\n\n\n\n<div style=\"height:35px\" aria-hidden=\"true\" class=\"wp-block-spacer\"><\/div>\n\n\n\n<p class=\"has-medium-font-size\"><strong>Carnaval y Vendimia&nbsp;<\/strong><\/p>\n\n\n\n<p>En la <strong>Estancia R\u00edo de Arena<\/strong>, el Carnaval se fusion\u00f3 con la Vendimia en una celebraci\u00f3n irrepetible: el <strong>Desentierro del Diablo XXII<\/strong>. El 1 de marzo, la Estancia ofreci\u00f3 una jornada cargada de m\u00fasica, tradici\u00f3n y alegr\u00eda. Como cada a\u00f1o, el evento incluy\u00f3 el tradicional desentierro del diablo, una ceremonia ancestral que simboliza la llegada del Carnaval, acompa\u00f1ada de ofrendas a la <strong>Pachamama<\/strong> y un ambiente festivo que une a la comunidad en un ritual de ra\u00edces profundas.<\/p>\n\n\n\n<p>La m\u00fasica folcl\u00f3rica fue la gran protagonista, con la participaci\u00f3n de <strong>Noralia Villafa\u00f1e, Aire Mansero, Negro Ot\u00e1rola, Los Arrieros, Luna Creciente, D\u00fao Tafinando, Mocha Soldati con Carlos Podaza <\/strong>y<strong> Los Sure\u00f1os. <\/strong><\/p>\n\n\n\n<div style=\"height:35px\" aria-hidden=\"true\" class=\"wp-block-spacer\"><\/div>\n\n\n\n<p class=\"has-medium-font-size\"><strong>Homenaje a la cosecha y a la mujer<\/strong><\/p>\n\n\n\n<p>En <strong>Vi\u00f1as del Cha\u00f1ar<\/strong>, la Vendimia se convierte en una celebraci\u00f3n doble: el homenaje a la cosecha y a la mujer. El <strong>8 de marzo<\/strong> en <strong>Colalao del Valle<\/strong>, esta bodega invita a vivir una experiencia original que combina tradici\u00f3n, enoturismo y disfrute. <\/p>\n\n\n\n<div style=\"height:30px\" aria-hidden=\"true\" class=\"wp-block-spacer\"><\/div>\n\n\n\n<figure class=\"wp-block-gallery has-nested-images columns-default is-cropped wp-block-gallery-1 is-layout-flex wp-block-gallery-is-layout-flex\">\n<figure class=\"wp-block-image size-full\"><a href=\"https:\/\/enolife.com.ar\/es\/wp-content\/uploads\/2025\/03\/mujer-pacha-mama.jpg\" data-rel=\"penci-gallery-image-content\" ><img loading=\"lazy\" decoding=\"async\" width=\"412\" height=\"232\" data-id=\"139564\" src=\"https:\/\/enolife.com.ar\/es\/wp-content\/uploads\/2025\/03\/mujer-pacha-mama.jpg\" alt=\"\" class=\"wp-image-139564\" srcset=\"https:\/\/enolife.com.ar\/es\/wp-content\/uploads\/2025\/03\/mujer-pacha-mama.jpg 412w, https:\/\/enolife.com.ar\/es\/wp-content\/uploads\/2025\/03\/mujer-pacha-mama-300x169.jpg 300w\" sizes=\"auto, (max-width: 412px) 100vw, 412px\" \/><\/a><\/figure>\n\n\n\n<figure class=\"wp-block-image size-full\"><a href=\"https:\/\/enolife.com.ar\/es\/wp-content\/uploads\/2025\/03\/1073023_202502282135030000001.jpg\" data-rel=\"penci-gallery-image-content\" ><img loading=\"lazy\" decoding=\"async\" width=\"501\" height=\"500\" data-id=\"139565\" src=\"https:\/\/enolife.com.ar\/es\/wp-content\/uploads\/2025\/03\/1073023_202502282135030000001.jpg\" alt=\"\" class=\"wp-image-139565\" srcset=\"https:\/\/enolife.com.ar\/es\/wp-content\/uploads\/2025\/03\/1073023_202502282135030000001.jpg 501w, https:\/\/enolife.com.ar\/es\/wp-content\/uploads\/2025\/03\/1073023_202502282135030000001-300x300.jpg 300w, https:\/\/enolife.com.ar\/es\/wp-content\/uploads\/2025\/03\/1073023_202502282135030000001-150x150.jpg 150w\" sizes=\"auto, (max-width: 501px) 100vw, 501px\" \/><\/a><\/figure>\n<\/figure>\n\n\n\n<div style=\"height:30px\" aria-hidden=\"true\" class=\"wp-block-spacer\"><\/div>\n\n\n\n<p>Ser\u00e1 un evento en el que los asistentes podr\u00e1n participar de la vendimia guiada, descubriendo de cerca el arte de la cosecha, seguido de un almuerzo con empanadas, asado a la estaca con guarnici\u00f3n y postres regionales, maridados con los mejores vinos de la finca. La jornada estar\u00e1 acompa\u00f1ada por m\u00fasica en vivo. La cita es a partir de las 11 de la ma\u00f1ana en Ruta Nacional N\u00b0 40, Km 4314, y las reservas pueden realizarse a los tel\u00e9fonos 292 060-5201 (Gustavo) y 381 587-9440 (Alicia).<\/p>\n\n\n\n<div style=\"height:35px\" aria-hidden=\"true\" class=\"wp-block-spacer\"><\/div>\n\n\n\n<p class=\"has-medium-font-size\"><strong>Recolecci\u00f3n y meditaci\u00f3n<\/strong><\/p>\n\n\n\n<p>En la <strong>Bodega y Vi\u00f1edos Luna de Cuarzo<\/strong>, la Vendimia se transforma en un encuentro de conexi\u00f3n con la tierra, el vino y la espiritualidad. El <strong>15 de marzo<\/strong> la cooperativa invita a vivir una jornada especial donde la cosecha de la uva se entrelaza con rituales de meditaci\u00f3n y agradecimiento a la Pachamama. <\/p>\n\n\n\n<div style=\"height:30px\" aria-hidden=\"true\" class=\"wp-block-spacer\"><\/div>\n\n\n<div class=\"wp-block-image\">\n<figure class=\"aligncenter size-full\"><a href=\"https:\/\/enolife.com.ar\/es\/wp-content\/uploads\/2025\/03\/600x400_763272_201803051936400000001.jpg\" data-rel=\"penci-gallery-image-content\" ><img loading=\"lazy\" decoding=\"async\" width=\"600\" height=\"344\" src=\"https:\/\/enolife.com.ar\/es\/wp-content\/uploads\/2025\/03\/600x400_763272_201803051936400000001.jpg\" alt=\"\" class=\"wp-image-139568\" srcset=\"https:\/\/enolife.com.ar\/es\/wp-content\/uploads\/2025\/03\/600x400_763272_201803051936400000001.jpg 600w, https:\/\/enolife.com.ar\/es\/wp-content\/uploads\/2025\/03\/600x400_763272_201803051936400000001-300x172.jpg 300w, https:\/\/enolife.com.ar\/es\/wp-content\/uploads\/2025\/03\/600x400_763272_201803051936400000001-585x335.jpg 585w\" sizes=\"auto, (max-width: 600px) 100vw, 600px\" \/><\/a><\/figure><\/div>\n\n\n<div style=\"height:30px\" aria-hidden=\"true\" class=\"wp-block-spacer\"><\/div>\n\n\n\n<p>La experiencia comenzar\u00e1 a las 9 hs con la recepci\u00f3n de los invitados y con la formaci\u00f3n de grupos para la cosecha en el vi\u00f1edo principal. Luego, la jornada tendr\u00e1 una meditaci\u00f3n guiada con cuencos de cuarzo, seguida de una sahumada y la tradicional pisada de uvas, que culminar\u00e1 en un ritual de agradecimiento a la Pachamama. Se ofrecer\u00e1 un almuerzo regional y m\u00fasica en vivo; tambi\u00e9n se ofrecer\u00e1 sorteos de vinos, descuentos especiales, puestos de comida y bebidas, y un espacio de hidrataci\u00f3n para los visitantes. Para reservas, se puede contactar al 381 642-5591.<\/p>\n\n\n\n<div style=\"height:30px\" aria-hidden=\"true\" class=\"wp-block-spacer\"><\/div>\n\n\n<div class=\"wp-block-image\">\n<figure class=\"aligncenter size-full is-resized\"><a href=\"https:\/\/enolife.com.ar\/es\/wp-content\/uploads\/2025\/03\/multimedia.normal.8c9036cbaa02c6c6.aG9tZW5hamUgcGFjaGFtYW1hIDIwMjQgcmVjb3J0ZV9ub3JtYWwud2VicA.jpg\" data-rel=\"penci-gallery-image-content\" ><img loading=\"lazy\" decoding=\"async\" src=\"https:\/\/enolife.com.ar\/es\/wp-content\/uploads\/2025\/03\/multimedia.normal.8c9036cbaa02c6c6.aG9tZW5hamUgcGFjaGFtYW1hIDIwMjQgcmVjb3J0ZV9ub3JtYWwud2VicA.jpg\" alt=\"\" class=\"wp-image-139567\" width=\"609\" height=\"352\" srcset=\"https:\/\/enolife.com.ar\/es\/wp-content\/uploads\/2025\/03\/multimedia.normal.8c9036cbaa02c6c6.aG9tZW5hamUgcGFjaGFtYW1hIDIwMjQgcmVjb3J0ZV9ub3JtYWwud2VicA.jpg 942w, https:\/\/enolife.com.ar\/es\/wp-content\/uploads\/2025\/03\/multimedia.normal.8c9036cbaa02c6c6.aG9tZW5hamUgcGFjaGFtYW1hIDIwMjQgcmVjb3J0ZV9ub3JtYWwud2VicA-300x174.jpg 300w, https:\/\/enolife.com.ar\/es\/wp-content\/uploads\/2025\/03\/multimedia.normal.8c9036cbaa02c6c6.aG9tZW5hamUgcGFjaGFtYW1hIDIwMjQgcmVjb3J0ZV9ub3JtYWwud2VicA-768x445.jpg 768w, https:\/\/enolife.com.ar\/es\/wp-content\/uploads\/2025\/03\/multimedia.normal.8c9036cbaa02c6c6.aG9tZW5hamUgcGFjaGFtYW1hIDIwMjQgcmVjb3J0ZV9ub3JtYWwud2VicA-585x339.jpg 585w\" sizes=\"auto, (max-width: 609px) 100vw, 609px\" \/><\/a><\/figure><\/div>\n\n\n<div style=\"height:35px\" aria-hidden=\"true\" class=\"wp-block-spacer\"><\/div>\n\n\n\n<p class=\"has-medium-font-size\"><strong>Ruta del Vino de Altura<\/strong><\/p>\n\n\n\n<p>La Vendimia en Tucum\u00e1n se extiende desde febrero hasta abril, y cada bodega ofrece propuestas diferenciadas para quienes deseen sumarse a esta celebraci\u00f3n. Durante esta \u00e9poca del a\u00f1o, la <strong>Ruta del Vino de Altura<\/strong> invita a descubrir un circuito de bodegas y vi\u00f1edos ubicados a lo largo de las rutas 40 y 307, donde es posible degustar vinos \u00fanicos, conocer procesos productivos que van desde lo artesanal hasta lo industrial y recorrer la primera bodega comunitaria de Latinoam\u00e9rica. <\/p>\n\n\n\n<div style=\"height:30px\" aria-hidden=\"true\" class=\"wp-block-spacer\"><\/div>\n\n\n<div class=\"wp-block-image\">\n<figure class=\"aligncenter size-full is-resized\"><a href=\"https:\/\/enolife.com.ar\/es\/wp-content\/uploads\/2025\/03\/Ruta-del-Vino-en-los-valles-tucumanos4.jpg\" data-rel=\"penci-gallery-image-content\" ><img loading=\"lazy\" decoding=\"async\" src=\"https:\/\/enolife.com.ar\/es\/wp-content\/uploads\/2025\/03\/Ruta-del-Vino-en-los-valles-tucumanos4.jpg\" alt=\"\" class=\"wp-image-139570\" width=\"641\" height=\"375\" srcset=\"https:\/\/enolife.com.ar\/es\/wp-content\/uploads\/2025\/03\/Ruta-del-Vino-en-los-valles-tucumanos4.jpg 707w, https:\/\/enolife.com.ar\/es\/wp-content\/uploads\/2025\/03\/Ruta-del-Vino-en-los-valles-tucumanos4-300x176.jpg 300w, https:\/\/enolife.com.ar\/es\/wp-content\/uploads\/2025\/03\/Ruta-del-Vino-en-los-valles-tucumanos4-585x343.jpg 585w\" sizes=\"auto, (max-width: 641px) 100vw, 641px\" \/><\/a><\/figure><\/div>\n\n\n<div style=\"height:30px\" aria-hidden=\"true\" class=\"wp-block-spacer\"><\/div>\n\n\n\n<p>Adem\u00e1s, este recorrido se complementa con visitas a poblados y sitios arqueol\u00f3gicos del Valle Calchaqu\u00ed, como <strong>Talapazo<\/strong>, la <strong>Ciudad Sagrada de Quilmes<\/strong> y las <strong>Ruinas de Condorhuasi. <\/strong><\/p>\n\n\n\n<div style=\"height:13px\" aria-hidden=\"true\" class=\"wp-block-spacer\"><\/div>\n\n\n\n<p class=\"has-background\" style=\"background-color:#abb7c27a\"><strong>Para conocer todas las bodegas que integran la ruta y las actividades que organizan durante esta temporada, te invitamos a consultar en&nbsp;<a href=\"http:\/\/www.tucumanturismo.gob.ar\/\">www.tucumanturismo.gob.ar<\/a><\/strong><\/p>\n\n\n\n<div style=\"height:30px\" aria-hidden=\"true\" class=\"wp-block-spacer\"><\/div>\n","protected":false},"excerpt":{"rendered":"<p>La vendimia en la provincia llamada \u00abJard\u00edn de la Rep\u00fablica\u00bb de Argentina fusiona tradici\u00f3n, vino&hellip;<\/p>\n","protected":false},"author":2,"featured_media":139560,"comment_status":"open","ping_status":"open","sticky":false,"template":"","format":"standard","meta":{"footnotes":""},"categories":[47],"tags":[],"class_list":["post-139556","post","type-post","status-publish","format-standard","has-post-thumbnail","hentry","category-agenda"],"_links":{"self":[{"href":"https:\/\/enolife.com.ar\/es\/wp-json\/wp\/v2\/posts\/139556","targetHints":{"allow":["GET"]}}],"collection":[{"href":"https:\/\/enolife.com.ar\/es\/wp-json\/wp\/v2\/posts"}],"about":[{"href":"https:\/\/enolife.com.ar\/es\/wp-json\/wp\/v2\/types\/post"}],"author":[{"embeddable":true,"href":"https:\/\/enolife.com.ar\/es\/wp-json\/wp\/v2\/users\/2"}],"replies":[{"embeddable":true,"href":"https:\/\/enolife.com.ar\/es\/wp-json\/wp\/v2\/comments?post=139556"}],"version-history":[{"count":0,"href":"https:\/\/enolife.com.ar\/es\/wp-json\/wp\/v2\/posts\/139556\/revisions"}],"wp:featuredmedia":[{"embeddable":true,"href":"https:\/\/enolife.com.ar\/es\/wp-json\/wp\/v2\/media\/139560"}],"wp:attachment":[{"href":"https:\/\/enolife.com.ar\/es\/wp-json\/wp\/v2\/media?parent=139556"}],"wp:term":[{"taxonomy":"category","embeddable":true,"href":"https:\/\/enolife.com.ar\/es\/wp-json\/wp\/v2\/categories?post=139556"},{"taxonomy":"post_tag","embeddable":true,"href":"https:\/\/enolife.com.ar\/es\/wp-json\/wp\/v2\/tags?post=139556"}],"curies":[{"name":"wp","href":"https:\/\/api.w.org\/{rel}","templated":true}]}}