{"id":139515,"date":"2025-03-01T12:30:11","date_gmt":"2025-03-01T12:30:11","guid":{"rendered":"https:\/\/enolife.com.ar\/es\/?p=139515"},"modified":"2025-03-03T02:15:49","modified_gmt":"2025-03-03T02:15:49","slug":"callejon-del-crimen-el-vino-solidario-que-se-puede-comprar-a-beneficio-del-banco-de-alimentos","status":"publish","type":"post","link":"https:\/\/enolife.com.ar\/es\/callejon-del-crimen-el-vino-solidario-que-se-puede-comprar-a-beneficio-del-banco-de-alimentos\/","title":{"rendered":"Callej\u00f3n del Crimen, el vino solidario que se puede comprar a beneficio del Banco de Alimentos"},"content":{"rendered":"\n<h4 class=\"wp-block-heading\"><em><strong>Como resultado de una iniciativa conjunta encabezada por la Bolsa de Comercio de Mendoza y el Banco de Alimentos local, junto a universidades y otras entidades de la provincia vinculadas a la acci\u00f3n social y al vino, se acaba de lanzar la campa\u00f1a \u00abValor\u00e1 cada segundo. Apoy\u00e1 con cada copa\u00bb. Se trata de la posibilidad de comprar un malbec mendocino de alta calidad, a un precio razonable, a total beneficio de la instituci\u00f3n que adquiere alimentos para ayudar a ni\u00f1os y familias de escasos recursos. <\/strong><\/em><\/h4>\n\n\n\n<div style=\"height:35px\" aria-hidden=\"true\" class=\"wp-block-spacer\"><\/div>\n\n\n<a href=\"https:\/\/grupoaltasur.com\/\" aria-label=\"1700-500px\"><img loading=\"lazy\" decoding=\"async\" src=\"https:\/\/enolife.com.ar\/es\/wp-content\/uploads\/2021\/01\/1700-500px.jpg\" alt=\"\"  srcset=\"https:\/\/enolife.com.ar\/es\/wp-content\/uploads\/2021\/01\/1700-500px.jpg 1700w, https:\/\/enolife.com.ar\/es\/wp-content\/uploads\/2021\/01\/1700-500px-300x88.jpg 300w, https:\/\/enolife.com.ar\/es\/wp-content\/uploads\/2021\/01\/1700-500px-1024x301.jpg 1024w, https:\/\/enolife.com.ar\/es\/wp-content\/uploads\/2021\/01\/1700-500px-768x226.jpg 768w, https:\/\/enolife.com.ar\/es\/wp-content\/uploads\/2021\/01\/1700-500px-1536x452.jpg 1536w, https:\/\/enolife.com.ar\/es\/wp-content\/uploads\/2021\/01\/1700-500px-1170x344.jpg 1170w, https:\/\/enolife.com.ar\/es\/wp-content\/uploads\/2021\/01\/1700-500px-585x172.jpg 585w\" sizes=\"auto, (max-width: 1700px) 100vw, 1700px\" width=\"1700\" height=\"500\"   \/><\/a>\n\n\n<div style=\"height:45px\" aria-hidden=\"true\" class=\"wp-block-spacer\"><\/div>\n\n\n\n<p>En el marco de los festejos en <strong>Mendoza<\/strong> por la <strong>Fiesta de la Vendimia 2025<\/strong>, la <strong>Bolsa de Comercio de Mendoza<\/strong> present\u00f3 en p\u00fablico su primer <strong>Vino Solidario<\/strong>, que ser\u00e1 comercializado a total beneficio del <strong>Banco de Alimentos<\/strong> local.<\/p>\n\n\n\n<p>Esta propuesta es el resultado de meses de trabajo colaborativo y solidario, en los que numerosas empresas, universidades, institutos de dise\u00f1o y otras entidades tejieron v\u00ednculos y respaldaron este proyecto desde sus inicios.<\/p>\n\n\n\n<p>El Vino Solidario, de una impronta \u00fanica, ha sido donado por <strong>Bodega Vinos de la Luz<\/strong>. Se trata de una partida especial de su premiada l\u00ednea <strong>Callej\u00f3n del Crimen: Gran Reserva Malbec 2019.<\/strong><\/p>\n\n\n\n<div style=\"height:30px\" aria-hidden=\"true\" class=\"wp-block-spacer\"><\/div>\n\n\n<div class=\"wp-block-image\">\n<figure class=\"aligncenter size-full is-resized\"><a href=\"https:\/\/enolife.com.ar\/es\/wp-content\/uploads\/2025\/03\/vino-solidariojpg.jpg\" data-rel=\"penci-gallery-image-content\" ><img loading=\"lazy\" decoding=\"async\" src=\"https:\/\/enolife.com.ar\/es\/wp-content\/uploads\/2025\/03\/vino-solidariojpg.jpg\" alt=\"\" class=\"wp-image-139521\" width=\"655\" height=\"368\" srcset=\"https:\/\/enolife.com.ar\/es\/wp-content\/uploads\/2025\/03\/vino-solidariojpg.jpg 711w, https:\/\/enolife.com.ar\/es\/wp-content\/uploads\/2025\/03\/vino-solidariojpg-300x169.jpg 300w, https:\/\/enolife.com.ar\/es\/wp-content\/uploads\/2025\/03\/vino-solidariojpg-585x329.jpg 585w\" sizes=\"auto, (max-width: 655px) 100vw, 655px\" \/><\/a><\/figure><\/div>\n\n\n<div style=\"height:30px\" aria-hidden=\"true\" class=\"wp-block-spacer\"><\/div>\n\n\n\n<p>Cada botella ha sido vestida con la etiqueta ganadora del <strong>Concurso Nacional de Dise\u00f1o de Etiquetas de Vino 2024<\/strong>. Creada por <strong>Julieta \u00c1lvarez<\/strong>, estudiante de la <strong>Universidad Champagnat<\/strong>. La etiqueta rinde homenaje a la rica historia y cultura de Mendoza. Representa la <strong>acequia<\/strong>, vital en la transformaci\u00f3n de la tierra \u00e1rida en un f\u00e9rtil hogar para el <strong>Malbec<\/strong>, trazando un mapa de estas corrientes vitales en la palma de una mano, evocando la sabidur\u00eda ancestral de los <strong>Huarpes<\/strong> y del pueblo mendocino.<\/p>\n\n\n\n<p>Todo lo recaudado con la venta del Vino Solidario ser\u00e1 destinado a la Fundaci\u00f3n Banco de Alimentos.<\/p>\n\n\n\n<p>Desde la Bolsa de Comercio y el Banco de Alimentos invitaron a todos los mendocinos a celebrar la Vendimia compartiendo este Vino Solidario, para ayudar a quienes m\u00e1s lo necesitan en esta provincia. Cada copa puede as\u00ed convertirse en un s\u00edmbolo de esperanza, transform\u00e1ndose en miles de platos de comida. La campa\u00f1a fue lanzada con el lema \u00abValor\u00e1 cada segundo. Apoy\u00e1 con cada copa.\u00bb<\/p>\n\n\n\n<div style=\"height:23px\" aria-hidden=\"true\" class=\"wp-block-spacer\"><\/div>\n\n\n\n<p> <strong>C\u00f3mo y d\u00f3nde adquirir el vino solidario <\/strong><\/p>\n\n\n\n<ul class=\"wp-block-list\">\n<li>En Bolsa de Comercio de Mendoza (Paseo Sarmiento 199 &#8211; Ciudad de Mendoza)<\/li>\n\n\n\n<li>Comunic\u00e1ndote por mail a: comunicaciones@bcmdz.com.ar<\/li>\n\n\n\n<li>Precio del Vino Solidario Callej\u00f3n del Crimen Gran Reserva Malbec 2019: $20.000<\/li>\n\n\n\n<li>Por tel\u00e9fono al +54 9 261 511 0269<\/li>\n\n\n\n<li>Banco de Alimentos Mendoza |<strong> <a href=\"http:\/\/www.bdamendoza.org.ar\">www.bdamendoza.org.ar<\/a><\/strong><\/li>\n<\/ul>\n\n\n\n<div style=\"height:30px\" aria-hidden=\"true\" class=\"wp-block-spacer\"><\/div>\n","protected":false},"excerpt":{"rendered":"<p>Como resultado de una iniciativa conjunta encabezada por la Bolsa de Comercio de Mendoza y&hellip;<\/p>\n","protected":false},"author":2,"featured_media":139520,"comment_status":"open","ping_status":"open","sticky":false,"template":"","format":"standard","meta":{"footnotes":""},"categories":[14],"tags":[],"class_list":["post-139515","post","type-post","status-publish","format-standard","has-post-thumbnail","hentry","category-news"],"_links":{"self":[{"href":"https:\/\/enolife.com.ar\/es\/wp-json\/wp\/v2\/posts\/139515","targetHints":{"allow":["GET"]}}],"collection":[{"href":"https:\/\/enolife.com.ar\/es\/wp-json\/wp\/v2\/posts"}],"about":[{"href":"https:\/\/enolife.com.ar\/es\/wp-json\/wp\/v2\/types\/post"}],"author":[{"embeddable":true,"href":"https:\/\/enolife.com.ar\/es\/wp-json\/wp\/v2\/users\/2"}],"replies":[{"embeddable":true,"href":"https:\/\/enolife.com.ar\/es\/wp-json\/wp\/v2\/comments?post=139515"}],"version-history":[{"count":0,"href":"https:\/\/enolife.com.ar\/es\/wp-json\/wp\/v2\/posts\/139515\/revisions"}],"wp:featuredmedia":[{"embeddable":true,"href":"https:\/\/enolife.com.ar\/es\/wp-json\/wp\/v2\/media\/139520"}],"wp:attachment":[{"href":"https:\/\/enolife.com.ar\/es\/wp-json\/wp\/v2\/media?parent=139515"}],"wp:term":[{"taxonomy":"category","embeddable":true,"href":"https:\/\/enolife.com.ar\/es\/wp-json\/wp\/v2\/categories?post=139515"},{"taxonomy":"post_tag","embeddable":true,"href":"https:\/\/enolife.com.ar\/es\/wp-json\/wp\/v2\/tags?post=139515"}],"curies":[{"name":"wp","href":"https:\/\/api.w.org\/{rel}","templated":true}]}}