{"id":139486,"date":"2025-03-02T18:58:37","date_gmt":"2025-03-02T18:58:37","guid":{"rendered":"https:\/\/enolife.com.ar\/es\/?p=139486"},"modified":"2025-03-03T23:58:16","modified_gmt":"2025-03-03T23:58:16","slug":"mendoza-festeja-la-tradicion-la-gastronomia-y-el-vino-italianos-en-la-festa-in-piazza-del-4-al-6-3-25","status":"publish","type":"post","link":"https:\/\/enolife.com.ar\/es\/mendoza-festeja-la-tradicion-la-gastronomia-y-el-vino-italianos-en-la-festa-in-piazza-del-4-al-6-3-25\/","title":{"rendered":"Mendoza festeja la tradici\u00f3n, la gastronom\u00eda y el vino italianos en la Festa in Piazza del 4 al 6\/3\/25"},"content":{"rendered":"\n<h4 class=\"wp-block-heading\"><em><strong>En el marco de la Fiesta de la Vendimia, la Ciudad de Mendoza vivir\u00e1 una nueva edici\u00f3n de este tradicional encuentro que re\u00fane historia, cultura, sabores y espect\u00e1culos en la plaza Italia de esta capital. Con acceso libre y la posibilidad de degustar la completa gama de cocina mediterr\u00e1nea en cada uno de los stands de las diferentes regiones peninsulares, la celebraci\u00f3n en conjunto pone en valor cada a\u00f1o el legado y la fuerte presencia italiana en la provincia. En esta nota, la agenda completa.<\/strong><\/em><\/h4>\n\n\n\n<div style=\"height:35px\" aria-hidden=\"true\" class=\"wp-block-spacer\"><\/div>\n\n\n<a href=\"https:\/\/www.centroenologico.com.ar\/\" aria-label=\"CERSA 1700X500 BORDO\"><img loading=\"lazy\" decoding=\"async\" src=\"https:\/\/enolife.com.ar\/es\/wp-content\/uploads\/2025\/02\/CERSA-1700X500-BORDO.gif\" alt=\"\"  width=\"1700\" height=\"500\"   \/><\/a>\n\n\n<div style=\"height:45px\" aria-hidden=\"true\" class=\"wp-block-spacer\"><\/div>\n\n\n\n<p>La <strong>Festa in Piazza<\/strong>, organizada por la <strong>Federaci\u00f3n de Entidades Italianas de Mendoza<\/strong> <strong>de la Circunscripci\u00f3n Consular de Cuyo<\/strong> <strong>(Fedime)<\/strong>, con el apoyo del <strong>Ente Mendoza Turismo (Emetur)<\/strong>, celebrar\u00e1 este a\u00f1o su edici\u00f3n n\u00famero 39. Se llevar\u00e1 a cabo del 4 al 6 de marzo en la <strong>plaza Italia<\/strong> de la Capital mendocina, entre calles Per\u00fa, Montevideo, 25 de Mayo y San Lorenzo de la Ciudad de Mendoza. Esta notable y convocante Fiesta fue declarada <strong>Patrimonio Cultural Inmaterial<\/strong> de la provincia mediante la Ley 9.306.<\/p>\n\n\n\n<div style=\"height:30px\" aria-hidden=\"true\" class=\"wp-block-spacer\"><\/div>\n\n\n<div class=\"wp-block-image\">\n<figure class=\"aligncenter size-full is-resized\"><a href=\"https:\/\/enolife.com.ar\/es\/wp-content\/uploads\/2025\/02\/88991892_10157020772178161_1756310701128810496_n.jpg\" data-rel=\"penci-gallery-image-content\" ><img loading=\"lazy\" decoding=\"async\" src=\"https:\/\/enolife.com.ar\/es\/wp-content\/uploads\/2025\/02\/88991892_10157020772178161_1756310701128810496_n.jpg\" alt=\"\" class=\"wp-image-139491\" width=\"661\" height=\"356\" srcset=\"https:\/\/enolife.com.ar\/es\/wp-content\/uploads\/2025\/02\/88991892_10157020772178161_1756310701128810496_n.jpg 926w, https:\/\/enolife.com.ar\/es\/wp-content\/uploads\/2025\/02\/88991892_10157020772178161_1756310701128810496_n-300x162.jpg 300w, https:\/\/enolife.com.ar\/es\/wp-content\/uploads\/2025\/02\/88991892_10157020772178161_1756310701128810496_n-768x415.jpg 768w, https:\/\/enolife.com.ar\/es\/wp-content\/uploads\/2025\/02\/88991892_10157020772178161_1756310701128810496_n-585x316.jpg 585w\" sizes=\"auto, (max-width: 661px) 100vw, 661px\" \/><\/a><\/figure><\/div>\n\n\n<div style=\"height:30px\" aria-hidden=\"true\" class=\"wp-block-spacer\"><\/div>\n\n\n\n<p>Mendocinos y turistas podr\u00e1n disfrutar de uno de los encuentros m\u00e1s culturales y festivos m\u00e1s impactantes del a\u00f1o en la provincia, que pone en valor la cultura, las tradiciones y la historia del pueblo italiano en Mendoza.<\/p>\n\n\n\n<p>Con acceso libre y gratuito, la Festa in Piazza resalta la identidad de cada regi\u00f3n italiana, representada por cada una de las asociaciones de las diferentes regiones italianas, desde <strong>Sicilia<\/strong> hasta la <strong>Lombard\u00eda<\/strong>, a trav\u00e9s de la elaboraci\u00f3n de los t\u00edpicos platos de su gastronom\u00eda, canciones y danzas. Se podr\u00e1n disfrutar de comidas tradicionales, espect\u00e1culos en vivo con artistas y DJ, adem\u00e1s de presentaciones de baile. Adem\u00e1s, se <strong>elegir\u00e1 a la reina de la Colectividad Italiana<\/strong> entre las soberanas regionales.<\/p>\n\n\n\n<div style=\"height:30px\" aria-hidden=\"true\" class=\"wp-block-spacer\"><\/div>\n\n\n\n<figure class=\"wp-block-gallery has-nested-images columns-default is-cropped wp-block-gallery-1 is-layout-flex wp-block-gallery-is-layout-flex\">\n<figure class=\"wp-block-image size-full\"><a href=\"https:\/\/enolife.com.ar\/es\/wp-content\/uploads\/2025\/03\/WhatsApp-Image-2025-03-02-at-13.46.29.jpeg\" data-rel=\"penci-gallery-image-content\" ><img loading=\"lazy\" decoding=\"async\" width=\"400\" height=\"633\" data-id=\"139591\" src=\"https:\/\/enolife.com.ar\/es\/wp-content\/uploads\/2025\/03\/WhatsApp-Image-2025-03-02-at-13.46.29.jpeg\" alt=\"\" class=\"wp-image-139591\" srcset=\"https:\/\/enolife.com.ar\/es\/wp-content\/uploads\/2025\/03\/WhatsApp-Image-2025-03-02-at-13.46.29.jpeg 400w, https:\/\/enolife.com.ar\/es\/wp-content\/uploads\/2025\/03\/WhatsApp-Image-2025-03-02-at-13.46.29-190x300.jpeg 190w\" sizes=\"auto, (max-width: 400px) 100vw, 400px\" \/><\/a><\/figure>\n\n\n\n<figure class=\"wp-block-image size-full\"><a href=\"https:\/\/enolife.com.ar\/es\/wp-content\/uploads\/2025\/03\/WhatsApp-Image-2025-03-02-at-13.46.28.jpeg\" data-rel=\"penci-gallery-image-content\" ><img loading=\"lazy\" decoding=\"async\" width=\"400\" height=\"638\" data-id=\"139592\" src=\"https:\/\/enolife.com.ar\/es\/wp-content\/uploads\/2025\/03\/WhatsApp-Image-2025-03-02-at-13.46.28.jpeg\" alt=\"\" class=\"wp-image-139592\" srcset=\"https:\/\/enolife.com.ar\/es\/wp-content\/uploads\/2025\/03\/WhatsApp-Image-2025-03-02-at-13.46.28.jpeg 400w, https:\/\/enolife.com.ar\/es\/wp-content\/uploads\/2025\/03\/WhatsApp-Image-2025-03-02-at-13.46.28-188x300.jpeg 188w\" sizes=\"auto, (max-width: 400px) 100vw, 400px\" \/><\/a><\/figure>\n\n\n\n<figure class=\"wp-block-image size-full\"><a href=\"https:\/\/enolife.com.ar\/es\/wp-content\/uploads\/2025\/03\/WhatsApp-Image-2025-03-02-at-13.46.29-1.jpeg\" data-rel=\"penci-gallery-image-content\" ><img loading=\"lazy\" decoding=\"async\" width=\"400\" height=\"637\" data-id=\"139593\" src=\"https:\/\/enolife.com.ar\/es\/wp-content\/uploads\/2025\/03\/WhatsApp-Image-2025-03-02-at-13.46.29-1.jpeg\" alt=\"\" class=\"wp-image-139593\" srcset=\"https:\/\/enolife.com.ar\/es\/wp-content\/uploads\/2025\/03\/WhatsApp-Image-2025-03-02-at-13.46.29-1.jpeg 400w, https:\/\/enolife.com.ar\/es\/wp-content\/uploads\/2025\/03\/WhatsApp-Image-2025-03-02-at-13.46.29-1-188x300.jpeg 188w\" sizes=\"auto, (max-width: 400px) 100vw, 400px\" \/><\/a><\/figure>\n<\/figure>\n\n\n\n<div style=\"height:30px\" aria-hidden=\"true\" class=\"wp-block-spacer\"><\/div>\n\n\n\n<p>Este encuentro, que se realiza en la antesala de la Fiesta Mayor de los mendocinos -el <strong>Acto Central de la Fiesta de la Vendimia<\/strong>&#8211; se ha convertido en un fuerte atractivo en \u00e9pocas vendimiales. Tambi\u00e9n se reconoce su gran valor cultural y tur\u00edstico, teniendo en cuenta que los bienes inmateriales siempre est\u00e1n relacionados con los materiales, es decir, con el legado que la comunidad italiana de Mendoza ha dejado y pretende perpetuar para sus descendientes y generaciones venideras.<\/p>\n\n\n\n<div style=\"height:30px\" aria-hidden=\"true\" class=\"wp-block-spacer\"><\/div>\n\n\n<div class=\"wp-block-image\">\n<figure class=\"aligncenter size-full is-resized\"><a href=\"https:\/\/enolife.com.ar\/es\/wp-content\/uploads\/2025\/02\/88979313_10157020772088161_8657128904374353920_n.jpg\" data-rel=\"penci-gallery-image-content\" ><img loading=\"lazy\" decoding=\"async\" src=\"https:\/\/enolife.com.ar\/es\/wp-content\/uploads\/2025\/02\/88979313_10157020772088161_8657128904374353920_n.jpg\" alt=\"\" class=\"wp-image-139492\" width=\"606\" height=\"349\" srcset=\"https:\/\/enolife.com.ar\/es\/wp-content\/uploads\/2025\/02\/88979313_10157020772088161_8657128904374353920_n.jpg 866w, https:\/\/enolife.com.ar\/es\/wp-content\/uploads\/2025\/02\/88979313_10157020772088161_8657128904374353920_n-300x173.jpg 300w, https:\/\/enolife.com.ar\/es\/wp-content\/uploads\/2025\/02\/88979313_10157020772088161_8657128904374353920_n-768x443.jpg 768w, https:\/\/enolife.com.ar\/es\/wp-content\/uploads\/2025\/02\/88979313_10157020772088161_8657128904374353920_n-585x338.jpg 585w\" sizes=\"auto, (max-width: 606px) 100vw, 606px\" \/><\/a><\/figure><\/div>\n\n\n<div style=\"height:30px\" aria-hidden=\"true\" class=\"wp-block-spacer\"><\/div>\n\n\n\n<p>Con un promedio de 50.000 personas por noche, la Festa in Piazza no s\u00f3lo representa una expresi\u00f3n de la riqueza cultural de Mendoza sino que tambi\u00e9n contribuye significativamente al dinamismo econ\u00f3mico local y promueve el turismo interno. Asimismo, la llegada de numerosos visitantes extranjeros refuerza la proyecci\u00f3n internacional de la provincia.<\/p>\n\n\n\n<div style=\"height:16px\" aria-hidden=\"true\" class=\"wp-block-spacer\"><\/div>\n\n\n<div class=\"wp-block-image\">\n<figure class=\"aligncenter size-large is-resized\"><a href=\"https:\/\/enolife.com.ar\/es\/wp-content\/uploads\/2025\/03\/eugebanda.jpg\" data-rel=\"penci-gallery-image-content\" ><img loading=\"lazy\" decoding=\"async\" src=\"https:\/\/enolife.com.ar\/es\/wp-content\/uploads\/2025\/03\/eugebanda-1024x682.jpg\" alt=\"\" class=\"wp-image-139606\" width=\"618\" height=\"411\" srcset=\"https:\/\/enolife.com.ar\/es\/wp-content\/uploads\/2025\/03\/eugebanda-1024x682.jpg 1024w, https:\/\/enolife.com.ar\/es\/wp-content\/uploads\/2025\/03\/eugebanda-300x200.jpg 300w, https:\/\/enolife.com.ar\/es\/wp-content\/uploads\/2025\/03\/eugebanda-768x512.jpg 768w, https:\/\/enolife.com.ar\/es\/wp-content\/uploads\/2025\/03\/eugebanda-1536x1023.jpg 1536w, https:\/\/enolife.com.ar\/es\/wp-content\/uploads\/2025\/03\/eugebanda-1170x780.jpg 1170w, https:\/\/enolife.com.ar\/es\/wp-content\/uploads\/2025\/03\/eugebanda-585x390.jpg 585w, https:\/\/enolife.com.ar\/es\/wp-content\/uploads\/2025\/03\/eugebanda.jpg 1600w\" sizes=\"auto, (max-width: 618px) 100vw, 618px\" \/><\/a><figcaption class=\"wp-element-caption\"><em><strong>Alma de Soul, la banda de jazz, blues, canciones de autor y m\u00fasica contempor\u00e1nea italiana, liderada por la cantautora y escritora Eugenia Ferrer (voz, guitarra y percusi\u00f3n), acompa\u00f1ada por Fernando Gil Estrada (piano), Adolfo Gerhart (bajo), Carlos C\u00e9sar N\u00fa\u00f1ez (guitarra), Freddy Nogueira (bater\u00eda). Tocar\u00e1n el mi\u00e9rcoles 5\/3 desde las 20.30.<\/strong><\/em><\/figcaption><\/figure><\/div>\n\n\n<div style=\"height:21px\" aria-hidden=\"true\" class=\"wp-block-spacer\"><\/div>\n\n\n\n<p class=\"has-medium-font-size\"><strong>M\u00fasica de Italia y del mundo<\/strong><\/p>\n\n\n\n<p>Como se puede leer en los flyers con la agenda m\u00fasical, de actividades y espect\u00e1cuos de la Festa, habr\u00e1 presentaciones de destacadas bandas de m\u00fasica jazz, popular, folcl\u00f3rica y rock, tanto en idioma italiano como en espa\u00f1ol. Tambi\u00e9n coros y bailarines que interpretar\u00e1n danzas regionales, todo un combo para disfrutar mientras uno se come una<strong> pizza napolitana<\/strong>, unos <strong>cuddrurieddri<\/strong> de Reggio Calabria o un <strong>ossobuco alla Milanese. <\/strong><\/p>\n\n\n\n<p>Entre los grupos convocados, cabe destacar el recital de la banda mendocina <strong>Alma de Soul (ver foto),<\/strong> los covers de rock de<strong> Industria Argentina <\/strong>y la m\u00fasica tropical de <strong>Sombra de luna<\/strong>, as\u00ed como las actuaciones de los solistas <strong>Antonio Butera<\/strong> (flauto siciliano), <strong>Ricardo Crispino<\/strong> (m\u00fasica popular italiana) y el saxofonista mendocino <strong>Javier Cassetti. <\/strong><\/p>\n\n\n\n<div style=\"height:30px\" aria-hidden=\"true\" class=\"wp-block-spacer\"><\/div>\n","protected":false},"excerpt":{"rendered":"<p>En el marco de la Fiesta de la Vendimia, la Ciudad de Mendoza vivir\u00e1 una&hellip;<\/p>\n","protected":false},"author":2,"featured_media":139490,"comment_status":"open","ping_status":"open","sticky":false,"template":"","format":"standard","meta":{"footnotes":""},"categories":[47,56],"tags":[],"class_list":["post-139486","post","type-post","status-publish","format-standard","has-post-thumbnail","hentry","category-agenda","category-destacado"],"_links":{"self":[{"href":"https:\/\/enolife.com.ar\/es\/wp-json\/wp\/v2\/posts\/139486","targetHints":{"allow":["GET"]}}],"collection":[{"href":"https:\/\/enolife.com.ar\/es\/wp-json\/wp\/v2\/posts"}],"about":[{"href":"https:\/\/enolife.com.ar\/es\/wp-json\/wp\/v2\/types\/post"}],"author":[{"embeddable":true,"href":"https:\/\/enolife.com.ar\/es\/wp-json\/wp\/v2\/users\/2"}],"replies":[{"embeddable":true,"href":"https:\/\/enolife.com.ar\/es\/wp-json\/wp\/v2\/comments?post=139486"}],"version-history":[{"count":0,"href":"https:\/\/enolife.com.ar\/es\/wp-json\/wp\/v2\/posts\/139486\/revisions"}],"wp:featuredmedia":[{"embeddable":true,"href":"https:\/\/enolife.com.ar\/es\/wp-json\/wp\/v2\/media\/139490"}],"wp:attachment":[{"href":"https:\/\/enolife.com.ar\/es\/wp-json\/wp\/v2\/media?parent=139486"}],"wp:term":[{"taxonomy":"category","embeddable":true,"href":"https:\/\/enolife.com.ar\/es\/wp-json\/wp\/v2\/categories?post=139486"},{"taxonomy":"post_tag","embeddable":true,"href":"https:\/\/enolife.com.ar\/es\/wp-json\/wp\/v2\/tags?post=139486"}],"curies":[{"name":"wp","href":"https:\/\/api.w.org\/{rel}","templated":true}]}}