{"id":139417,"date":"2025-02-28T14:50:09","date_gmt":"2025-02-28T14:50:09","guid":{"rendered":"https:\/\/enolife.com.ar\/es\/?p=139417"},"modified":"2025-03-01T14:17:07","modified_gmt":"2025-03-01T14:17:07","slug":"con-la-bendicion-de-los-frutos-arrancan-el-1-3-los-actos-oficiales-y-espectaculos-de-la-vendimia-2025","status":"publish","type":"post","link":"https:\/\/enolife.com.ar\/es\/con-la-bendicion-de-los-frutos-arrancan-el-1-3-los-actos-oficiales-y-espectaculos-de-la-vendimia-2025\/","title":{"rendered":"Con la Bendici\u00f3n de los Frutos arrancan el 1\/3 los actos oficiales y espect\u00e1culos de la Vendimia 2025"},"content":{"rendered":"\n<h4 class=\"wp-block-heading\"><em><strong>Ma\u00f1ana s\u00e1bado 1 de marzo, a las 20 hs, se celebrar\u00e1 la ceremonia interreligiosa que abre el calendario oficial de Vendimia. Tras el tradicional golpe a la reja que dar\u00e1 el gobernador Alfredo Cornejo, se desplegar\u00e1 un espect\u00e1culo folcl\u00f3rico. Ser\u00e1 en el Parque San Vicente de Godoy Cruz. La entrada es gratuita.<\/strong><\/em><\/h4>\n\n\n\n<div style=\"height:35px\" aria-hidden=\"true\" class=\"wp-block-spacer\"><\/div>\n\n\n\n\n\n<div style=\"height:45px\" aria-hidden=\"true\" class=\"wp-block-spacer\"><\/div>\n\n\n\n<p>Desde hace a\u00f1os, la<strong> Bendici\u00f3n de los Frutos<\/strong> se realiza en distintos puntos de la provincia de Mendoza con el objetivo de federalizar el acceso a la cultura. En la edici\u00f3n 2025, se realizar\u00e1 en el departamento de <strong>Godoy Cruz.<\/strong><\/p>\n\n\n\n<div style=\"height:30px\" aria-hidden=\"true\" class=\"wp-block-spacer\"><\/div>\n\n\n<div class=\"wp-block-image\">\n<figure class=\"aligncenter size-full is-resized\"><a href=\"https:\/\/enolife.com.ar\/es\/wp-content\/uploads\/2025\/02\/Bendicion-de-los-frutos-1-1.jpg\" data-rel=\"penci-gallery-image-content\" ><img loading=\"lazy\" decoding=\"async\" src=\"https:\/\/enolife.com.ar\/es\/wp-content\/uploads\/2025\/02\/Bendicion-de-los-frutos-1-1.jpg\" alt=\"\" class=\"wp-image-139424\" width=\"580\" height=\"408\" srcset=\"https:\/\/enolife.com.ar\/es\/wp-content\/uploads\/2025\/02\/Bendicion-de-los-frutos-1-1.jpg 640w, https:\/\/enolife.com.ar\/es\/wp-content\/uploads\/2025\/02\/Bendicion-de-los-frutos-1-1-300x211.jpg 300w, https:\/\/enolife.com.ar\/es\/wp-content\/uploads\/2025\/02\/Bendicion-de-los-frutos-1-1-585x411.jpg 585w\" sizes=\"auto, (max-width: 580px) 100vw, 580px\" \/><\/a><figcaption class=\"wp-element-caption\"><em><strong>La bendici\u00f3n de los frutos de la tierra, bajo la custodia de la Virgen de la Carrodilla.<\/strong><\/em><\/figcaption><\/figure><\/div>\n\n\n<div style=\"height:30px\" aria-hidden=\"true\" class=\"wp-block-spacer\"><\/div>\n\n\n\n<p>La celebraci\u00f3n religiosa rescata el verdadero esp\u00edritu de esta ceremonia que agradece el vino nuevo y ruega por la cosecha venidera. Con la omnipresencia de la <strong>Virgen de la Carrodilla, Patrona de los Vi\u00f1edos,<\/strong> se efectuar\u00e1 la oraci\u00f3n del <strong>Consejo Interreligioso de Mendoza <\/strong>y representantes de <strong>Pueblos Originarios<\/strong>, uniendo sus voces, elevando una \u00fanica plegaria.<\/p>\n\n\n\n<p>Como es tradici\u00f3n, se realizar\u00e1 el tradicional golpe de reja como s\u00edmbolo del trabajo de hombres y mujeres mendocinas que hicieron del desierto un oasis. Participar\u00e1n el <strong>gobernador de la provincia<\/strong>, el intendente anfitri\u00f3n, el presidente de la <strong>Federaci\u00f3n Gaucha de Mendoza<\/strong>, la <strong>reina y la virreina nacionales de la Vendimia y la Flor Provincial de la Tradici\u00f3n.<\/strong><\/p>\n\n\n\n<div style=\"height:30px\" aria-hidden=\"true\" class=\"wp-block-spacer\"><\/div>\n\n\n<div class=\"wp-block-image\">\n<figure class=\"aligncenter size-full is-resized\"><a href=\"https:\/\/enolife.com.ar\/es\/wp-content\/uploads\/2025\/02\/Bendicion-de-los-frutos-2-1.jpg\" data-rel=\"penci-gallery-image-content\" ><img loading=\"lazy\" decoding=\"async\" src=\"https:\/\/enolife.com.ar\/es\/wp-content\/uploads\/2025\/02\/Bendicion-de-los-frutos-2-1.jpg\" alt=\"\" class=\"wp-image-139425\" width=\"531\" height=\"333\" srcset=\"https:\/\/enolife.com.ar\/es\/wp-content\/uploads\/2025\/02\/Bendicion-de-los-frutos-2-1.jpg 797w, https:\/\/enolife.com.ar\/es\/wp-content\/uploads\/2025\/02\/Bendicion-de-los-frutos-2-1-300x188.jpg 300w, https:\/\/enolife.com.ar\/es\/wp-content\/uploads\/2025\/02\/Bendicion-de-los-frutos-2-1-768x482.jpg 768w, https:\/\/enolife.com.ar\/es\/wp-content\/uploads\/2025\/02\/Bendicion-de-los-frutos-2-1-585x367.jpg 585w\" sizes=\"auto, (max-width: 531px) 100vw, 531px\" \/><\/a><figcaption class=\"wp-element-caption\"><em><strong>Las danzas folcl\u00f3ricas tendr\u00e1n el habitual protagonismo<\/strong><\/em>.<\/figcaption><\/figure><\/div>\n\n\n<div style=\"height:30px\" aria-hidden=\"true\" class=\"wp-block-spacer\"><\/div>\n\n\n\n<p>Este a\u00f1o, la direcci\u00f3n del acto estar\u00e1 a cargo de <strong>H\u00e9ctor Gomina<\/strong>, con guion de <strong>Rafael&nbsp;\u00abGolondrina\u00bb<em>&nbsp;<\/em>Ruiz<\/strong> y un equipo formado por <strong>Vanina Gisper<\/strong>t en coreograf\u00eda contempor\u00e1nea, <strong>Adri\u00e1n Sorrentino<\/strong> en direcci\u00f3n actoral y <strong>Mart\u00edn Villarruel<\/strong> en coreograf\u00eda folcl\u00f3rica.<\/p>\n\n\n\n<div style=\"height:30px\" aria-hidden=\"true\" class=\"wp-block-spacer\"><\/div>\n","protected":false},"excerpt":{"rendered":"<p>Ma\u00f1ana s\u00e1bado 1 de marzo, a las 20 hs, se celebrar\u00e1 la ceremonia interreligiosa que&hellip;<\/p>\n","protected":false},"author":2,"featured_media":139422,"comment_status":"open","ping_status":"open","sticky":false,"template":"","format":"standard","meta":{"footnotes":""},"categories":[47],"tags":[],"class_list":["post-139417","post","type-post","status-publish","format-standard","has-post-thumbnail","hentry","category-agenda"],"_links":{"self":[{"href":"https:\/\/enolife.com.ar\/es\/wp-json\/wp\/v2\/posts\/139417","targetHints":{"allow":["GET"]}}],"collection":[{"href":"https:\/\/enolife.com.ar\/es\/wp-json\/wp\/v2\/posts"}],"about":[{"href":"https:\/\/enolife.com.ar\/es\/wp-json\/wp\/v2\/types\/post"}],"author":[{"embeddable":true,"href":"https:\/\/enolife.com.ar\/es\/wp-json\/wp\/v2\/users\/2"}],"replies":[{"embeddable":true,"href":"https:\/\/enolife.com.ar\/es\/wp-json\/wp\/v2\/comments?post=139417"}],"version-history":[{"count":0,"href":"https:\/\/enolife.com.ar\/es\/wp-json\/wp\/v2\/posts\/139417\/revisions"}],"wp:featuredmedia":[{"embeddable":true,"href":"https:\/\/enolife.com.ar\/es\/wp-json\/wp\/v2\/media\/139422"}],"wp:attachment":[{"href":"https:\/\/enolife.com.ar\/es\/wp-json\/wp\/v2\/media?parent=139417"}],"wp:term":[{"taxonomy":"category","embeddable":true,"href":"https:\/\/enolife.com.ar\/es\/wp-json\/wp\/v2\/categories?post=139417"},{"taxonomy":"post_tag","embeddable":true,"href":"https:\/\/enolife.com.ar\/es\/wp-json\/wp\/v2\/tags?post=139417"}],"curies":[{"name":"wp","href":"https:\/\/api.w.org\/{rel}","templated":true}]}}