{"id":139388,"date":"2025-02-28T13:10:35","date_gmt":"2025-02-28T13:10:35","guid":{"rendered":"https:\/\/enolife.com.ar\/es\/?p=139388"},"modified":"2025-02-28T15:50:12","modified_gmt":"2025-02-28T15:50:12","slug":"hoy-28-2-desde-las-18-hs-se-venden-online-las-entradas-remanentes-para-la-fiesta-de-la-vendimia","status":"publish","type":"post","link":"https:\/\/enolife.com.ar\/es\/hoy-28-2-desde-las-18-hs-se-venden-online-las-entradas-remanentes-para-la-fiesta-de-la-vendimia\/","title":{"rendered":"Hoy 28\/2 desde las 18 hs se venden online las entradas remanentes para la Fiesta de la Vendimia"},"content":{"rendered":"\n<h4 class=\"wp-block-heading\"><em><strong>Hasta agotar stock,\u00a0se abre hoy viernes 18\/2\/2 la venta de tickets para las dos noches de\u00a0la fiesta m\u00e1xima de Mendoza en\u00a0el Teatro Griego Frank Romero Day, los d\u00edas s\u00e1bado 8 de marzo y domingo 9 de marzo. Ser\u00e1 a trav\u00e9s de la plataforma\u00a0<a rel=\"noreferrer noopener\" href=\"http:\/\/www.entradaweb.com\/\" target=\"_blank\">www.entradaweb.com<\/a>\u00a0desde las 18 hs.<\/strong><\/em><\/h4>\n\n\n\n<div style=\"height:35px\" aria-hidden=\"true\" class=\"wp-block-spacer\"><\/div>\n\n\n\n\n\n<div style=\"height:45px\" aria-hidden=\"true\" class=\"wp-block-spacer\"><\/div>\n\n\n\n<p>El Acto Central se desarrollar\u00e1 el s\u00e1bado 8 de marzo con la puesta en escena del espect\u00e1culo \u00abGuardiana del vino eterno\u00bb,<em>\u00a0<\/em>bajo la direcci\u00f3n general de Franco Ag\u00fcero. Y hoy viernes sale a la venta el remanente de entradas tanto para el Acto Central como para la repetici\u00f3n. Ser\u00e1 a partir de las 18, en la plataforma\u00a0<strong><a rel=\"noreferrer noopener\" href=\"http:\/\/www.entradaweb.com\/\" target=\"_blank\">www.entradaweb.com<\/a>.<\/strong><\/p>\n\n\n\n<div style=\"height:21px\" aria-hidden=\"true\" class=\"wp-block-spacer\"><\/div>\n\n\n\n<p class=\"has-medium-font-size\"><strong>Las entradas<\/strong><\/p>\n\n\n\n<p><strong>Los valores del Acto Central ser\u00e1n:<\/strong><\/p>\n\n\n\n<ul class=\"wp-block-list\">\n<li>Sector Malbec, $30.000<\/li>\n\n\n\n<li>Cabernet Sauvignon, $20.000<\/li>\n\n\n\n<li>Chardonnay $15.000<\/li>\n\n\n\n<li>Tempranillo 2, 3 y 4, $25.000<\/li>\n\n\n\n<li>Tempranillo 1 y 5, $20.000<\/li>\n\n\n\n<li>Bonarda $10.000<\/li>\n<\/ul>\n\n\n\n<div style=\"height:22px\" aria-hidden=\"true\" class=\"wp-block-spacer\"><\/div>\n\n\n\n<p><strong>Los valores para la Repetici\u00f3n ser\u00e1n:<\/strong><\/p>\n\n\n\n<ul class=\"wp-block-list\">\n<li>Sector Malbec, $20.000<\/li>\n\n\n\n<li>Cabernet Sauvignon, $15.000<\/li>\n\n\n\n<li>Chardonnay $10.000<\/li>\n\n\n\n<li>Tempranillo 2, 3 y 4, $20.000<\/li>\n\n\n\n<li>Tempranillo 1 y 5, $15.000<\/li>\n\n\n\n<li>Bonarda, $8.000<\/li>\n<\/ul>\n\n\n\n<div style=\"height:25px\" aria-hidden=\"true\" class=\"wp-block-spacer\"><\/div>\n\n\n\n<p>Cabe aclarar que, como cada a\u00f1o, las entradas del sector Torront\u00e9s no se comercializan, ya que est\u00e1n reservadas a personas con discapacidad.<\/p>\n\n\n\n<div style=\"height:23px\" aria-hidden=\"true\" class=\"wp-block-spacer\"><\/div>\n\n\n\n<p class=\"has-medium-font-size\"><strong>Canje de entradas<\/strong><\/p>\n\n\n\n<p>Es importante destacar que, una vez adquiridas las entradas a trav\u00e9s de la plataforma digital, se deber\u00e1 realizar el canje por la entrada f\u00edsica, a partir del lunes 3 hasta el domingo 9 de marzo.<\/p>\n\n\n\n<p><strong>Puntos de canje<\/strong><\/p>\n\n\n\n<p>En el Gran Mendoza,&nbsp;est\u00e1n habilitados&nbsp;los siguientes puntos de canje:<\/p>\n\n\n\n<ul class=\"wp-block-list\">\n<li>Teatro Independencia (Chile esq. Espejo. Ciudad). Atenci\u00f3n de 9 a 18.<\/li>\n\n\n\n<li>Espacio Julio Le Parc (Mitre esq. Godoy Cruz). Atenci\u00f3n de 9 a 18.<\/li>\n\n\n\n<li>Auditorio \u00c1ngel Bustelo (Virgen del Carmen de Cuyo 610. Ciudad). Atenci\u00f3n de 9 a 18.<\/li>\n\n\n\n<li>Subsecretar\u00eda de Cultura (Guti\u00e9rrez 204. Ciudad). Atenci\u00f3n de 9 a 18.<\/li>\n<\/ul>\n\n\n\n<p>Adem\u00e1s, para otras zonas de la provincia,&nbsp;est\u00e1n&nbsp;habilitados&nbsp;los siguientes&nbsp;puntos de canje:<\/p>\n\n\n\n<ul class=\"wp-block-list\">\n<li>Teatro Roma (Av. Hip\u00f3lito Yrigoyen 280. San Rafael) Atenci\u00f3n desde el lunes 3 al viernes 7, de 9 a 13 y de 17 a 21.<\/li>\n\n\n\n<li>Sal\u00f3n Cultural predio Las B\u00f3vedas (Godoy Cruz y Pirovano. San Mart\u00edn) Atenci\u00f3n desde el lunes 3 al viernes 7, de 9 a 17.<\/li>\n\n\n\n<li>Auditorio Municipal de Tunuy\u00e1n (Leandro N. Alem 750. Tunuy\u00e1n) Atenci\u00f3n desde el lunes 3 al viernes 7, de 10 a 13 y de 18 a 21.<\/li>\n<\/ul>\n\n\n\n<div style=\"height:21px\" aria-hidden=\"true\" class=\"wp-block-spacer\"><\/div>\n\n\n\n<p class=\"has-medium-font-size\"><strong>Los artistas<\/strong><\/p>\n\n\n\n<p>Los artistas mendocinos a cargo de la previa ser\u00e1n el <strong>Ballet Chacaymanta, D\u00fao Nuevo Cuyo, Mariana Lara y los campeones y subcampeones nacionales de ritmos latinos.<\/strong> La noche culminar\u00e1 con la elecci\u00f3n de la reina nacional de la Vendimia 2025, que representar\u00e1 a la provincia y al pa\u00eds durante un a\u00f1o.<\/p>\n\n\n\n<p>El domingo 9 de marzo, el p\u00fablico ser\u00e1 testigo del talento de los mendocinos <strong>Markama, Yasm\u00edn Gonz\u00e1lez y El Milongazo, con Enzo De Lucca, Walter Anselmi, Mario Galv\u00e1n, C\u00e9sar Constanza y Marcelo Narv\u00e1ez.<\/strong> Luego de una nueva presentaci\u00f3n de&nbsp;<em>\u00abGuardiana del vino eterno\u00bb,&nbsp;<\/em>subir\u00e1n al escenario mayor <strong>Jorge Rojas<\/strong> y <strong>Soledad Pastorutti,<\/strong> quienes estar\u00e1n a cargo de cerrar la segunda noche de la Fiesta Nacional de la Vendimia.&nbsp;<\/p>\n\n\n\n<div style=\"height:36px\" aria-hidden=\"true\" class=\"wp-block-spacer\"><\/div>\n","protected":false},"excerpt":{"rendered":"<p>Hasta agotar stock,\u00a0se abre hoy viernes 18\/2\/2 la venta de tickets para las dos noches&hellip;<\/p>\n","protected":false},"author":2,"featured_media":110452,"comment_status":"open","ping_status":"open","sticky":false,"template":"","format":"standard","meta":{"footnotes":""},"categories":[14],"tags":[],"class_list":["post-139388","post","type-post","status-publish","format-standard","has-post-thumbnail","hentry","category-news"],"_links":{"self":[{"href":"https:\/\/enolife.com.ar\/es\/wp-json\/wp\/v2\/posts\/139388","targetHints":{"allow":["GET"]}}],"collection":[{"href":"https:\/\/enolife.com.ar\/es\/wp-json\/wp\/v2\/posts"}],"about":[{"href":"https:\/\/enolife.com.ar\/es\/wp-json\/wp\/v2\/types\/post"}],"author":[{"embeddable":true,"href":"https:\/\/enolife.com.ar\/es\/wp-json\/wp\/v2\/users\/2"}],"replies":[{"embeddable":true,"href":"https:\/\/enolife.com.ar\/es\/wp-json\/wp\/v2\/comments?post=139388"}],"version-history":[{"count":0,"href":"https:\/\/enolife.com.ar\/es\/wp-json\/wp\/v2\/posts\/139388\/revisions"}],"wp:featuredmedia":[{"embeddable":true,"href":"https:\/\/enolife.com.ar\/es\/wp-json\/wp\/v2\/media\/110452"}],"wp:attachment":[{"href":"https:\/\/enolife.com.ar\/es\/wp-json\/wp\/v2\/media?parent=139388"}],"wp:term":[{"taxonomy":"category","embeddable":true,"href":"https:\/\/enolife.com.ar\/es\/wp-json\/wp\/v2\/categories?post=139388"},{"taxonomy":"post_tag","embeddable":true,"href":"https:\/\/enolife.com.ar\/es\/wp-json\/wp\/v2\/tags?post=139388"}],"curies":[{"name":"wp","href":"https:\/\/api.w.org\/{rel}","templated":true}]}}