{"id":139068,"date":"2025-02-26T22:59:09","date_gmt":"2025-02-26T22:59:09","guid":{"rendered":"https:\/\/enolife.com.ar\/es\/?p=139068"},"modified":"2025-02-27T12:34:06","modified_gmt":"2025-02-27T12:34:06","slug":"el-13-3-arranca-prowein-dusseldorf-2025-con-feria-y-disertaciones-para-la-industria-del-vino-global","status":"publish","type":"post","link":"https:\/\/enolife.com.ar\/es\/el-13-3-arranca-prowein-dusseldorf-2025-con-feria-y-disertaciones-para-la-industria-del-vino-global\/","title":{"rendered":"El 13\/3 arranca ProWein Dusseldorf 2025, con feria y disertaciones para la industria del vino global"},"content":{"rendered":"\n<h4 class=\"wp-block-heading\"><em><strong>La ya cl\u00e1sica Feria ProWein, en su edici\u00f3n 2025, se celebrar\u00e1 en D\u00fcsseldorf, Alemania, del 13 al 18 de marzo. Este encuentro reunir\u00e1 a productores, distribuidores, sommeliers y otros profesionales del sector, quienes tendr\u00e1n la oportunidad de descubrir las \u00faltimas tendencias en el mundo del vino, establecer contactos clave y participar en una amplia gama de eventos.<\/strong><\/em><\/h4>\n\n\n\n<div style=\"height:35px\" aria-hidden=\"true\" class=\"wp-block-spacer\"><\/div>\n\n\n<a href=\"https:\/\/durox.com.ar\/\" aria-label=\"1700x500px\"><img loading=\"lazy\" decoding=\"async\" src=\"https:\/\/enolife.com.ar\/es\/wp-content\/uploads\/2025\/01\/1700x500px.jpg\" alt=\"\"  srcset=\"https:\/\/enolife.com.ar\/es\/wp-content\/uploads\/2025\/01\/1700x500px.jpg 1700w, https:\/\/enolife.com.ar\/es\/wp-content\/uploads\/2025\/01\/1700x500px-300x88.jpg 300w, https:\/\/enolife.com.ar\/es\/wp-content\/uploads\/2025\/01\/1700x500px-1024x301.jpg 1024w, https:\/\/enolife.com.ar\/es\/wp-content\/uploads\/2025\/01\/1700x500px-768x226.jpg 768w, https:\/\/enolife.com.ar\/es\/wp-content\/uploads\/2025\/01\/1700x500px-1536x452.jpg 1536w, https:\/\/enolife.com.ar\/es\/wp-content\/uploads\/2025\/01\/1700x500px-1170x344.jpg 1170w, https:\/\/enolife.com.ar\/es\/wp-content\/uploads\/2025\/01\/1700x500px-585x172.jpg 585w\" sizes=\"auto, (max-width: 1700px) 100vw, 1700px\" width=\"1700\" height=\"500\"   \/><\/a>\n\n\n<div style=\"height:45px\" aria-hidden=\"true\" class=\"wp-block-spacer\"><\/div>\n\n\n\n<p>ProWein, la feria profesional e internacional de vinos y bebidas espirituosas, se prepara para su nueva edici\u00f3n en la ciudad de D\u00fcsseldorf. Ser\u00e1n 6 d\u00edas en los que todo girar\u00e1 en torno a negocios, eventos y las tendencias m\u00e1s actuales del sector. <\/p>\n\n\n\n<p>La feria propiamente dicha comienza el <strong>16 de marzo, pero el jueves 13 comienza el programa<\/strong> vespertino <strong>\u00abProWein goes city\u00bb <\/strong> para todos aquellos que desean disfrutar en numerosos restaurantes, bares y comercios de vino. El <strong>s\u00e1bado 15 de marz<\/strong>o continuar\u00e1 con el evento profesional <strong>\u00abMeininger\u2019s Wine Conference\u00bb<\/strong>. Esta conferencia, organizada en cooperaci\u00f3n con ProWein, ofrece todos los a\u00f1os aportes sobre las tendencias actuales y los pr\u00f3ximos desarrollos en el sector del vino. El acto cuenta este a\u00f1o con participantes de alto nivel y su lema es <strong>\u00abThe Best Ways to Sell Wine\u00bb<\/strong>. Adem\u00e1s, se tratar\u00e1n temas cruciales que marcan el futuro del sector vin\u00edcola. El broche de oro al final de la conferencia ser\u00e1 la entrega de los <strong>Meininger Awards.<\/strong><\/p>\n\n\n\n<div style=\"height:15px\" aria-hidden=\"true\" class=\"wp-block-spacer\"><\/div>\n\n\n<div class=\"wp-block-image\">\n<figure class=\"aligncenter size-full is-resized\"><a href=\"https:\/\/enolife.com.ar\/es\/wp-content\/uploads\/2025\/02\/image-78.png\" data-rel=\"penci-gallery-image-content\" ><img loading=\"lazy\" decoding=\"async\" src=\"https:\/\/enolife.com.ar\/es\/wp-content\/uploads\/2025\/02\/image-78.png\" alt=\"\" class=\"wp-image-139072\" width=\"593\" height=\"418\" srcset=\"https:\/\/enolife.com.ar\/es\/wp-content\/uploads\/2025\/02\/image-78.png 1000w, https:\/\/enolife.com.ar\/es\/wp-content\/uploads\/2025\/02\/image-78-300x212.png 300w, https:\/\/enolife.com.ar\/es\/wp-content\/uploads\/2025\/02\/image-78-768x543.png 768w\" sizes=\"auto, (max-width: 593px) 100vw, 593px\" \/><\/a><\/figure><\/div>\n\n\n<div style=\"height:30px\" aria-hidden=\"true\" class=\"wp-block-spacer\"><\/div>\n\n\n\n<p class=\"has-medium-font-size\"><strong>Programa completo en la ProWein<\/strong><\/p>\n\n\n\n<p>ProWein abrir\u00e1 sus puertas del 16 al 18 de marzo en el recinto de la <strong>Messe D\u00fcsseldorf.<\/strong> En 9 de los 11 pabellones de la feria, los visitantes profesionales encontrar\u00e1n una amplia oferta de productores de todas las regiones vin\u00edcolas relevantes de todos los continentes. Bajo la etiqueta <strong>ProSpirits<\/strong>, en otros 2 pabellones se presentar\u00e1 una oferta \u00fanica de bebidas espirituosas de todos los lugares del mundo para quienes toman las decisiones en el comercio y la gastronom\u00eda.<\/p>\n\n\n\n<p>La oferta de los expositores durante ProWein se enriquecer\u00e1 con un programa complementario durante los tres d\u00edas de la feria, incluyendo sesiones del foro empresarial (<strong>\u00abBusiness Forum\u00bb<\/strong>), un programa en los stands de los expositores, numerosas degustaciones en el foro de clase magistral (\u00ab<strong>Masterclass Forum<\/strong>\u00ab), el \u00e1rea gastron\u00f3mica <strong>\u00aburban gastronomy\u00bb<\/strong> con prestigiosos chefs, el <strong>\u00abChampagne Lounge\u00bb<\/strong>, la exhibici\u00f3n especial <strong>ProWein Zero,<\/strong> la presentaci\u00f3n de la <strong>\u00abUnion des Grands Crus de Bordeaux\u00bb<\/strong>, la exhibici\u00f3n especial <strong>\u00abPackaging &amp; Design\u00bb<\/strong>, <strong>\u00abOrganic World\u00bb<\/strong> y muchos otros.<\/p>\n\n\n\n<div style=\"height:35px\" aria-hidden=\"true\" class=\"wp-block-spacer\"><\/div>\n\n\n\n<p class=\"has-medium-font-size\"><strong>ProWein goes city, la experiencia para quienes no son profesionales<\/strong><\/p>\n\n\n\n<p>\u00abProWein goes city\u00bb establece el v\u00ednculo con los consumidores. Del 13 al 18 de marzo, en toda la ciudad, se ofrecen degustaciones de vinos y bebidas espirituosas, men\u00fas especiales en muchos restaurantes y actos culturales. En total est\u00e1n previstos m\u00e1s de 100 eventos y pueden consultarse en el programa oficial de la Feria.<\/p>\n\n\n\n<p>El programa y m\u00e1s datos sobre el evento Meininger\u2019s Wine Conference se pueden encontrar en este en&nbsp;<a href=\"https:\/\/www.meiningers-conference.com\/\"><strong>enlace<\/strong><\/a>.<\/p>\n\n\n\n<p class=\"has-background\" style=\"background-color:#abb7c252\"><strong>M\u00e1s informaci\u00f3n y entradas en&nbsp;<a rel=\"noreferrer noopener\" href=\"http:\/\/www.prowein.com.\/\" target=\"_blank\">www.prowein.com.<\/a><\/strong><a rel=\"noreferrer noopener\" href=\"https:\/\/parafinasquintanar.es\/es\/productos\/lacres.html\" target=\"_blank\"><\/a><\/p>\n\n\n\n<div style=\"height:34px\" aria-hidden=\"true\" class=\"wp-block-spacer\"><\/div>\n","protected":false},"excerpt":{"rendered":"<p>La ya cl\u00e1sica Feria ProWein, en su edici\u00f3n 2025, se celebrar\u00e1 en D\u00fcsseldorf, Alemania, del&hellip;<\/p>\n","protected":false},"author":2,"featured_media":139076,"comment_status":"open","ping_status":"open","sticky":false,"template":"","format":"standard","meta":{"footnotes":""},"categories":[10],"tags":[],"class_list":["post-139068","post","type-post","status-publish","format-standard","has-post-thumbnail","hentry","category-ferias"],"_links":{"self":[{"href":"https:\/\/enolife.com.ar\/es\/wp-json\/wp\/v2\/posts\/139068","targetHints":{"allow":["GET"]}}],"collection":[{"href":"https:\/\/enolife.com.ar\/es\/wp-json\/wp\/v2\/posts"}],"about":[{"href":"https:\/\/enolife.com.ar\/es\/wp-json\/wp\/v2\/types\/post"}],"author":[{"embeddable":true,"href":"https:\/\/enolife.com.ar\/es\/wp-json\/wp\/v2\/users\/2"}],"replies":[{"embeddable":true,"href":"https:\/\/enolife.com.ar\/es\/wp-json\/wp\/v2\/comments?post=139068"}],"version-history":[{"count":0,"href":"https:\/\/enolife.com.ar\/es\/wp-json\/wp\/v2\/posts\/139068\/revisions"}],"wp:featuredmedia":[{"embeddable":true,"href":"https:\/\/enolife.com.ar\/es\/wp-json\/wp\/v2\/media\/139076"}],"wp:attachment":[{"href":"https:\/\/enolife.com.ar\/es\/wp-json\/wp\/v2\/media?parent=139068"}],"wp:term":[{"taxonomy":"category","embeddable":true,"href":"https:\/\/enolife.com.ar\/es\/wp-json\/wp\/v2\/categories?post=139068"},{"taxonomy":"post_tag","embeddable":true,"href":"https:\/\/enolife.com.ar\/es\/wp-json\/wp\/v2\/tags?post=139068"}],"curies":[{"name":"wp","href":"https:\/\/api.w.org\/{rel}","templated":true}]}}