{"id":138998,"date":"2025-02-25T14:11:01","date_gmt":"2025-02-25T14:11:01","guid":{"rendered":"https:\/\/enolife.com.ar\/es\/?p=138998"},"modified":"2025-02-26T22:59:02","modified_gmt":"2025-02-26T22:59:02","slug":"la-chacra-estatal-de-la-pampa-cosechara-110-tn-de-uvas-para-repartir-entre-bodegas-artesanales","status":"publish","type":"post","link":"https:\/\/enolife.com.ar\/es\/la-chacra-estatal-de-la-pampa-cosechara-110-tn-de-uvas-para-repartir-entre-bodegas-artesanales\/","title":{"rendered":"La chacra estatal de La Pampa cosechar\u00e1 110 tn de uvas para repartir entre bodegas artesanales"},"content":{"rendered":"\n<h4 class=\"wp-block-heading\"><em><strong>La Chacra Experimental del Ente Provincial R\u00edo Colorado -un organismo aut\u00e1rquico del gobierno de la provincia argentina de La Pampa cuya funci\u00f3n es promover la producci\u00f3n y regular los recursos naturales locales- tendr\u00e1 este a\u00f1o un r\u00e9cord de producci\u00f3n, con un volumen similar al de la vendimia 2024. Las uvas se destinan con precios ventajosos exclusivamente a bodegueros y elaboradores de la provincia.<\/strong><\/em><\/h4>\n\n\n\n<div style=\"height:35px\" aria-hidden=\"true\" class=\"wp-block-spacer\"><\/div>\n\n\n<a href=\"https:\/\/jmzeballos.com\/\" aria-label=\"PUBLICIDAD ENOLIFE 2023_OENO OVOID 1700 x 500\"><img loading=\"lazy\" decoding=\"async\" src=\"https:\/\/enolife.com.ar\/es\/wp-content\/uploads\/2020\/12\/PUBLICIDAD-ENOLIFE-2023_OENO-OVOID-1700-x-500.jpg\" alt=\"\"  srcset=\"https:\/\/enolife.com.ar\/es\/wp-content\/uploads\/2020\/12\/PUBLICIDAD-ENOLIFE-2023_OENO-OVOID-1700-x-500.jpg 1700w, https:\/\/enolife.com.ar\/es\/wp-content\/uploads\/2020\/12\/PUBLICIDAD-ENOLIFE-2023_OENO-OVOID-1700-x-500-300x88.jpg 300w, https:\/\/enolife.com.ar\/es\/wp-content\/uploads\/2020\/12\/PUBLICIDAD-ENOLIFE-2023_OENO-OVOID-1700-x-500-1024x301.jpg 1024w, https:\/\/enolife.com.ar\/es\/wp-content\/uploads\/2020\/12\/PUBLICIDAD-ENOLIFE-2023_OENO-OVOID-1700-x-500-768x226.jpg 768w, https:\/\/enolife.com.ar\/es\/wp-content\/uploads\/2020\/12\/PUBLICIDAD-ENOLIFE-2023_OENO-OVOID-1700-x-500-1536x452.jpg 1536w, https:\/\/enolife.com.ar\/es\/wp-content\/uploads\/2020\/12\/PUBLICIDAD-ENOLIFE-2023_OENO-OVOID-1700-x-500-1170x344.jpg 1170w, https:\/\/enolife.com.ar\/es\/wp-content\/uploads\/2020\/12\/PUBLICIDAD-ENOLIFE-2023_OENO-OVOID-1700-x-500-585x172.jpg 585w\" sizes=\"auto, (max-width: 1700px) 100vw, 1700px\" width=\"1700\" height=\"500\"   \/><\/a>\n\n\n<div style=\"height:45px\" aria-hidden=\"true\" class=\"wp-block-spacer\"><\/div>\n\n\n\n<p>De acuerdo a lo que se hab\u00eda estimado previamente, se espera cosechar aproximadamente <strong>110 toneladas de uvas<\/strong> de las <strong>19 variedades<\/strong> plantadas en la <strong>Chacra Experimental del Ente Provincial del R\u00edo Colorad<\/strong>o (EPRC), una finca de <strong>10 hect\u00e1reas<\/strong> ubicada en <strong>Villa Casa de Piedra<\/strong>. La totalidad de la cosecha ser\u00e1 entregada a bodegas y elaboradoras artesanales de la provincia de <strong>La Pampa.<\/strong><\/p>\n\n\n\n<p>El <strong>Ministerio de la Producci\u00f3n<\/strong> de La Pampa, a trav\u00e9s del EPRC, particip\u00f3 de la primera semana de vendimia en la Chacra Experimental que este organismo cuenta en Villa Casa de Piedra.<\/p>\n\n\n\n<p>Seg\u00fan los datos parciales hasta la tercera semana de febrero, se han obtenido un total de <strong>18.762 kg de uvas en estos primeros d\u00edas<\/strong>, de las variedades Marcelan, Pinot Noir, Merlot, Chardonnay, Bonarda, Pinot Gris, Malbec, y Tempranillo.<\/p>\n\n\n\n<p><em>\u201cSe estima que la cosecha culmine a fin de marzo, previendo obtener m\u00e1s de 100.000 kg de uva\u201d,<\/em> adelant\u00f3 <strong>Claudio Aimar, <\/strong>vicepresidente del Ente. Y se\u00f1al\u00f3 como dato importante que en esta oportunidad<em> \u201cla entrega de uvas se realizar\u00e1 a bodegas y elaboradoras artesanales solamente de La Pampa\u201d<\/em>.<\/p>\n\n\n\n<p>El funcionario coment\u00f3 que <em>\u201ctodas las variedades fueron analizadas previamente, para definir el grado de maduraci\u00f3n y decidir con el en\u00f3logo, Enzo Mugnani, el momento de inicio de cosecha de cada variedad\u201d.<\/em> Tambi\u00e9n record\u00f3 que <em>\u201cel a\u00f1o pasado, en nuestras 10 hect\u00e1reas cosechamos 111.600 kilos, sin contar lo que producen las empresas Catena y Cassone<\/em>\u201d. Y, en ese sentido hay que recordar que los mejores antecedentes a la cosecha 2024 fueron 56.000 kilos en 2020 y 94.000 en 2021.<\/p>\n\n\n\n<div style=\"height:30px\" aria-hidden=\"true\" class=\"wp-block-spacer\"><\/div>\n\n\n<div class=\"wp-block-image\">\n<figure class=\"aligncenter size-full\"><a href=\"https:\/\/enolife.com.ar\/es\/wp-content\/uploads\/2025\/02\/639313_uva-1-768x432-1.jpg\" data-rel=\"penci-gallery-image-content\" ><img loading=\"lazy\" decoding=\"async\" width=\"643\" height=\"396\" src=\"https:\/\/enolife.com.ar\/es\/wp-content\/uploads\/2025\/02\/639313_uva-1-768x432-1.jpg\" alt=\"\" class=\"wp-image-139003\" srcset=\"https:\/\/enolife.com.ar\/es\/wp-content\/uploads\/2025\/02\/639313_uva-1-768x432-1.jpg 643w, https:\/\/enolife.com.ar\/es\/wp-content\/uploads\/2025\/02\/639313_uva-1-768x432-1-300x185.jpg 300w, https:\/\/enolife.com.ar\/es\/wp-content\/uploads\/2025\/02\/639313_uva-1-768x432-1-585x360.jpg 585w\" sizes=\"auto, (max-width: 643px) 100vw, 643px\" \/><\/a><figcaption class=\"wp-element-caption\"><em><strong>La chacra estatal en la localidad de Villa Casa de Piedra, La Pampa.<\/strong><\/em><\/figcaption><\/figure><\/div>\n\n\n<div style=\"height:30px\" aria-hidden=\"true\" class=\"wp-block-spacer\"><\/div>\n\n\n\n<p>Por su parte, <strong>Guillermo S\u00e1nchez, <\/strong>gerente de Producci\u00f3n del Ente,<strong> <\/strong>detall\u00f3 que esta semana se dio inicio a la cosecha de uvas, con lo cual los datos son parciales hasta el momento. Y coment\u00f3 que <em>\u201cel trabajo lleva su tiempo porque es manual, pero va transcurriendo muy bien la cosecha hasta ahora\u201d.<\/em><\/p>\n\n\n\n<p>S\u00e1nchez indic\u00f3 que esta superficie corresponde a la <strong>Chacra Demostrativa<\/strong>, <em>\u201cen la cual se prueban las especies y variedades que mejor funcionan, para promocionar y venderle a productores de la zona\u201d<\/em>.<\/p>\n\n\n\n<p>Cabe recordar que la superficie plantada en esta zona es de <strong>10 hect\u00e1reas<\/strong> y cuenta con <strong>19 variedades de uvas<\/strong>, pero <em>\u201cadem\u00e1s hay variedades de olivos pronto a cosecharse, pistacho, que viene muy bien, nogales, avellanas, granada, con lo cual estamos a la espera de la cosecha de estas especies tambi\u00e9n\u201d,<\/em> concluy\u00f3.<\/p>\n\n\n\n<div style=\"height:30px\" aria-hidden=\"true\" class=\"wp-block-spacer\"><\/div>\n","protected":false},"excerpt":{"rendered":"<p>La Chacra Experimental del Ente Provincial R\u00edo Colorado -un organismo aut\u00e1rquico del gobierno de la&hellip;<\/p>\n","protected":false},"author":2,"featured_media":139078,"comment_status":"open","ping_status":"open","sticky":false,"template":"","format":"standard","meta":{"footnotes":""},"categories":[14],"tags":[],"class_list":["post-138998","post","type-post","status-publish","format-standard","has-post-thumbnail","hentry","category-news"],"_links":{"self":[{"href":"https:\/\/enolife.com.ar\/es\/wp-json\/wp\/v2\/posts\/138998","targetHints":{"allow":["GET"]}}],"collection":[{"href":"https:\/\/enolife.com.ar\/es\/wp-json\/wp\/v2\/posts"}],"about":[{"href":"https:\/\/enolife.com.ar\/es\/wp-json\/wp\/v2\/types\/post"}],"author":[{"embeddable":true,"href":"https:\/\/enolife.com.ar\/es\/wp-json\/wp\/v2\/users\/2"}],"replies":[{"embeddable":true,"href":"https:\/\/enolife.com.ar\/es\/wp-json\/wp\/v2\/comments?post=138998"}],"version-history":[{"count":0,"href":"https:\/\/enolife.com.ar\/es\/wp-json\/wp\/v2\/posts\/138998\/revisions"}],"wp:featuredmedia":[{"embeddable":true,"href":"https:\/\/enolife.com.ar\/es\/wp-json\/wp\/v2\/media\/139078"}],"wp:attachment":[{"href":"https:\/\/enolife.com.ar\/es\/wp-json\/wp\/v2\/media?parent=138998"}],"wp:term":[{"taxonomy":"category","embeddable":true,"href":"https:\/\/enolife.com.ar\/es\/wp-json\/wp\/v2\/categories?post=138998"},{"taxonomy":"post_tag","embeddable":true,"href":"https:\/\/enolife.com.ar\/es\/wp-json\/wp\/v2\/tags?post=138998"}],"curies":[{"name":"wp","href":"https:\/\/api.w.org\/{rel}","templated":true}]}}