{"id":138984,"date":"2025-02-27T23:56:25","date_gmt":"2025-02-27T23:56:25","guid":{"rendered":"https:\/\/enolife.com.ar\/es\/?p=138984"},"modified":"2025-02-28T13:39:58","modified_gmt":"2025-02-28T13:39:58","slug":"el-museo-fader-rescata-la-obra-inedita-sobre-vendimia-de-un-escritor-un-ilustrador-y-un-mitico-editor","status":"publish","type":"post","link":"https:\/\/enolife.com.ar\/es\/el-museo-fader-rescata-la-obra-inedita-sobre-vendimia-de-un-escritor-un-ilustrador-y-un-mitico-editor\/","title":{"rendered":"El Museo Fader rescata la obra in\u00e9dita sobre Vendimia de un escritor, un ilustrador y un m\u00edtico editor"},"content":{"rendered":"\n<h4 class=\"wp-block-heading\"><em><strong>La muestra \u00abHuellas de Vendimia\u00bb es una obra de arte gr\u00e1fico impresa en 1965 por las Brigadas L\u00edricas dirigidas por el famoso editor y mecenas mendocino Gildo D\u2019Accurzio. Est\u00e1 conformada por textos del sanrafaelino Rafael Maule\u00f3n Castillo e ilustraciones del reconocido \u00c1ngel P\u00e9rez Vega, los tres artistas ya desaparecidos. Se trat\u00f3 de una tirada hist\u00f3rica, de s\u00f3lo 5 ejemplares numerados y firmados y 500 copias fuera del circuito comercial. Cada detalle de su producci\u00f3n involucr\u00f3 a destacados artistas y artesanos gr\u00e1ficos de la \u00e9poca. El trabajo permaneci\u00f3 olvidado en una carpeta hasta que lo recuperaron los actuales directivos del Museo Emiliano Gui\u00f1az\u00fa-Casa de Fader, en Luj\u00e1n de Cuyo, Mendoza.<\/strong><\/em><\/h4>\n\n\n\n<div style=\"height:35px\" aria-hidden=\"true\" class=\"wp-block-spacer\"><\/div>\n\n\n\n\n\n<div style=\"height:45px\" aria-hidden=\"true\" class=\"wp-block-spacer\"><\/div>\n\n\n\n<p>Desde el 25 de febrero hasta el 15 de abril, el Museo Provincial de Bellas Artes Emiliano Gui\u00f1az\u00fa-Casa Fader, ubicado en calle San Mart\u00edn 3651 de Mayor Drummond, Luj\u00e1n de Cuyo, Mendoza, est\u00e1 exponiendo la muestra <strong>\u00abHuellas de vendimia\u00bb<\/strong>, que podr\u00e1 visitarse de martes a domingos y feriados, de 10 a 19, con entrada gratuita.<\/p>\n\n\n\n<div style=\"height:30px\" aria-hidden=\"true\" class=\"wp-block-spacer\"><\/div>\n\n\n<div class=\"wp-block-image\">\n<figure class=\"aligncenter size-full is-resized\"><a href=\"https:\/\/enolife.com.ar\/es\/wp-content\/uploads\/2025\/02\/Fachada-Fader-Noche-2-700x467-1.jpg\" data-rel=\"penci-gallery-image-content\" ><img loading=\"lazy\" decoding=\"async\" src=\"https:\/\/enolife.com.ar\/es\/wp-content\/uploads\/2025\/02\/Fachada-Fader-Noche-2-700x467-1.jpg\" alt=\"\" class=\"wp-image-138986\" width=\"572\" height=\"382\" srcset=\"https:\/\/enolife.com.ar\/es\/wp-content\/uploads\/2025\/02\/Fachada-Fader-Noche-2-700x467-1.jpg 700w, https:\/\/enolife.com.ar\/es\/wp-content\/uploads\/2025\/02\/Fachada-Fader-Noche-2-700x467-1-300x200.jpg 300w, https:\/\/enolife.com.ar\/es\/wp-content\/uploads\/2025\/02\/Fachada-Fader-Noche-2-700x467-1-585x390.jpg 585w\" sizes=\"auto, (max-width: 572px) 100vw, 572px\" \/><\/a><\/figure><\/div>\n\n\n<div style=\"height:35px\" aria-hidden=\"true\" class=\"wp-block-spacer\"><\/div>\n\n\n\n<p class=\"has-medium-font-size\"><strong>Sobre la obra<\/strong><\/p>\n\n\n\n<p>En 1971, la <strong>Biblioteca Narcisa Araujo<\/strong> del Museo recibi\u00f3 como obsequio una carpeta titulada <strong>La vendimia<\/strong>, que permaneci\u00f3 olvidada hasta su reciente redescubrimiento. Su contenido sorprende: ilustraciones de <strong>\u00c1ngel P\u00e9rez Vega<\/strong> y textos de <strong>Rafael Maule\u00f3n Castillo.<\/strong><\/p>\n\n\n\n<p>Este trabajo form\u00f3 parte de la serie Expresiones de Arte, editada por Brigadas L\u00edricas bajo la direcci\u00f3n t\u00e9cnica de <strong>Gildo D\u2019Accurzio.<\/strong> La carpeta se imprimi\u00f3 en Mendoza en 1965 en una tirada limitada de cinco ejemplares numerados y firmados, m\u00e1s 500 copias fuera de comercio. Cada detalle de su producci\u00f3n involucr\u00f3 a destacados artistas y artesanos gr\u00e1ficos de la \u00e9poca.<\/p>\n\n\n\n<p>La muestra Huellas de vendimia rescata este valioso material, conectando el presente con la tradici\u00f3n cultural mendocina.<\/p>\n\n\n\n<div style=\"height:30px\" aria-hidden=\"true\" class=\"wp-block-spacer\"><\/div>\n\n\n<div class=\"wp-block-image\">\n<figure class=\"aligncenter size-full\"><a href=\"https:\/\/enolife.com.ar\/es\/wp-content\/uploads\/2025\/02\/A-P-Vega-1-700x993-1-1.jpeg\" data-rel=\"penci-gallery-image-content\" ><img loading=\"lazy\" decoding=\"async\" width=\"400\" height=\"502\" src=\"https:\/\/enolife.com.ar\/es\/wp-content\/uploads\/2025\/02\/A-P-Vega-1-700x993-1-1.jpeg\" alt=\"\" class=\"wp-image-138989\" srcset=\"https:\/\/enolife.com.ar\/es\/wp-content\/uploads\/2025\/02\/A-P-Vega-1-700x993-1-1.jpeg 400w, https:\/\/enolife.com.ar\/es\/wp-content\/uploads\/2025\/02\/A-P-Vega-1-700x993-1-1-239x300.jpeg 239w\" sizes=\"auto, (max-width: 400px) 100vw, 400px\" \/><\/a><\/figure><\/div>\n\n\n<div style=\"height:35px\" aria-hidden=\"true\" class=\"wp-block-spacer\"><\/div>\n\n\n\n<p class=\"has-medium-font-size\"><strong>Sobre los artistas<\/strong><\/p>\n\n\n\n<p>\u00c1ngel P\u00e9rez Vega (1923-2007) naci\u00f3 en San Rafael, Mendoza. Formado en la Escuela Provincial de Bellas Artes y la Universidad Nacional de Cuyo, perfeccion\u00f3 su t\u00e9cnica en Espa\u00f1a en 1965. Su obra refleja el entorno vitivin\u00edcola y la identidad cuyana, con una extensa trayectoria de m\u00e1s de 120 exposiciones individuales y numerosos premios.<\/p>\n\n\n\n<p>Rafael Maule\u00f3n Castillo (1902-1969) fue un poeta, editor y promotor cultural clave en la difusi\u00f3n de la literatura en Mendoza. Fund\u00f3 en 1936 Brigadas L\u00edricas, un sello editorial que conect\u00f3 a escritores de Am\u00e9rica y Europa. Su legado sigue vigente en la Escuela 1-302 de San Rafael, que lleva su nombre.<\/p>\n\n\n\n<p>Gildo D\u2019Accurzio (1898-1983) fue un impresor y editor fundamental en la escena cultural mendocina. Desde su imprenta en Mendoza, public\u00f3 m\u00e1s de 1.500 t\u00edtulos y promovi\u00f3 la revista P\u00e1mpano. Su contribuci\u00f3n se recuerda en la Librer\u00eda P\u00fablica Gildo D\u2019Accurzio y una placa conmemorativa en el sitio de su antigua imprenta.<\/p>\n\n\n\n<div style=\"height:30px\" aria-hidden=\"true\" class=\"wp-block-spacer\"><\/div>\n\n\n<div class=\"wp-block-image\">\n<figure class=\"aligncenter size-full is-resized\"><a href=\"https:\/\/enolife.com.ar\/es\/wp-content\/uploads\/2025\/02\/A-Perez-Vega-1.jpeg\" data-rel=\"penci-gallery-image-content\" ><img loading=\"lazy\" decoding=\"async\" src=\"https:\/\/enolife.com.ar\/es\/wp-content\/uploads\/2025\/02\/A-Perez-Vega-1.jpeg\" alt=\"\" class=\"wp-image-138991\" width=\"602\" height=\"385\" srcset=\"https:\/\/enolife.com.ar\/es\/wp-content\/uploads\/2025\/02\/A-Perez-Vega-1.jpeg 782w, https:\/\/enolife.com.ar\/es\/wp-content\/uploads\/2025\/02\/A-Perez-Vega-1-300x192.jpeg 300w, https:\/\/enolife.com.ar\/es\/wp-content\/uploads\/2025\/02\/A-Perez-Vega-1-768x491.jpeg 768w, https:\/\/enolife.com.ar\/es\/wp-content\/uploads\/2025\/02\/A-Perez-Vega-1-780x500.jpeg 780w, https:\/\/enolife.com.ar\/es\/wp-content\/uploads\/2025\/02\/A-Perez-Vega-1-585x374.jpeg 585w\" sizes=\"auto, (max-width: 602px) 100vw, 602px\" \/><\/a><\/figure><\/div>\n\n\n<div style=\"height:35px\" aria-hidden=\"true\" class=\"wp-block-spacer\"><\/div>\n\n\n\n<p>Huellas de vendimia es una muestra que celebra a tres figuras esenciales del arte y la cultura mendocina. En el entorno del Museo Fader, invita a recorrer la historia y la identidad de la provincia a trav\u00e9s de su legado art\u00edstico.<\/p>\n\n\n\n<div style=\"height:30px\" aria-hidden=\"true\" class=\"wp-block-spacer\"><\/div>\n","protected":false},"excerpt":{"rendered":"<p>La muestra \u00abHuellas de Vendimia\u00bb es una obra de arte gr\u00e1fico impresa en 1965 por&hellip;<\/p>\n","protected":false},"author":2,"featured_media":138994,"comment_status":"open","ping_status":"open","sticky":false,"template":"","format":"standard","meta":{"footnotes":""},"categories":[47],"tags":[],"class_list":["post-138984","post","type-post","status-publish","format-standard","has-post-thumbnail","hentry","category-agenda"],"_links":{"self":[{"href":"https:\/\/enolife.com.ar\/es\/wp-json\/wp\/v2\/posts\/138984","targetHints":{"allow":["GET"]}}],"collection":[{"href":"https:\/\/enolife.com.ar\/es\/wp-json\/wp\/v2\/posts"}],"about":[{"href":"https:\/\/enolife.com.ar\/es\/wp-json\/wp\/v2\/types\/post"}],"author":[{"embeddable":true,"href":"https:\/\/enolife.com.ar\/es\/wp-json\/wp\/v2\/users\/2"}],"replies":[{"embeddable":true,"href":"https:\/\/enolife.com.ar\/es\/wp-json\/wp\/v2\/comments?post=138984"}],"version-history":[{"count":0,"href":"https:\/\/enolife.com.ar\/es\/wp-json\/wp\/v2\/posts\/138984\/revisions"}],"wp:featuredmedia":[{"embeddable":true,"href":"https:\/\/enolife.com.ar\/es\/wp-json\/wp\/v2\/media\/138994"}],"wp:attachment":[{"href":"https:\/\/enolife.com.ar\/es\/wp-json\/wp\/v2\/media?parent=138984"}],"wp:term":[{"taxonomy":"category","embeddable":true,"href":"https:\/\/enolife.com.ar\/es\/wp-json\/wp\/v2\/categories?post=138984"},{"taxonomy":"post_tag","embeddable":true,"href":"https:\/\/enolife.com.ar\/es\/wp-json\/wp\/v2\/tags?post=138984"}],"curies":[{"name":"wp","href":"https:\/\/api.w.org\/{rel}","templated":true}]}}