{"id":138953,"date":"2025-02-24T14:24:30","date_gmt":"2025-02-24T14:24:30","guid":{"rendered":"https:\/\/enolife.com.ar\/es\/?p=138953"},"modified":"2025-02-25T14:11:31","modified_gmt":"2025-02-25T14:11:31","slug":"vendimia-mendoza-2025-como-y-donde-retirar-las-acreditaciones-para-cubrir-actos-oficiales","status":"publish","type":"post","link":"https:\/\/enolife.com.ar\/es\/vendimia-mendoza-2025-como-y-donde-retirar-las-acreditaciones-para-cubrir-actos-oficiales\/","title":{"rendered":"Vendimia Mendoza 2025: c\u00f3mo y d\u00f3nde retirar las acreditaciones para cubrir actos oficiales"},"content":{"rendered":"\n<h4 class=\"wp-block-heading\"><em><strong>Las acreditaciones a periodistas para cubrir la denominada Convivencia Real de las soberanas, en un hotel a confirmar, y para el acto de la Bendici\u00f3n de los Frutos, en el Parque San Vicente de Godoy Cruz, se deben retirar en la Casa de Gobierno de esta capital el 28 de febrero. Para el Acto Central y la Repetici\u00f3n, en el Teatro Griego Frank Romero Day, las confirmaciones fueron enviadas por correo electr\u00f3nico el 20 de febrero. M\u00e1s detalles en la nota.<\/strong><\/em><\/h4>\n\n\n\n<div style=\"height:35px\" aria-hidden=\"true\" class=\"wp-block-spacer\"><\/div>\n\n\n\n\n\n<div style=\"height:45px\" aria-hidden=\"true\" class=\"wp-block-spacer\"><\/div>\n\n\n\n<p>La Subsecretar\u00eda de Comunicaci\u00f3n Social, Prensa y Protocolo del <strong>Gobierno de Mendoza<\/strong> inform\u00f3 que ha finalizado el proceso de acreditaciones y preacreditaciones para periodistas y medios de comunicaci\u00f3n interesados en cubrir los actos oficiales de la <strong>Fiesta Nacional de la Vendimia 2025.<\/strong><\/p>\n\n\n\n<div style=\"height:35px\" aria-hidden=\"true\" class=\"wp-block-spacer\"><\/div>\n\n\n\n<p class=\"has-medium-font-size\"><strong>Fechas de actos oficiales de Vendimia 2025<\/strong><\/p>\n\n\n\n<ul class=\"wp-block-list\">\n<li>S\u00e1bado 1 de marzo:&nbsp;<em>Inicio de la Convivencia Real&nbsp;<\/em>(9 hs, en hotel a confirmar).<\/li>\n\n\n\n<li>S\u00e1bado 1 de marzo:&nbsp;<em>Bendici\u00f3n de los Frutos<\/em>, en el Parque San Vicente, Godoy Cruz.<\/li>\n\n\n\n<li>Viernes 7 de marzo:&nbsp;<em>V\u00eda Blanca<\/em>.<\/li>\n\n\n\n<li>S\u00e1bado 8 de marzo:&nbsp;<em>Carrusel<\/em>.<\/li>\n\n\n\n<li>S\u00e1bado 8 de marzo:&nbsp;<em>Fiesta Nacional de la Vendimia 2025 \u201cGuardiana del vino eterno\u201d<\/em>.<\/li>\n\n\n\n<li>Domingo 9 de marzo:\u00a0<em>Repetici\u00f3n de la Fiesta Nacional de la Vendimia 2025 \u201cGuardiana del vino eterno\u201d<\/em>.<\/li>\n<\/ul>\n\n\n\n<div style=\"height:35px\" aria-hidden=\"true\" class=\"wp-block-spacer\"><\/div>\n\n\n\n<p class=\"has-medium-font-size\"><strong>C\u00f3mo y d\u00f3nde retirar las acreditaciones<\/strong><\/p>\n\n\n\n<p><strong>Para Convivencia Real y Bendici\u00f3n de los Frutos<\/strong><\/p>\n\n\n\n<ul class=\"wp-block-list\">\n<li>Se retiran en la Subsecretar\u00eda de Comunicaci\u00f3n Social, Prensa y Protocolo del Gobierno de Mendoza, en el tercer piso del Cuerpo Central de Casa de Gobierno.<\/li>\n\n\n\n<li>Fecha: 28 de febrero, de 9 a 19.&nbsp;<em>Sin excepci\u00f3n<\/em>.<\/li>\n<\/ul>\n\n\n\n<p><strong>Para la V\u00eda Blanca y el Carrusel<\/strong><\/p>\n\n\n\n<ul class=\"wp-block-list\">\n<li>No se requerir\u00e1 precinto para desarrollar la cobertura period\u00edstica durante el recorrido por las calles de la Ciudad de Mendoza.<\/li>\n\n\n\n<li>Los datos declarados en el formulario de acreditaciones quedaron registrados en el sistema.<\/li>\n<\/ul>\n\n\n\n<p><strong>Para el Acto Central y la Repetici\u00f3n<\/strong><\/p>\n\n\n\n<ul class=\"wp-block-list\">\n<li>S\u00f3lo quienes recibieron confirmaci\u00f3n el 20 de febrero podr\u00e1n retirar su credencial. Los mensajes se enviaron por correo electr\u00f3nico a la direcci\u00f3n declarada en el formulario.<\/li>\n\n\n\n<li>Lugar: Subsecretar\u00eda de Cultura, en Guti\u00e9rrez 204, Ciudad de Mendoza.<\/li>\n\n\n\n<li>Fecha: Martes 4 de marzo, de 9 a 16.<\/li>\n\n\n\n<li>Presentar DNI o pasaporte.<\/li>\n<\/ul>\n\n\n\n<p>Si se detectan anomal\u00edas o irregularidades en los datos declarados o en el uso de la credencial, la organizaci\u00f3n anular\u00e1 autom\u00e1ticamente el acceso al Teatro Griego Frank Romero Day.<\/p>\n\n\n\n<div style=\"height:35px\" aria-hidden=\"true\" class=\"wp-block-spacer\"><\/div>\n\n\n\n<p class=\"has-medium-font-size\"><strong>Palco de Prensa en el Teatro Griego Frank Romero Day<\/strong><\/p>\n\n\n\n<ul class=\"wp-block-list\">\n<li>No se permite el ingreso de menores de 18 a\u00f1os.<\/li>\n\n\n\n<li>No est\u00e1 permitido el ingreso con canastos, heladeras ni elementos de camping.<\/li>\n<\/ul>\n\n\n\n<p class=\"has-background\" style=\"background-color:#abb7c24d\"><strong>S\u00f3lo para consultas sobre entrega de credenciales, fechas, etc., pueden comunicarse v\u00eda correo electr\u00f3nico a\u00a0<a rel=\"noreferrer noopener\" href=\"mailto:acreditacionesfnv2025@gmail.com\" target=\"_blank\">acreditacionesfnv2025@gmail.com<\/a>.<\/strong><\/p>\n\n\n\n<div style=\"height:26px\" aria-hidden=\"true\" class=\"wp-block-spacer\"><\/div>\n","protected":false},"excerpt":{"rendered":"<p>Las acreditaciones a periodistas para cubrir la denominada Convivencia Real de las soberanas, en un&hellip;<\/p>\n","protected":false},"author":2,"featured_media":138961,"comment_status":"open","ping_status":"open","sticky":false,"template":"","format":"standard","meta":{"footnotes":""},"categories":[47],"tags":[],"class_list":["post-138953","post","type-post","status-publish","format-standard","has-post-thumbnail","hentry","category-agenda"],"_links":{"self":[{"href":"https:\/\/enolife.com.ar\/es\/wp-json\/wp\/v2\/posts\/138953","targetHints":{"allow":["GET"]}}],"collection":[{"href":"https:\/\/enolife.com.ar\/es\/wp-json\/wp\/v2\/posts"}],"about":[{"href":"https:\/\/enolife.com.ar\/es\/wp-json\/wp\/v2\/types\/post"}],"author":[{"embeddable":true,"href":"https:\/\/enolife.com.ar\/es\/wp-json\/wp\/v2\/users\/2"}],"replies":[{"embeddable":true,"href":"https:\/\/enolife.com.ar\/es\/wp-json\/wp\/v2\/comments?post=138953"}],"version-history":[{"count":0,"href":"https:\/\/enolife.com.ar\/es\/wp-json\/wp\/v2\/posts\/138953\/revisions"}],"wp:featuredmedia":[{"embeddable":true,"href":"https:\/\/enolife.com.ar\/es\/wp-json\/wp\/v2\/media\/138961"}],"wp:attachment":[{"href":"https:\/\/enolife.com.ar\/es\/wp-json\/wp\/v2\/media?parent=138953"}],"wp:term":[{"taxonomy":"category","embeddable":true,"href":"https:\/\/enolife.com.ar\/es\/wp-json\/wp\/v2\/categories?post=138953"},{"taxonomy":"post_tag","embeddable":true,"href":"https:\/\/enolife.com.ar\/es\/wp-json\/wp\/v2\/tags?post=138953"}],"curies":[{"name":"wp","href":"https:\/\/api.w.org\/{rel}","templated":true}]}}