{"id":138750,"date":"2025-02-22T12:43:10","date_gmt":"2025-02-22T12:43:10","guid":{"rendered":"https:\/\/enolife.com.ar\/es\/?p=138750"},"modified":"2025-02-24T00:08:39","modified_gmt":"2025-02-24T00:08:39","slug":"en-espana-arrancan-vinedos-con-ayuda-estatal-porque-tienen-mas-vino-tinto-del-que-pueden-vender","status":"publish","type":"post","link":"https:\/\/enolife.com.ar\/es\/en-espana-arrancan-vinedos-con-ayuda-estatal-porque-tienen-mas-vino-tinto-del-que-pueden-vender\/","title":{"rendered":"En Espa\u00f1a arrancan vi\u00f1edos con ayuda estatal porque tienen m\u00e1s vino tinto del que pueden vender"},"content":{"rendered":"\n<h4 class=\"wp-block-heading\"><em><strong>El consumo de vino subi\u00f3 un 2,5% en Espa\u00f1a en 2024, y las exportaciones un 12%, pero el tinto sigue acumul\u00e1ndose sin una salida clara. Ante ello, el tema del arranque de vi\u00f1edos vuelve a estar en la agenda, tal como ha sucedido a comienzos de la d\u00e9cada de 1990, cuando se erradicaron 130.000 hect\u00e1reas. El mismo problema se plantea en Francia, donde hay planes de eliminar entre 30.000 y 60.000 hect\u00e1reas con subsidios estatales por un total de 120 millones de euros para compensar a los productores que decidan esa medida extrema.<\/strong><\/em><\/h4>\n\n\n\n<div style=\"height:35px\" aria-hidden=\"true\" class=\"wp-block-spacer\"><\/div>\n\n\n<a href=\"https:\/\/www.dellatoffola.com.ar\/es\/home\" aria-label=\"della toffolla 1700&#215;500\"><img loading=\"lazy\" decoding=\"async\" src=\"https:\/\/enolife.com.ar\/es\/wp-content\/uploads\/2023\/10\/della-toffolla-1700x500-2.png\" alt=\"\"  srcset=\"https:\/\/enolife.com.ar\/es\/wp-content\/uploads\/2023\/10\/della-toffolla-1700x500-2.png 1699w, https:\/\/enolife.com.ar\/es\/wp-content\/uploads\/2023\/10\/della-toffolla-1700x500-2-300x88.png 300w, https:\/\/enolife.com.ar\/es\/wp-content\/uploads\/2023\/10\/della-toffolla-1700x500-2-1024x301.png 1024w, https:\/\/enolife.com.ar\/es\/wp-content\/uploads\/2023\/10\/della-toffolla-1700x500-2-768x226.png 768w, https:\/\/enolife.com.ar\/es\/wp-content\/uploads\/2023\/10\/della-toffolla-1700x500-2-1536x451.png 1536w, https:\/\/enolife.com.ar\/es\/wp-content\/uploads\/2023\/10\/della-toffolla-1700x500-2-1170x344.png 1170w, https:\/\/enolife.com.ar\/es\/wp-content\/uploads\/2023\/10\/della-toffolla-1700x500-2-585x172.png 585w\" sizes=\"auto, (max-width: 1699px) 100vw, 1699px\" width=\"1699\" height=\"499\"   \/><\/a>\n\n\n<div style=\"height:45px\" aria-hidden=\"true\" class=\"wp-block-spacer\"><\/div>\n\n\n\n<p>El sector del vino vuelve a respirar en <strong>Espa\u00f1a<\/strong>. El consumo<strong> repunt\u00f3 un 2,5% en 2024 <\/strong>y alcanz\u00f3 los 9,9 millones de hectolitros, seg\u00fan datos de la <strong>Organizaci\u00f3n Interprofesional del Vino<\/strong>. Paralelamente, las exportaciones crecieron un <strong>12% en el primer semestre de 2024, <\/strong>especialmente en los graneles, y un 6% en valor. El sector empez\u00f3 a levantar cabeza tras el golpe de la pandemia, pero nada de esto ha puesto fin a uno de los grandes males que enfrenta esta actividad: el excedente.<\/p>\n\n\n\n<div style=\"height:30px\" aria-hidden=\"true\" class=\"wp-block-spacer\"><\/div>\n\n\n<div class=\"wp-block-image\">\n<figure class=\"aligncenter size-full\"><a href=\"https:\/\/enolife.com.ar\/es\/wp-content\/uploads\/2025\/02\/image-1-1.png\" data-rel=\"penci-gallery-image-content\" ><img loading=\"lazy\" decoding=\"async\" width=\"630\" height=\"369\" src=\"https:\/\/enolife.com.ar\/es\/wp-content\/uploads\/2025\/02\/image-1-1.png\" alt=\"\" class=\"wp-image-138754\" srcset=\"https:\/\/enolife.com.ar\/es\/wp-content\/uploads\/2025\/02\/image-1-1.png 630w, https:\/\/enolife.com.ar\/es\/wp-content\/uploads\/2025\/02\/image-1-1-300x176.png 300w, https:\/\/enolife.com.ar\/es\/wp-content\/uploads\/2025\/02\/image-1-1-585x343.png 585w\" sizes=\"auto, (max-width: 630px) 100vw, 630px\" \/><\/a><\/figure><\/div>\n\n\n<div style=\"height:30px\" aria-hidden=\"true\" class=\"wp-block-spacer\"><\/div>\n\n\n\n<p>En Espa\u00f1a sigue sobrando vino, sobre todo tinto, y el sector agrario y las administraciones mantienen el objetivo de frenar la tendencia y lograr un ajuste entre la oferta y la demanda con una serie de medidas. Adem\u00e1s de potenciar los mercados, se destaca por sus repercusiones econ\u00f3micas y medioambientales el <strong>arranque de vi\u00f1edos con car\u00e1cter definitivo, o con la posibilidad de replantaciones a medio plazo.<\/strong> Todo ello con las <strong>subvenciones p\u00fablicas <\/strong>que plantean las organizaciones agrarias, aunque el sector est\u00e1 a la espera de conocer la propuesta a medio plazo sobre el vino que presentar\u00e1 pr\u00f3ximamente el gobierno de la <strong>Uni\u00f3n Europea (UE)<\/strong> en Bruselas.<\/p>\n\n\n\n<div style=\"height:17px\" aria-hidden=\"true\" class=\"wp-block-spacer\"><\/div>\n\n\n\n<h3 class=\"wp-block-heading has-vivid-red-color has-text-color\">Y a esas medidas se suman otras ya en vigor en la parte de la producci\u00f3n: la limitaci\u00f3n de los rendimientos por hect\u00e1rea a los 20.000 kilos de uvas en blancos y de 18.000 en tintos con rendimientos del 74% en bodega.<\/h3>\n\n\n\n<div style=\"height:16px\" aria-hidden=\"true\" class=\"wp-block-spacer\"><\/div>\n\n\n\n<p>En Espa\u00f1a ya se llev\u00f3 cabo una acci\u00f3n similar a principios de <strong>los a\u00f1os &#8217;90 y se arrancaron unas 130.000 hect\u00e1reas.<\/strong> Todo por los mismos problemas. Este tipo de medidas no se plantean solamente en Espa\u00f1a, sino tambi\u00e9n en otros grandes productores comunitarios como <strong>Francia<\/strong>, donde existen planes para <strong>eliminar entre 30.000 y 60.000 hect\u00e1reas con un costo de 120 millones de euros.<\/strong><\/p>\n\n\n\n<p>En los \u00faltimas tres d\u00e9cadas, por arranques subvencionados o simplemente por la jubilaci\u00f3n de personas de edad avanzada, falta de relevo, sequ\u00edas o escasez de rentabilidad, el sector pas\u00f3 de tener m\u00e1s de un mill\u00f3n de hect\u00e1reas a las 829.00 actuales, con un elevado volumen de superficies en regad\u00edo.<\/p>\n\n\n\n<p>Con esas capacidades, Espa\u00f1a obtiene unas producciones medias de unos <strong>40 millones de hectolitros cada a\u00f1o.<\/strong> Hubo picos hace una d\u00e9cada de hasta 50 millones y ca\u00eddas hasta los 32,8 millones en la campa\u00f1a anterior. En la \u00faltima han sido 36 millones. Frente a esas cifras, la demanda interior cay\u00f3 hasta menos de los 10 millones de hectolitros y las exportaciones, aunque se mantienen elevadas -especialmente por los graneles baratos- han bajado en los \u00faltimos a\u00f1os de 23 a 19 millones de hectolitros.<\/p>\n\n\n\n<p>El sector del vino ha sido objeto de an\u00e1lisis por el <strong>Grupo de Alto Nivel sobre Pol\u00edtica Vitivin\u00edcola<\/strong> de la UE, que agrupa a todo el sector en el marco comunitario, adem\u00e1s de a la propia Comisi\u00f3n. Existe unanimidad en las causas del problema e, igualmente, en las posibles salidas. Una de las principales se concreta en la limitaci\u00f3n de superficies y rendimientos para ajustar la oferta. Tambi\u00e9n en el aumento de los mercados, aunque sobrevuela el miedo a una guerra comercial a gran escala tras la vuelta de <strong>Donald Trump<\/strong> a la Casa Blanca. <\/p>\n\n\n\n<p>En la parte de la producci\u00f3n, sobre el terreno, se destaca la necesidad de articular ayudas financieras para los arranques por parte de cada pa\u00eds miembro, as\u00ed como la modificaci\u00f3n de los mecanismos sobre replantaciones o reducci\u00f3n de las autorizaciones sobre nuevas plantaciones.<\/p>\n\n\n\n<p>En este contexto de desajuste entre oferta y demanda, las organizaciones agrarias espa\u00f1olas <strong>COAG<\/strong>, <strong>UPA<\/strong>, <strong>Asaja<\/strong> y <strong>Uni\u00f3n de Uniones<\/strong> reclaman, con diferentes matices, que las Administraciones pongan en marcha de planes de arranques con ayudas p\u00fablicas. Se recuerda la existencia de un Plan de Intervenci\u00f3n en el Sector Vitivin\u00edcola, con m\u00e1s de 200 millones de euros cada ejercicio para diferentes fines. Si bien son medidas con aplicaci\u00f3n diferente seg\u00fan decisi\u00f3n de los consejos reguladores y de sus estrategias sobre producci\u00f3n.<\/p>\n\n\n\n<p>Aunque globalmente es evidente el desajuste entre la oferta y la demanda de vino, <strong>Rafael del Rey<\/strong>, consultor en el sector, se\u00f1ala que no se puede hablar en conjunto: la situaci\u00f3n es diferente en cada territorio y para cada uno de los tipos. Mientras sobra vino en territorios del centro y La Rioja, o salen a la luz problemas sobre la calidad de los tintos, se ha disparado la demanda de los blancos -muy especialmente los gallegos-, por lo que respuestas como los arranques deben ir acorde con cada realidad, se\u00f1ala el analista.<\/p>\n\n\n\n<div style=\"height:30px\" aria-hidden=\"true\" class=\"wp-block-spacer\"><\/div>\n\n\n\n<p class=\"has-small-font-size\"><em><strong>Fuente: Diario El Pa\u00eds<\/strong><\/em><\/p>\n\n\n\n<div style=\"height:23px\" aria-hidden=\"true\" class=\"wp-block-spacer\"><\/div>\n","protected":false},"excerpt":{"rendered":"<p>El consumo de vino subi\u00f3 un 2,5% en Espa\u00f1a en 2024, y las exportaciones un&hellip;<\/p>\n","protected":false},"author":2,"featured_media":138753,"comment_status":"open","ping_status":"open","sticky":false,"template":"","format":"standard","meta":{"footnotes":""},"categories":[14],"tags":[],"class_list":["post-138750","post","type-post","status-publish","format-standard","has-post-thumbnail","hentry","category-news"],"_links":{"self":[{"href":"https:\/\/enolife.com.ar\/es\/wp-json\/wp\/v2\/posts\/138750","targetHints":{"allow":["GET"]}}],"collection":[{"href":"https:\/\/enolife.com.ar\/es\/wp-json\/wp\/v2\/posts"}],"about":[{"href":"https:\/\/enolife.com.ar\/es\/wp-json\/wp\/v2\/types\/post"}],"author":[{"embeddable":true,"href":"https:\/\/enolife.com.ar\/es\/wp-json\/wp\/v2\/users\/2"}],"replies":[{"embeddable":true,"href":"https:\/\/enolife.com.ar\/es\/wp-json\/wp\/v2\/comments?post=138750"}],"version-history":[{"count":0,"href":"https:\/\/enolife.com.ar\/es\/wp-json\/wp\/v2\/posts\/138750\/revisions"}],"wp:featuredmedia":[{"embeddable":true,"href":"https:\/\/enolife.com.ar\/es\/wp-json\/wp\/v2\/media\/138753"}],"wp:attachment":[{"href":"https:\/\/enolife.com.ar\/es\/wp-json\/wp\/v2\/media?parent=138750"}],"wp:term":[{"taxonomy":"category","embeddable":true,"href":"https:\/\/enolife.com.ar\/es\/wp-json\/wp\/v2\/categories?post=138750"},{"taxonomy":"post_tag","embeddable":true,"href":"https:\/\/enolife.com.ar\/es\/wp-json\/wp\/v2\/tags?post=138750"}],"curies":[{"name":"wp","href":"https:\/\/api.w.org\/{rel}","templated":true}]}}