{"id":138477,"date":"2025-02-21T23:21:01","date_gmt":"2025-02-21T23:21:01","guid":{"rendered":"https:\/\/enolife.com.ar\/es\/?p=138477"},"modified":"2025-02-22T23:15:41","modified_gmt":"2025-02-22T23:15:41","slug":"nacion-admitio-el-desastre-agropecuario-en-mendoza-y-dara-beneficios-impositivos-a-los-afectados","status":"publish","type":"post","link":"https:\/\/enolife.com.ar\/es\/nacion-admitio-el-desastre-agropecuario-en-mendoza-y-dara-beneficios-impositivos-a-los-afectados\/","title":{"rendered":"Naci\u00f3n admiti\u00f3 el desastre agropecuario en Mendoza y dar\u00e1  beneficios impositivos a los afectados"},"content":{"rendered":"\n<h4 class=\"wp-block-heading\"><em><strong>La decisi\u00f3n de la Comisi\u00f3n Nacional de Emergencias y Desastres Agropecuarios implica ayuda para los productores de todas aquellas zonas afectadas por viento Zonda, heladas y tormentas de granizo incluidas oportunamente en el decreto de Emergencia Provincial 43 con fecha 15 de enero de 2025.<\/strong><\/em><\/h4>\n\n\n\n<div style=\"height:35px\" aria-hidden=\"true\" class=\"wp-block-spacer\"><\/div>\n\n\n<a href=\"https:\/\/www.linkedin.com\/company\/agrinet-sa\/?originalSubdomain=ar\" aria-label=\"1700X500\"><img loading=\"lazy\" decoding=\"async\" src=\"https:\/\/enolife.com.ar\/es\/wp-content\/uploads\/2021\/11\/1700X500.gif\" alt=\"\"  width=\"1700\" height=\"500\"   \/><\/a>\n\n\n<div style=\"height:45px\" aria-hidden=\"true\" class=\"wp-block-spacer\"><\/div>\n\n\n\n<p>El <strong>Ministerio de Producci\u00f3n de Mendoza<\/strong> present\u00f3 ante la<strong> Comisi\u00f3n Nacional de Emergencia y Desastres Agropecuarios<\/strong> la situaci\u00f3n de cientos de productores afectados por las \u00faltimas contingencias clim\u00e1ticas registradas en la provincia.<\/p>\n\n\n\n<p>Con la participaci\u00f3n en el encuentro del subsecretario de Agricultura y Ganader\u00eda, <strong>Sergio Moralejo<\/strong>; el director de Contingencias Clim\u00e1ticas, <strong>Julio Eluani<\/strong>; el director de Ganader\u00eda, <strong>Francisco R\u00edos<\/strong>; el director de Agricultura, <strong>Alfredo Draque<\/strong>, y <strong>Leonardo Insegna<\/strong>, subdirector de <strong>Emergencia Agropecuaria<\/strong>, <strong>Mendoza<\/strong> plante\u00f3 la necesidad de declarar la emergencia y desastre agropecuario nacional para aquellas zonas incluidas en el Decreto de emergencia provincial n\u00famero 43\/25 de fecha 15 de enero de 2025.<\/p>\n\n\n\n<p>Sobre este \u00faltimo punto, desde la cartera de Producci\u00f3n recordaron que la declaraci\u00f3n del estado de emergencia y desastre agropecuario emitida por decreto provincial incluye a las propiedades rurales en una importante cantidad de distritos de 13 departamentos de la provincia.<\/p>\n\n\n\n<div style=\"height:30px\" aria-hidden=\"true\" class=\"wp-block-spacer\"><\/div>\n\n\n<div class=\"wp-block-image\">\n<figure class=\"aligncenter size-full is-resized\"><a href=\"https:\/\/enolife.com.ar\/es\/wp-content\/uploads\/2025\/02\/WhatsApp-Image-2025-02-18-at-15.26.16-1.jpeg\" data-rel=\"penci-gallery-image-content\" ><img loading=\"lazy\" decoding=\"async\" src=\"https:\/\/enolife.com.ar\/es\/wp-content\/uploads\/2025\/02\/WhatsApp-Image-2025-02-18-at-15.26.16-1.jpeg\" alt=\"\" class=\"wp-image-138481\" width=\"519\" height=\"353\" srcset=\"https:\/\/enolife.com.ar\/es\/wp-content\/uploads\/2025\/02\/WhatsApp-Image-2025-02-18-at-15.26.16-1.jpeg 735w, https:\/\/enolife.com.ar\/es\/wp-content\/uploads\/2025\/02\/WhatsApp-Image-2025-02-18-at-15.26.16-1-300x204.jpeg 300w, https:\/\/enolife.com.ar\/es\/wp-content\/uploads\/2025\/02\/WhatsApp-Image-2025-02-18-at-15.26.16-1-585x398.jpeg 585w\" sizes=\"auto, (max-width: 519px) 100vw, 519px\" \/><\/a><\/figure><\/div>\n\n\n<div style=\"height:30px\" aria-hidden=\"true\" class=\"wp-block-spacer\"><\/div>\n\n\n\n<p>Se trata de localidades ubicadas en los departamentos de<strong> San Carlos, Tunuy\u00e1n, Tupungato, Jun\u00edn, La Paz, Rivadavia, San Mart\u00edn, Santa Rosa, Guaymall\u00e9n, Lavalle, Maip\u00fa, General Alvear <\/strong>y<strong> San Rafael<\/strong> que hayan sufrido da\u00f1o en su producci\u00f3n por efecto de viento Zonda, heladas y tormentas de granizo por el per\u00edodo que comprende desde el 1 de diciembre de 2024 al 31 de marzo de 2026, para el caso de helada, y del 1 de enero de 2025 al 31 de marzo de 2026, para los casos de viento y granizo.<\/p>\n\n\n\n<p>Para Mendoza, este ha sido un importante logro, ya que permitir\u00e1 que los productores afectados de las distintas localidades alcanzadas por estos hechos clim\u00e1ticos puedan acceder a m\u00e1s beneficios de los que ya adquirieron a trav\u00e9s de la declaraci\u00f3n de emergencia provincial.<\/p>\n\n\n\n<p>Si bien esta instancia fue de suma importancia para lograr los objetivos planteados por parte del Ejecutivo mendocino, ahora, el decreto que se emita para ratificar lo hoy expuesto quedar\u00e1 a la firma de las autoridades nacionales de como el secretario de Agricultura, y el ministro de Econom\u00eda.<\/p>\n\n\n\n<div style=\"height:35px\" aria-hidden=\"true\" class=\"wp-block-spacer\"><\/div>\n\n\n\n<p class=\"has-medium-font-size\"><strong>Sobre la emergencia agropecuaria<\/strong><\/p>\n\n\n\n<p>Se trata de un \u00e1rea dependiente de la Secretar\u00eda de Agricultura desde donde se abordan las situaciones extraordinarias que acontecen en el sector agropecuario, vinculadas a fen\u00f3menos clim\u00e1ticos que afectan la productividad de los establecimientos.<\/p>\n\n\n\n<p>La Ley 26509 de Emergencia Agropecuaria establece beneficios para los productores afectados por situaciones de emergencia.<\/p>\n\n\n\n<div style=\"height:30px\" aria-hidden=\"true\" class=\"wp-block-spacer\"><\/div>\n\n\n<div class=\"wp-block-image\">\n<figure class=\"aligncenter size-full is-resized\"><a href=\"https:\/\/enolife.com.ar\/es\/wp-content\/uploads\/2025\/02\/WhatsApp-Image-2025-02-18-at-15.26.15-1.jpeg\" data-rel=\"penci-gallery-image-content\" ><img loading=\"lazy\" decoding=\"async\" src=\"https:\/\/enolife.com.ar\/es\/wp-content\/uploads\/2025\/02\/WhatsApp-Image-2025-02-18-at-15.26.15-1.jpeg\" alt=\"\" class=\"wp-image-138483\" width=\"479\" height=\"325\" srcset=\"https:\/\/enolife.com.ar\/es\/wp-content\/uploads\/2025\/02\/WhatsApp-Image-2025-02-18-at-15.26.15-1.jpeg 737w, https:\/\/enolife.com.ar\/es\/wp-content\/uploads\/2025\/02\/WhatsApp-Image-2025-02-18-at-15.26.15-1-300x204.jpeg 300w, https:\/\/enolife.com.ar\/es\/wp-content\/uploads\/2025\/02\/WhatsApp-Image-2025-02-18-at-15.26.15-1-585x397.jpeg 585w\" sizes=\"auto, (max-width: 479px) 100vw, 479px\" \/><\/a><\/figure><\/div>\n\n\n<div style=\"height:35px\" aria-hidden=\"true\" class=\"wp-block-spacer\"><\/div>\n\n\n\n<p class=\"has-medium-font-size\"><strong>Beneficios impositivos<\/strong><\/p>\n\n\n\n<ul class=\"wp-block-list\">\n<li>Pr\u00f3rroga o exenci\u00f3n del pago de impuestos como Ganancias, Seguridad Social y Monotributo<\/li>\n\n\n\n<li>Diferimiento del pago de declaraciones juradas de impuestos a las ganancias, sobre los bienes personales y fondo para educaci\u00f3n y promoci\u00f3n cooperativa.<\/li>\n\n\n\n<li>Beneficios del Fondo Nacional para la Mitigaci\u00f3n de Emergencias y Desastres Agropecuarios.<\/li>\n\n\n\n<li>Financiamiento de programas, proyectos y acciones para mitigar y recomponer los da\u00f1os.<\/li>\n<\/ul>\n\n\n\n<div style=\"height:20px\" aria-hidden=\"true\" class=\"wp-block-spacer\"><\/div>\n\n\n\n<p class=\"has-medium-font-size\"><strong>Otros beneficios<\/strong><\/p>\n\n\n\n<ul class=\"wp-block-list\">\n<li>Suspensi\u00f3n de t\u00e9rminos procesales, de la prescripci\u00f3n y de la caducidad de instancia.<\/li>\n\n\n\n<li>Deducci\u00f3n del 100% de los beneficios derivados de ventas forzosas de hacienda<\/li>\n<\/ul>\n\n\n\n<div style=\"height:20px\" aria-hidden=\"true\" class=\"wp-block-spacer\"><\/div>\n\n\n\n<p><strong>Qui\u00e9nes pueden acceder a los beneficios<\/strong>: Productores cuya producci\u00f3n est\u00e9 afectada como m\u00ednimo entre 50% y 80% por factores clim\u00e1ticos, meteorol\u00f3gicos, tel\u00faricos, biol\u00f3gicos o f\u00edsicos.<\/p>\n\n\n\n<p><strong>Qui\u00e9n aplica los beneficios<\/strong>: La Secretar\u00eda de Agricultura, Ganader\u00eda y Pesca de la Naci\u00f3n.<\/p>\n\n\n\n<p><strong>C\u00f3mo acceder a los beneficios<\/strong>: Para acceder a las herramientas de asistencia, se debe acreditar ante la autoridad provincial, Direcci\u00f3n de Contingencias Clim\u00e1ticas, conforme a los establecido en la Ley provincial 9083, la destrucci\u00f3n del 50% de la producci\u00f3n si est\u00e1 ubicada en zona de emergencia o m\u00e1s del 80% si se encuentra en zona de desastre.<\/p>\n\n\n\n<div style=\"height:30px\" aria-hidden=\"true\" class=\"wp-block-spacer\"><\/div>\n","protected":false},"excerpt":{"rendered":"<p>La decisi\u00f3n de la Comisi\u00f3n Nacional de Emergencias y Desastres Agropecuarios implica ayuda para los&hellip;<\/p>\n","protected":false},"author":2,"featured_media":138749,"comment_status":"open","ping_status":"open","sticky":false,"template":"","format":"standard","meta":{"footnotes":""},"categories":[14],"tags":[],"class_list":["post-138477","post","type-post","status-publish","format-standard","has-post-thumbnail","hentry","category-news"],"_links":{"self":[{"href":"https:\/\/enolife.com.ar\/es\/wp-json\/wp\/v2\/posts\/138477","targetHints":{"allow":["GET"]}}],"collection":[{"href":"https:\/\/enolife.com.ar\/es\/wp-json\/wp\/v2\/posts"}],"about":[{"href":"https:\/\/enolife.com.ar\/es\/wp-json\/wp\/v2\/types\/post"}],"author":[{"embeddable":true,"href":"https:\/\/enolife.com.ar\/es\/wp-json\/wp\/v2\/users\/2"}],"replies":[{"embeddable":true,"href":"https:\/\/enolife.com.ar\/es\/wp-json\/wp\/v2\/comments?post=138477"}],"version-history":[{"count":0,"href":"https:\/\/enolife.com.ar\/es\/wp-json\/wp\/v2\/posts\/138477\/revisions"}],"wp:featuredmedia":[{"embeddable":true,"href":"https:\/\/enolife.com.ar\/es\/wp-json\/wp\/v2\/media\/138749"}],"wp:attachment":[{"href":"https:\/\/enolife.com.ar\/es\/wp-json\/wp\/v2\/media?parent=138477"}],"wp:term":[{"taxonomy":"category","embeddable":true,"href":"https:\/\/enolife.com.ar\/es\/wp-json\/wp\/v2\/categories?post=138477"},{"taxonomy":"post_tag","embeddable":true,"href":"https:\/\/enolife.com.ar\/es\/wp-json\/wp\/v2\/tags?post=138477"}],"curies":[{"name":"wp","href":"https:\/\/api.w.org\/{rel}","templated":true}]}}