{"id":13842,"date":"2020-06-02T23:49:49","date_gmt":"2020-06-02T23:49:49","guid":{"rendered":"http:\/\/enolife.com.ar\/es\/?p=13842"},"modified":"2020-06-04T23:14:13","modified_gmt":"2020-06-04T23:14:13","slug":"fin-de-la-cuarentena-para-la-cite-du-vin-de-burdeos-reabre-al-publico-el-19-de-junio","status":"publish","type":"post","link":"https:\/\/enolife.com.ar\/es\/fin-de-la-cuarentena-para-la-cite-du-vin-de-burdeos-reabre-al-publico-el-19-de-junio\/","title":{"rendered":"Fin de la cuarentena para La Cit\u00e9 du Vin de Burdeos: reabre al p\u00fablico el 19 de junio"},"content":{"rendered":"\n<p> <\/p>\n\n\n\n<h4 class=\"wp-block-heading\"><em><strong>La Ciudad del Vino, un enorme museo de avanzado dise\u00f1o arquitect\u00f3nico, cumple 4 a\u00f1os de vida el 19 de junio. Ese d\u00eda, ya entrando al verano europeo, vuelven a encenderse las luces de esta expo permanente, con 14.000 m2 de salones y galer\u00edas que atesoran el patrimonio mundial del vino. Eso s\u00ed, con estrictos protocolos sanitarios para los visitantes.<\/strong><\/em><\/h4>\n\n\n\n<div style=\"height:20px\" aria-hidden=\"true\" class=\"wp-block-spacer\"><\/div>\n\n\n\n<p>El  proyecto de La Cit\u00e9 du Vin naci\u00f3 en 2009. Sus miembros fundadores fueron la Regi\u00f3n Nouvelle-Aquitania, Burdeos M\u00e9tropole, la ciudad de Burdeos, el Consejo Interprofesional del Vino de Burdeos (CIVB) y la C\u00e1mara de Comercio e Industria de Burdeos.&nbsp;Pero las puertas del magn\u00edfico edificio se abrieron en junio de 2016, hace 4 a\u00f1os, en el distrito Bassins \u00e0 Flot. En poco tiempo, el museo se transform\u00f3 en un sitio de ocio cultural y en una atracci\u00f3n tur\u00edstica mundial de casi 14.000 m2 de recorridos.<\/p>\n\n\n\n<p>Su arquitectura no pasa desapercibida. Sus autores fueron Anouk Legendre y Nicolas Desmazi\u00e8res, de la agencia XTU Architects. Debido a su dise\u00f1o y sus curvas audaces, sus reflejos cambian con las estaciones, los d\u00edas y las horas.&nbsp;<\/p>\n\n\n\n<div style=\"height:20px\" aria-hidden=\"true\" class=\"wp-block-spacer\"><\/div>\n\n\n\n<figure class=\"wp-block-gallery columns-2 is-cropped wp-block-gallery-1 is-layout-flex wp-block-gallery-is-layout-flex\"><ul class=\"blocks-gallery-grid\"><li class=\"blocks-gallery-item\"><figure><img loading=\"lazy\" decoding=\"async\" width=\"636\" height=\"392\" src=\"https:\/\/enolife.com.ar\/es\/wp-content\/uploads\/2020\/06\/Cite-du-Vin-Bordeaux.jpg\" alt=\"\" data-id=\"13854\" data-link=\"https:\/\/enolife.com.ar\/es\/?attachment_id=13854\" class=\"wp-image-13854\" srcset=\"https:\/\/enolife.com.ar\/es\/wp-content\/uploads\/2020\/06\/Cite-du-Vin-Bordeaux.jpg 636w, https:\/\/enolife.com.ar\/es\/wp-content\/uploads\/2020\/06\/Cite-du-Vin-Bordeaux-300x185.jpg 300w, https:\/\/enolife.com.ar\/es\/wp-content\/uploads\/2020\/06\/Cite-du-Vin-Bordeaux-585x361.jpg 585w\" sizes=\"auto, (max-width: 636px) 100vw, 636px\" \/><\/figure><\/li><li class=\"blocks-gallery-item\"><figure><img loading=\"lazy\" decoding=\"async\" width=\"670\" height=\"372\" src=\"https:\/\/enolife.com.ar\/es\/wp-content\/uploads\/2020\/06\/atardecer.jpg\" alt=\"\" data-id=\"13855\" data-full-url=\"https:\/\/enolife.com.ar\/es\/wp-content\/uploads\/2020\/06\/atardecer.jpg\" data-link=\"https:\/\/enolife.com.ar\/es\/?attachment_id=13855\" class=\"wp-image-13855\" srcset=\"https:\/\/enolife.com.ar\/es\/wp-content\/uploads\/2020\/06\/atardecer.jpg 670w, https:\/\/enolife.com.ar\/es\/wp-content\/uploads\/2020\/06\/atardecer-300x167.jpg 300w, https:\/\/enolife.com.ar\/es\/wp-content\/uploads\/2020\/06\/atardecer-585x325.jpg 585w\" sizes=\"auto, (max-width: 670px) 100vw, 670px\" \/><\/figure><\/li><\/ul><\/figure>\n\n\n\n<div style=\"height:20px\" aria-hidden=\"true\" class=\"wp-block-spacer\"><\/div>\n\n\n\n<p>Cerrado al p\u00fablico desde el 14 de marzo, y luego de 4 meses de actividades s\u00f3lo a trav\u00e9s de internet, ahora el paso se adaptar\u00e1 a las condiciones impuestas por el covid 19, y todos los espacios ser\u00e1n abiertos con los protocolos sanitarios correspondientes:<\/p>\n\n\n\n<ul class=\"wp-block-list\"><li>El uso de una m\u00e1scara es obligatorio para todos los visitantes a partir de los 11 a\u00f1os y para todo el personal de recepci\u00f3n de la Cit\u00e9 du Vin.<\/li><li>Las barreras preventivas y las normas sanitarias para las visitas estar\u00e1n publicadas en la entrada y en las \u00e1reas de circulaci\u00f3n, as\u00ed como en su sitio web.<\/li><li>Un dispensador de gel hidroalcoh\u00f3lico estar\u00e1 disponible en la entrada del edificio: se le pedir\u00e1 a cada visitante que lo use al entrar.<\/li><li>Se deber\u00e1 respetar la distancia de 1 metro entre cada visitante (con la excepci\u00f3n de las familias \/ amigos que se han reunido).<\/li><li>Los visitantes deben respetar la direcci\u00f3n del tr\u00e1fico indicado, las marcas en el suelo o en las \u00e1reas de descanso.<\/li><li>El n\u00famero de visitantes simult\u00e1neos en los espacios de visita, as\u00ed como en los ascensores, se ha reducido considerablemente para cumplir con las medidas de seguridad sanitaria.<\/li><\/ul>\n\n\n\n<div style=\"height:20px\" aria-hidden=\"true\" class=\"wp-block-spacer\"><\/div>\n\n\n\n<figure class=\"wp-block-image\"><img decoding=\"async\" src=\"https:\/\/www.laciteduvin.com\/sites\/default\/files\/ecrans-covid-en.jpg\" alt=\"\"\/><\/figure>\n\n\n\n<div style=\"height:20px\" aria-hidden=\"true\" class=\"wp-block-spacer\"><\/div>\n\n\n\n<p class=\"has-medium-font-size\"><strong>La misi\u00f3n de la Cit\u00e9 du Vin <\/strong><\/p>\n\n\n\n<div style=\"height:20px\" aria-hidden=\"true\" class=\"wp-block-spacer\"><\/div>\n\n\n\n<p>Desde el a\u00f1o 5.500 a.C., el vino ha estado en el coraz\u00f3n de la vida humana.&nbsp;Esculpe nuestros paisajes, acompa\u00f1a nuestras creencias, costumbres, tradiciones y pr\u00e1cticas sociales, invade nuestra imaginaci\u00f3n.&nbsp;<\/p>\n\n\n\n<p>Universal, plural, cruza fronteras, siglos, en todas partes impone su marca material e inmaterial.&nbsp;Se reinventa constantemente en nuevas formas, para m\u00faltiples usos.&nbsp;<\/p>\n\n\n\n<p>La misi\u00f3n de La Cit\u00e9 du Vin es compartir esta cultura milenaria a nivel  internacional, para aclarar su significado, ayudar a proteger y transmitir este patrimonio inmaterial universal.&nbsp;Debido a que cumple una misi\u00f3n de transmisi\u00f3n, La Cit\u00e9 du Vin ha sido reconocida por organismos internacionales y el gobierno franc\u00e9s como un proyecto de inter\u00e9s general.&nbsp;<\/p>\n\n\n\n<div style=\"height:20px\" aria-hidden=\"true\" class=\"wp-block-spacer\"><\/div>\n\n\n\n<figure class=\"wp-block-gallery columns-2 is-cropped wp-block-gallery-2 is-layout-flex wp-block-gallery-is-layout-flex\"><ul class=\"blocks-gallery-grid\"><li class=\"blocks-gallery-item\"><figure><img loading=\"lazy\" decoding=\"async\" width=\"707\" height=\"353\" src=\"https:\/\/enolife.com.ar\/es\/wp-content\/uploads\/2020\/06\/vinoteca-cite.jpg\" alt=\"\" data-id=\"13857\" data-link=\"https:\/\/enolife.com.ar\/es\/?attachment_id=13857\" class=\"wp-image-13857\" srcset=\"https:\/\/enolife.com.ar\/es\/wp-content\/uploads\/2020\/06\/vinoteca-cite.jpg 707w, https:\/\/enolife.com.ar\/es\/wp-content\/uploads\/2020\/06\/vinoteca-cite-300x150.jpg 300w, https:\/\/enolife.com.ar\/es\/wp-content\/uploads\/2020\/06\/vinoteca-cite-585x292.jpg 585w\" sizes=\"auto, (max-width: 707px) 100vw, 707px\" \/><\/figure><\/li><li class=\"blocks-gallery-item\"><figure><img loading=\"lazy\" decoding=\"async\" width=\"666\" height=\"375\" src=\"https:\/\/enolife.com.ar\/es\/wp-content\/uploads\/2020\/06\/interior-cite.jpg\" alt=\"\" data-id=\"13859\" data-full-url=\"https:\/\/enolife.com.ar\/es\/wp-content\/uploads\/2020\/06\/interior-cite.jpg\" data-link=\"https:\/\/enolife.com.ar\/es\/?attachment_id=13859\" class=\"wp-image-13859\" srcset=\"https:\/\/enolife.com.ar\/es\/wp-content\/uploads\/2020\/06\/interior-cite.jpg 666w, https:\/\/enolife.com.ar\/es\/wp-content\/uploads\/2020\/06\/interior-cite-300x169.jpg 300w, https:\/\/enolife.com.ar\/es\/wp-content\/uploads\/2020\/06\/interior-cite-585x329.jpg 585w\" sizes=\"auto, (max-width: 666px) 100vw, 666px\" \/><\/figure><\/li><\/ul><\/figure>\n\n\n\n<figure class=\"wp-block-gallery columns-2 is-cropped wp-block-gallery-3 is-layout-flex wp-block-gallery-is-layout-flex\"><ul class=\"blocks-gallery-grid\"><li class=\"blocks-gallery-item\"><figure><img loading=\"lazy\" decoding=\"async\" width=\"300\" height=\"168\" src=\"https:\/\/enolife.com.ar\/es\/wp-content\/uploads\/2020\/06\/sala-cine-cite-1.jpg\" alt=\"\" data-id=\"13861\" data-link=\"https:\/\/enolife.com.ar\/es\/?attachment_id=13861\" class=\"wp-image-13861\"\/><\/figure><\/li><li class=\"blocks-gallery-item\"><figure><img loading=\"lazy\" decoding=\"async\" width=\"707\" height=\"353\" src=\"https:\/\/enolife.com.ar\/es\/wp-content\/uploads\/2020\/06\/shop-cite-du-vin.jpg\" alt=\"\" data-id=\"13863\" data-full-url=\"https:\/\/enolife.com.ar\/es\/wp-content\/uploads\/2020\/06\/shop-cite-du-vin.jpg\" data-link=\"https:\/\/enolife.com.ar\/es\/?attachment_id=13863\" class=\"wp-image-13863\" srcset=\"https:\/\/enolife.com.ar\/es\/wp-content\/uploads\/2020\/06\/shop-cite-du-vin.jpg 707w, https:\/\/enolife.com.ar\/es\/wp-content\/uploads\/2020\/06\/shop-cite-du-vin-300x150.jpg 300w, https:\/\/enolife.com.ar\/es\/wp-content\/uploads\/2020\/06\/shop-cite-du-vin-585x292.jpg 585w\" sizes=\"auto, (max-width: 707px) 100vw, 707px\" \/><\/figure><\/li><\/ul><\/figure>\n\n\n\n<div style=\"height:20px\" aria-hidden=\"true\" class=\"wp-block-spacer\"><\/div>\n\n\n\n<p class=\"has-medium-font-size\"><strong>Burdeos, capital cultural y mundial del vino&nbsp;<\/strong><\/p>\n\n\n\n<div style=\"height:20px\" aria-hidden=\"true\" class=\"wp-block-spacer\"><\/div>\n\n\n\n<p>A trav\u00e9s de su historia, su puerto y su desarrollo, que est\u00e1n \u00edntimamente relacionados con el vino, Burdeos colabor\u00f3 con la difusi\u00f3n de la cultura del vino en todo el mundo.&nbsp;Esta capital del vino se encuentra en plena transformaci\u00f3n y no ha dejado de subir, durante m\u00e1s de una d\u00e9cada, al rango de los principales destinos tur\u00edsticos europeos.<\/p>\n\n\n\n<div style=\"height:20px\" aria-hidden=\"true\" class=\"wp-block-spacer\"><\/div>\n\n\n\n<div class=\"wp-block-image\"><figure class=\"aligncenter size-large\"><img loading=\"lazy\" decoding=\"async\" width=\"776\" height=\"321\" src=\"https:\/\/enolife.com.ar\/es\/wp-content\/uploads\/2020\/06\/burdeos-francia-1691x701-1.jpg\" alt=\"\" class=\"wp-image-13856\" srcset=\"https:\/\/enolife.com.ar\/es\/wp-content\/uploads\/2020\/06\/burdeos-francia-1691x701-1.jpg 776w, https:\/\/enolife.com.ar\/es\/wp-content\/uploads\/2020\/06\/burdeos-francia-1691x701-1-300x124.jpg 300w, https:\/\/enolife.com.ar\/es\/wp-content\/uploads\/2020\/06\/burdeos-francia-1691x701-1-768x318.jpg 768w, https:\/\/enolife.com.ar\/es\/wp-content\/uploads\/2020\/06\/burdeos-francia-1691x701-1-585x242.jpg 585w\" sizes=\"auto, (max-width: 776px) 100vw, 776px\" \/><\/figure><\/div>\n\n\n\n<div style=\"height:20px\" aria-hidden=\"true\" class=\"wp-block-spacer\"><\/div>\n\n\n\n<p>Catalogada en 2007 como Patrimonio de la Humanidad por la Unesco, votada como el mejor destino europeo en 2015, esta ciudad recibi\u00f3 a m\u00e1s de 7 millones de turistas en 2019. Siempre atrae a m\u00e1s inversores, turistas y nuevos residentes. <\/p>\n\n\n\n<div style=\"height:20px\" aria-hidden=\"true\" class=\"wp-block-spacer\"><\/div>\n\n\n\n<p class=\"has-small-font-size\"><em><strong>Fuente: Cit\u00e9 du Vin<\/strong><\/em><\/p>\n","protected":false},"excerpt":{"rendered":"<p>La Ciudad del Vino, un enorme museo de avanzado dise\u00f1o arquitect\u00f3nico, cumple 4 a\u00f1os de&hellip;<\/p>\n","protected":false},"author":3,"featured_media":13865,"comment_status":"open","ping_status":"open","sticky":false,"template":"","format":"standard","meta":{"footnotes":""},"categories":[11],"tags":[],"class_list":["post-13842","post","type-post","status-publish","format-standard","has-post-thumbnail","hentry","category-enoturismo"],"_links":{"self":[{"href":"https:\/\/enolife.com.ar\/es\/wp-json\/wp\/v2\/posts\/13842","targetHints":{"allow":["GET"]}}],"collection":[{"href":"https:\/\/enolife.com.ar\/es\/wp-json\/wp\/v2\/posts"}],"about":[{"href":"https:\/\/enolife.com.ar\/es\/wp-json\/wp\/v2\/types\/post"}],"author":[{"embeddable":true,"href":"https:\/\/enolife.com.ar\/es\/wp-json\/wp\/v2\/users\/3"}],"replies":[{"embeddable":true,"href":"https:\/\/enolife.com.ar\/es\/wp-json\/wp\/v2\/comments?post=13842"}],"version-history":[{"count":0,"href":"https:\/\/enolife.com.ar\/es\/wp-json\/wp\/v2\/posts\/13842\/revisions"}],"wp:featuredmedia":[{"embeddable":true,"href":"https:\/\/enolife.com.ar\/es\/wp-json\/wp\/v2\/media\/13865"}],"wp:attachment":[{"href":"https:\/\/enolife.com.ar\/es\/wp-json\/wp\/v2\/media?parent=13842"}],"wp:term":[{"taxonomy":"category","embeddable":true,"href":"https:\/\/enolife.com.ar\/es\/wp-json\/wp\/v2\/categories?post=13842"},{"taxonomy":"post_tag","embeddable":true,"href":"https:\/\/enolife.com.ar\/es\/wp-json\/wp\/v2\/tags?post=13842"}],"curies":[{"name":"wp","href":"https:\/\/api.w.org\/{rel}","templated":true}]}}