{"id":138358,"date":"2025-02-18T13:37:45","date_gmt":"2025-02-18T13:37:45","guid":{"rendered":"https:\/\/enolife.com.ar\/es\/?p=138358"},"modified":"2025-02-19T18:44:21","modified_gmt":"2025-02-19T18:44:21","slug":"mendoza-planifica-el-ahorro-y-la-gestion-del-agua-hasta-2050-con-asesoramiento-de-expertos-israelies","status":"publish","type":"post","link":"https:\/\/enolife.com.ar\/es\/mendoza-planifica-el-ahorro-y-la-gestion-del-agua-hasta-2050-con-asesoramiento-de-expertos-israelies\/","title":{"rendered":"Mendoza planifica el ahorro y la gesti\u00f3n del agua hasta 2050, con asesoramiento de expertos israel\u00edes"},"content":{"rendered":"\n<h4 class=\"wp-block-heading\"><em><strong>La presentaci\u00f3n del&nbsp;Plan Maestro para el Sector H\u00eddrico de Mendoza&nbsp;se realiz\u00f3 recientemente en la Casa de Gobierno de Mendoza y estuvo a cargo del responsable del sector Proyectos Internacionales de la empresa Mekorot, Diego Berger. Tambi\u00e9n se firm\u00f3 una agenda para profundizar las dimensiones de an\u00e1lisis identificadas en el Plan Maestro y dotarlo de herramientas para su implementaci\u00f3n.<\/strong><\/em><\/h4>\n\n\n\n<div style=\"height:35px\" aria-hidden=\"true\" class=\"wp-block-spacer\"><\/div>\n\n\n\n\n\n<div style=\"height:45px\" aria-hidden=\"true\" class=\"wp-block-spacer\"><\/div>\n\n\n\n<p>La empresa israel\u00ed <strong>Mekorot<\/strong> present\u00f3 a comienzos de esta semana al gobernador <strong>Alfredo Cornejo<\/strong> y al titular del <strong>Departamento General de Irrigaci\u00f3n<\/strong>, <strong>Sergio Marinelli<\/strong>, los resultados del <strong>Plan Maestro para el Sector H\u00eddrico de la provincia de Mendoza<\/strong>. La exposici\u00f3n estuvo a cargo del responsable de <strong>Proyectos Internacionales<\/strong> de la compa\u00f1\u00eda, <strong>Diego Berger<\/strong>, con la presencia del secretario general del <strong>Consejo Federal de Inversiones (CFI)<\/strong> de <strong>Argentina<\/strong>, <strong>Ignacio Lamothe<\/strong>.<\/p>\n\n\n\n<p>Durante el encuentro, Cornejo y Lamothe firmaron un agregado al convenio original rubricado en 2022, con el objetivo de profundizar las dimensiones de an\u00e1lisis identificadas en el Plan Maestro y dotarlo de herramientas para su implementaci\u00f3n efectiva.<\/p>\n\n\n\n<p>Asimismo, se estableci\u00f3 la necesidad de validar el plan con la intervenci\u00f3n del Departamento General de Irrigaci\u00f3n, de <strong>Aysam <\/strong>(entidad encargada del agua potable y saneamiento) y de la <strong>Direcci\u00f3n de Hidr\u00e1ulica,<\/strong> organismo responsable del control de riesgos aluvionales, entre otros actores clave.<\/p>\n\n\n\n<div style=\"height:35px\" aria-hidden=\"true\" class=\"wp-block-spacer\"><\/div>\n\n\n\n<p class=\"has-medium-font-size\"><strong>Presentaci\u00f3n del informe<\/strong><\/p>\n\n\n\n<p>El acto de presentaci\u00f3n cont\u00f3 con la presencia de los ministros de Gobierno, Infraestructura y Desarrollo Territorial, <strong>Natalio Mema<\/strong>; de Energ\u00eda y Ambiente, <strong>Jimena Latorre<\/strong>, y de Producci\u00f3n, <strong>Rodolfo Vargas Arizu<\/strong>.<\/p>\n\n\n\n<p>En ese contexto, Marinelli destac\u00f3 la importancia del informe elaborado por Mekorot, que incluye <strong>proyecciones de oferta y demanda h\u00eddrica para 2030, 2040 y 2050<\/strong>. Estas estimaciones reflejan balances h\u00eddricos deficitarios, lo que refuerza la necesidad de avanzar en estrategias de optimizaci\u00f3n del recurso.<\/p>\n\n\n\n<div style=\"height:22px\" aria-hidden=\"true\" class=\"wp-block-spacer\"><\/div>\n\n\n\n<h3 class=\"wp-block-heading has-vivid-red-color has-text-color\">Entre las soluciones propuestas, los expertos israel\u00edes y los funcionarios mendocinos mencionaron la necesidad de priorizar inversiones en eficiencia de riego. Se decidi\u00f3 adoptar una alternativa intermedia, con irrigaci\u00f3n por mangas dentro de las fincas, lo que requiere una inversi\u00f3n en reservorios y una presurizaci\u00f3n inicial. Esta estrategia se implementar\u00e1 entre 2025 y 2035, con la posibilidad de avanzar luego hacia sistemas m\u00e1s tecnificados.<\/h3>\n\n\n\n<div style=\"height:27px\" aria-hidden=\"true\" class=\"wp-block-spacer\"><\/div>\n\n\n\n<p>Por su parte, Cornejo subray\u00f3 la importancia del plan como una herramienta clave para garantizar la disponibilidad de agua para consumo domiciliario, agr\u00edcola e industrial. <em>\u201cNos tomamos en serio el trabajo con el agua y, para eso, hay que tener planes, proyectos e instrumentos que nos permitan alcanzar nuestros objetivos. El principal prop\u00f3sito de este Plan Maestro es brindar certezas\u201d<\/em>, afirm\u00f3.<\/p>\n\n\n\n<p>En relaci\u00f3n con la escasez h\u00eddrica provocada por el cambio clim\u00e1tico, Cornejo se\u00f1al\u00f3: <em>\u201cSabemos que hay menos agua disponible, pero creemos que, si seguimos esta hoja de ruta y profundizamos el trabajo con la consultor\u00eda que seguir\u00e1 a este Plan Maestro, lograremos los resultados esperados. No habr\u00e1 escasez, sino un mejor aprovechamiento del agua en todos sus usos\u201d.<\/em><\/p>\n\n\n\n<div style=\"height:14px\" aria-hidden=\"true\" class=\"wp-block-spacer\"><\/div>\n\n\n\n<blockquote class=\"wp-block-quote is-layout-flow wp-block-quote-is-layout-flow\">\n<p>Este plan nos permite seguir una hoja de ruta que vamos a precisar con mayor detalle en el Plan H\u00eddrico, el cual estamos considerando convertir en ley.\u00bb<\/p>\n<cite>Alfredo Cornejo, gobernador de Mendoza<\/cite><\/blockquote>\n\n\n\n<div style=\"height:19px\" aria-hidden=\"true\" class=\"wp-block-spacer\"><\/div>\n\n\n\n<p>Cornejo record\u00f3 que las bases de este plan comenzaron a gestarse en 2022, a partir de un viaje del entonces gobernador <strong>Rodolfo Su\u00e1rez<\/strong> a <strong>Israel<\/strong>. Luego, una delegaci\u00f3n de Mekorot visit\u00f3 Mendoza para estudiar el territorio y, ahora, present\u00f3 este documento, que servir\u00e1 de gu\u00eda para las futuras acciones.<\/p>\n\n\n\n<p>Adem\u00e1s, el gobernador mencion\u00f3 que la provincia trabaja en distintos proyectos vinculados con el agua, en conjunto con los ministerios de Infraestructura, Energ\u00eda y Ambiente, y Producci\u00f3n. <em>\u201cHemos licitado proyectos con el Fondo de Inversi\u00f3n de Resarcimiento que van en esta direcci\u00f3n\u201d<\/em>, indic\u00f3. <em>\u201cMuchas de estas iniciativas est\u00e1n relacionadas con la eficiencia h\u00eddrica y la distribuci\u00f3n del agua, lo que garantiza su sostenibilidad a largo plazo\u201d<\/em>, sostuvo.<\/p>\n\n\n\n<div style=\"height:30px\" aria-hidden=\"true\" class=\"wp-block-spacer\"><\/div>\n\n\n<div class=\"wp-block-image\">\n<figure class=\"aligncenter size-full is-resized\"><a href=\"https:\/\/enolife.com.ar\/es\/wp-content\/uploads\/2025\/02\/1DSC_8620.jpg\" data-rel=\"penci-gallery-image-content\" ><img loading=\"lazy\" decoding=\"async\" src=\"https:\/\/enolife.com.ar\/es\/wp-content\/uploads\/2025\/02\/1DSC_8620.jpg\" alt=\"\" class=\"wp-image-138365\" width=\"662\" height=\"389\" srcset=\"https:\/\/enolife.com.ar\/es\/wp-content\/uploads\/2025\/02\/1DSC_8620.jpg 850w, https:\/\/enolife.com.ar\/es\/wp-content\/uploads\/2025\/02\/1DSC_8620-300x176.jpg 300w, https:\/\/enolife.com.ar\/es\/wp-content\/uploads\/2025\/02\/1DSC_8620-768x452.jpg 768w, https:\/\/enolife.com.ar\/es\/wp-content\/uploads\/2025\/02\/1DSC_8620-585x344.jpg 585w\" sizes=\"auto, (max-width: 662px) 100vw, 662px\" \/><\/a><figcaption class=\"wp-element-caption\">Diego Berger, Alfredo Cornejo, Natalio Mema y Sergio Marinelli.<\/figcaption><\/figure><\/div>\n\n\n<div style=\"height:35px\" aria-hidden=\"true\" class=\"wp-block-spacer\"><\/div>\n\n\n\n<p class=\"has-medium-font-size\"><strong>Desarrollo del Plan H\u00eddrico<\/strong><\/p>\n\n\n\n<p>Marinelli destac\u00f3 que el insumo presentado es clave para el desarrollo del Plan H\u00eddrico de Mendoza con proyecci\u00f3n al 2050. Explic\u00f3 que este trabajo establece una base estrat\u00e9gica a largo plazo sin condicionar futuras gestiones. Adem\u00e1s, subray\u00f3 la importancia de planificar inversiones sostenibles, asegurando que los costos sean asumibles para los usuarios, en especial en el sector agr\u00edcola.<\/p>\n\n\n\n<p>Tambi\u00e9n mencion\u00f3 la articulaci\u00f3n con el gobierno provincial y distintos ministerios para abordar temas como el agua potable, la infraestructura hidr\u00e1ulica y los efectos del cambio clim\u00e1tico en la cordillera. En este sentido, resalt\u00f3 la necesidad de mejorar el uso del agua en espacios p\u00fablicos e indic\u00f3 que el plan provincial estar\u00e1 concluido en septiembre.<\/p>\n\n\n\n<p>Seg\u00fan explic\u00f3, el financiamiento del CFI permitir\u00e1 la contrataci\u00f3n de un grupo consultor encargado de redactar un documento provincial integral, con consideraciones espec\u00edficas seg\u00fan cada regi\u00f3n.<\/p>\n\n\n\n<div style=\"height:15px\" aria-hidden=\"true\" class=\"wp-block-spacer\"><\/div>\n\n\n\n<blockquote class=\"wp-block-quote is-layout-flow wp-block-quote-is-layout-flow\">\n<p>La aprobaci\u00f3n del Plan ser\u00e1 a nivel de Comit\u00e9 de Cuenca y se deber\u00e1 definir el m\u00e9todo de validaci\u00f3n socioecon\u00f3mica y ambiental que se utilizar\u00e1 en su implementaci\u00f3n\u201d.<\/p>\n<cite>Sergio Marinelli, titular del Departamento General de Irrigaci\u00f3n de Mendoza<\/cite><\/blockquote>\n\n\n\n<div style=\"height:20px\" aria-hidden=\"true\" class=\"wp-block-spacer\"><\/div>\n\n\n\n<p class=\"has-medium-font-size\"><strong>Detalles del Plan Maestro<\/strong><\/p>\n\n\n\n<p>Berger destac\u00f3 la labor de Mendoza en planificaci\u00f3n h\u00eddrica. <em>\u201cMendoza es el est\u00e1ndar de oro en este tema. No hay otra provincia que haya comprendido desde el inicio la importancia de un plan maestro y que haya trabajado con claridad en sus objetivos\u201d<\/em>, afirm\u00f3.<\/p>\n\n\n\n<p>Explic\u00f3 adem\u00e1s que la provincia ha proyectado la oferta y demanda de agua hasta 2050, considerando los efectos del cambio clim\u00e1tico. <\/p>\n\n\n\n<div style=\"height:17px\" aria-hidden=\"true\" class=\"wp-block-spacer\"><\/div>\n\n\n\n<blockquote class=\"wp-block-quote is-layout-flow wp-block-quote-is-layout-flow\">\n<p>Observamos dos tendencias claras: la demanda aumentar\u00e1 y la oferta disminuir\u00e1. La demanda crecer\u00e1 entre un 5% y un 9% en los pr\u00f3ximos 10, 20 y 30 a\u00f1os, mientras que la oferta podr\u00eda reducirse hasta un 17% en el mismo per\u00edodo\u201d.<\/p>\n<cite>Diego Berger, experto israel\u00ed de la empresa Mekorot.<\/cite><\/blockquote>\n\n\n\n<div style=\"height:19px\" aria-hidden=\"true\" class=\"wp-block-spacer\"><\/div>\n\n\n\n<p>Berger advirti\u00f3 que, sin medidas de mitigaci\u00f3n, el d\u00e9ficit h\u00eddrico continuar\u00e1 creciendo. En este sentido, enfatiz\u00f3 la importancia de optimizar el uso del agua en la agricultura, ya que actualmente se pierde un tercio del recurso en los procesos de conducci\u00f3n y aplicaci\u00f3n.<\/p>\n\n\n\n<p>En cuanto al financiamiento, Berger indic\u00f3 que la inversi\u00f3n se dividir\u00e1 entre el sector p\u00fablico y privado. <em>\u201cEl sector privado asumir\u00e1 un costo anual de 30 millones de d\u00f3lares, que incluye operaci\u00f3n, mantenimiento y energ\u00eda\u201d<\/em>, detall\u00f3. Asimismo, explic\u00f3 que el retorno de la inversi\u00f3n est\u00e1 proyectado a 40 a\u00f1os, con los primeros 10 a\u00f1os destinados a mejoras y los siguientes 30 a la recuperaci\u00f3n de capital.<\/p>\n\n\n\n<div style=\"height:35px\" aria-hidden=\"true\" class=\"wp-block-spacer\"><\/div>\n\n\n\n<p class=\"has-medium-font-size\"><strong>Gesti\u00f3n del agua y eficiencia h\u00eddrica<\/strong><\/p>\n\n\n\n<p>Berger destac\u00f3 la necesidad de un cambio de mentalidad en la gesti\u00f3n del agua, asegurando que es fundamental definir cu\u00e1nto puede usar cada agricultor, en lugar de regirse por criterios tradicionales. <em>\u201cEse cambio de enfoque es lo m\u00e1s dif\u00edcil de implementar\u201d<\/em>, afirm\u00f3.<\/p>\n\n\n\n<p>Tambi\u00e9n resalt\u00f3 la importancia de establecer cuotas h\u00eddricas basadas en la eficiencia. <em>\u201cSi un agricultor necesita 700 mil\u00edmetros de agua, hay que garantizarle esa cantidad con una eficiencia del 85%, sin sobredimensionar la infraestructura en funci\u00f3n del uso actual del recurso\u201d<\/em>, explic\u00f3.<\/p>\n\n\n\n<p>Finalmente, subray\u00f3 la necesidad de reducir las p\u00e9rdidas en la red de distribuci\u00f3n, especialmente en la cuenca del r\u00edo Mendoza, donde se concentra la mayor demanda poblacional. <em>\u201cAysam debe reducir las p\u00e9rdidas al 25% para garantizar un equilibrio sostenible\u201d<\/em>, concluy\u00f3.<\/p>\n\n\n\n<div style=\"height:35px\" aria-hidden=\"true\" class=\"wp-block-spacer\"><\/div>\n\n\n\n<p class=\"has-medium-font-size\"><strong>Mendoza, modelo de gesti\u00f3n h\u00eddrica<\/strong><\/p>\n\n\n\n<p>El secretario general del CFI, Ignacio Lamothe, destac\u00f3 que Mendoza es la primera provincia argentina en finalizar un Plan Maestro H\u00eddrico. \u201cEsto es posible gracias a su tradici\u00f3n en administraci\u00f3n h\u00eddrica y su s\u00f3lido desarrollo institucional\u201d, afirm\u00f3.<\/p>\n\n\n\n<p>Asimismo, sugiri\u00f3 que Mendoza capacite a otras provincias en gesti\u00f3n del agua. \u201cLe hemos pedido al gobernador que Mendoza act\u00fae como escuela para t\u00e9cnicos de otras provincias, dado que la eficiencia h\u00eddrica ser\u00e1 clave en el futuro\u201d, sintetiz\u00f3.<\/p>\n\n\n\n<div style=\"height:30px\" aria-hidden=\"true\" class=\"wp-block-spacer\"><\/div>\n","protected":false},"excerpt":{"rendered":"<p>La presentaci\u00f3n del&nbsp;Plan Maestro para el Sector H\u00eddrico de Mendoza&nbsp;se realiz\u00f3 recientemente en la Casa&hellip;<\/p>\n","protected":false},"author":2,"featured_media":138367,"comment_status":"open","ping_status":"open","sticky":false,"template":"","format":"standard","meta":{"footnotes":""},"categories":[14],"tags":[],"class_list":["post-138358","post","type-post","status-publish","format-standard","has-post-thumbnail","hentry","category-news"],"_links":{"self":[{"href":"https:\/\/enolife.com.ar\/es\/wp-json\/wp\/v2\/posts\/138358","targetHints":{"allow":["GET"]}}],"collection":[{"href":"https:\/\/enolife.com.ar\/es\/wp-json\/wp\/v2\/posts"}],"about":[{"href":"https:\/\/enolife.com.ar\/es\/wp-json\/wp\/v2\/types\/post"}],"author":[{"embeddable":true,"href":"https:\/\/enolife.com.ar\/es\/wp-json\/wp\/v2\/users\/2"}],"replies":[{"embeddable":true,"href":"https:\/\/enolife.com.ar\/es\/wp-json\/wp\/v2\/comments?post=138358"}],"version-history":[{"count":0,"href":"https:\/\/enolife.com.ar\/es\/wp-json\/wp\/v2\/posts\/138358\/revisions"}],"wp:featuredmedia":[{"embeddable":true,"href":"https:\/\/enolife.com.ar\/es\/wp-json\/wp\/v2\/media\/138367"}],"wp:attachment":[{"href":"https:\/\/enolife.com.ar\/es\/wp-json\/wp\/v2\/media?parent=138358"}],"wp:term":[{"taxonomy":"category","embeddable":true,"href":"https:\/\/enolife.com.ar\/es\/wp-json\/wp\/v2\/categories?post=138358"},{"taxonomy":"post_tag","embeddable":true,"href":"https:\/\/enolife.com.ar\/es\/wp-json\/wp\/v2\/tags?post=138358"}],"curies":[{"name":"wp","href":"https:\/\/api.w.org\/{rel}","templated":true}]}}