{"id":138325,"date":"2025-02-17T21:59:49","date_gmt":"2025-02-17T21:59:49","guid":{"rendered":"https:\/\/enolife.com.ar\/es\/?p=138325"},"modified":"2025-02-18T22:46:41","modified_gmt":"2025-02-18T22:46:41","slug":"la-virgen-que-se-aparecio-con-un-racimo-de-uva-en-las-manos-en-el-siglo-xvii-peregrina-por-mendoza","status":"publish","type":"post","link":"https:\/\/enolife.com.ar\/es\/la-virgen-que-se-aparecio-con-un-racimo-de-uva-en-las-manos-en-el-siglo-xvii-peregrina-por-mendoza\/","title":{"rendered":"La Virgen que se apareci\u00f3 con un racimo de uva en las manos en el siglo XVII peregrina por Mendoza"},"content":{"rendered":"\n<h4 class=\"wp-block-heading\"><em><strong>La Virgen de la Carrodilla, Patrona de los Vi\u00f1edos de esta provincia, llevada por sus fieles devotos, comenz\u00f3 el 13 de febrero su tradicional recorrido por bodegas, fincas, parajes rurales, iglesias y espacios p\u00fablicos de los departamentos vitivin\u00edcolas de la provincia, en una primera etapa por Lavalle, San Mart\u00edn y Godoy Cruz. Su derrotero, que se inici\u00f3 en la capilla donde se la venera, en la localidad de Luj\u00e1n de Cuyo, finalizar\u00e1 en el predio de la Bendici\u00f3n de los Frutos, dando as\u00ed inicio al calendario oficial de la Fiesta Nacional de la Vendimia. Cu\u00e1l es el origen de este rito cat\u00f3lico.<\/strong><\/em><\/h4>\n\n\n\n<div style=\"height:35px\" aria-hidden=\"true\" class=\"wp-block-spacer\"><\/div>\n\n\n<a href=\"https:\/\/www.facebook.com\/SindicatoContratitas\/\" aria-label=\"banner contratistas 1700&#215;500\"><img loading=\"lazy\" decoding=\"async\" src=\"https:\/\/enolife.com.ar\/es\/wp-content\/uploads\/2020\/08\/banner-contratistas-1700x500-1.jpg\" alt=\"\"  srcset=\"https:\/\/enolife.com.ar\/es\/wp-content\/uploads\/2020\/08\/banner-contratistas-1700x500-1.jpg 1700w, https:\/\/enolife.com.ar\/es\/wp-content\/uploads\/2020\/08\/banner-contratistas-1700x500-1-300x88.jpg 300w, https:\/\/enolife.com.ar\/es\/wp-content\/uploads\/2020\/08\/banner-contratistas-1700x500-1-1024x301.jpg 1024w, https:\/\/enolife.com.ar\/es\/wp-content\/uploads\/2020\/08\/banner-contratistas-1700x500-1-768x226.jpg 768w, https:\/\/enolife.com.ar\/es\/wp-content\/uploads\/2020\/08\/banner-contratistas-1700x500-1-1536x452.jpg 1536w, https:\/\/enolife.com.ar\/es\/wp-content\/uploads\/2020\/08\/banner-contratistas-1700x500-1-1170x344.jpg 1170w, https:\/\/enolife.com.ar\/es\/wp-content\/uploads\/2020\/08\/banner-contratistas-1700x500-1-585x172.jpg 585w\" sizes=\"auto, (max-width: 1700px) 100vw, 1700px\" width=\"1700\" height=\"500\"   \/><\/a>\n\n\n<div style=\"height:45px\" aria-hidden=\"true\" class=\"wp-block-spacer\"><\/div>\n\n\n\n<p>El <strong>jueves 13 de febrero<\/strong>, con una misa en la Iglesia de la Carrodilla, se inici\u00f3 la tradicional <strong>Peregrinaci\u00f3n de la Virgen de la Carrodilla.<\/strong> Este mes de la Fiesta de la Vendimia recorrer\u00e1 inicialmente los departamentos de <strong>Lavalle, San Mart\u00edn y Godoy Cruz.<\/strong> El recorrido finalizar\u00e1 el <strong>1 de marzo <\/strong>en el <strong>Parque San Vicente <\/strong>de este \u00faltimo departamento.&nbsp;<\/p>\n\n\n\n<div style=\"height:30px\" aria-hidden=\"true\" class=\"wp-block-spacer\"><\/div>\n\n\n<div class=\"wp-block-image\">\n<figure class=\"aligncenter size-full is-resized\"><a href=\"https:\/\/enolife.com.ar\/es\/wp-content\/uploads\/2025\/02\/Imagen3-12.jpg\" data-rel=\"penci-gallery-image-content\" ><img loading=\"lazy\" decoding=\"async\" src=\"https:\/\/enolife.com.ar\/es\/wp-content\/uploads\/2025\/02\/Imagen3-12.jpg\" alt=\"\" class=\"wp-image-138332\" width=\"604\" height=\"348\" srcset=\"https:\/\/enolife.com.ar\/es\/wp-content\/uploads\/2025\/02\/Imagen3-12.jpg 676w, https:\/\/enolife.com.ar\/es\/wp-content\/uploads\/2025\/02\/Imagen3-12-300x173.jpg 300w, https:\/\/enolife.com.ar\/es\/wp-content\/uploads\/2025\/02\/Imagen3-12-585x337.jpg 585w\" sizes=\"auto, (max-width: 604px) 100vw, 604px\" \/><\/a><\/figure><\/div>\n\n\n<div style=\"height:30px\" aria-hidden=\"true\" class=\"wp-block-spacer\"><\/div>\n\n\n\n<p>La Virgen de la Carrodilla <strong>fue declarada en 1938 Patrona de los Vi\u00f1edos. <\/strong>La imagen actual de la Virgen de la Carrodilla fue bendecida por quien fuera obispo de Mendoza, monse\u00f1or <strong>Jos\u00e9 Mar\u00eda Arancibia<\/strong>, en 2006 y, desde entonces preside esta ic\u00f3nica celebraci\u00f3n religiosa vendimial.<\/p>\n\n\n\n<div style=\"height:17px\" aria-hidden=\"true\" class=\"wp-block-spacer\"><\/div>\n\n\n\n<h3 class=\"wp-block-heading has-vivid-red-color has-text-color\">El esp\u00edritu de este recorrido es que la imagen salga al encuentro de los creyentes, sobre todo trabajadores rurales, para extender su bendici\u00f3n sobre sus familias y trabajos, sus preocupaciones y esperanzas, recorriendo distintas zonas de la provincia durante las semanas previas a la Fiesta Nacional de la Vendimia.<\/h3>\n\n\n\n<div style=\"height:30px\" aria-hidden=\"true\" class=\"wp-block-spacer\"><\/div>\n\n\n<div class=\"wp-block-image\">\n<figure class=\"aligncenter size-full is-resized\"><a href=\"https:\/\/enolife.com.ar\/es\/wp-content\/uploads\/2025\/02\/Imagen4-5.jpg\" data-rel=\"penci-gallery-image-content\" ><img loading=\"lazy\" decoding=\"async\" src=\"https:\/\/enolife.com.ar\/es\/wp-content\/uploads\/2025\/02\/Imagen4-5.jpg\" alt=\"\" class=\"wp-image-138330\" width=\"608\" height=\"348\" srcset=\"https:\/\/enolife.com.ar\/es\/wp-content\/uploads\/2025\/02\/Imagen4-5.jpg 698w, https:\/\/enolife.com.ar\/es\/wp-content\/uploads\/2025\/02\/Imagen4-5-300x171.jpg 300w, https:\/\/enolife.com.ar\/es\/wp-content\/uploads\/2025\/02\/Imagen4-5-585x334.jpg 585w\" sizes=\"auto, (max-width: 608px) 100vw, 608px\" \/><\/a><\/figure><\/div>\n\n\n<div style=\"height:35px\" aria-hidden=\"true\" class=\"wp-block-spacer\"><\/div>\n\n\n\n<p class=\"has-medium-font-size\"><strong>La Virgen Peregrina<\/strong><\/p>\n\n\n\n<p>En 2006, a pedido del <strong>Ente Mendoza Turismo (Emetur)<\/strong>, el artista <strong>Humberto Capella <\/strong>cre\u00f3 la figura escult\u00f3rica actual de la Virgen. La imagen que recorre la provincia y que este a\u00f1o, como el anterior, estar\u00e1 presente en los actos de la <strong>Fiesta Nacional de la Vendimia,<\/strong> tiene similares caracter\u00edsticas a la ubicada en la Iglesia de la Carrodilla, en Luj\u00e1n de Cuyo, que data de 1811.<\/p>\n\n\n\n<div style=\"height:30px\" aria-hidden=\"true\" class=\"wp-block-spacer\"><\/div>\n\n\n<div class=\"wp-block-image\">\n<figure class=\"aligncenter size-full is-resized\"><a href=\"https:\/\/enolife.com.ar\/es\/wp-content\/uploads\/2025\/02\/Imagen5-3.jpg\" data-rel=\"penci-gallery-image-content\" ><img loading=\"lazy\" decoding=\"async\" src=\"https:\/\/enolife.com.ar\/es\/wp-content\/uploads\/2025\/02\/Imagen5-3.jpg\" alt=\"\" class=\"wp-image-138331\" width=\"577\" height=\"340\" srcset=\"https:\/\/enolife.com.ar\/es\/wp-content\/uploads\/2025\/02\/Imagen5-3.jpg 543w, https:\/\/enolife.com.ar\/es\/wp-content\/uploads\/2025\/02\/Imagen5-3-300x177.jpg 300w\" sizes=\"auto, (max-width: 577px) 100vw, 577px\" \/><\/a><\/figure><\/div>\n\n\n<div style=\"height:30px\" aria-hidden=\"true\" class=\"wp-block-spacer\"><\/div>\n\n\n\n<p>La imagen se forj\u00f3 en resina y fibra de vidrio. Naci\u00f3 de la mirada del escultor y tambi\u00e9n a semejanza de los diferentes detalles de la imagen original, desde la corona hasta distintos ornamentos. Actualmente, la Virgen posee una mantilla que, en la espalda, tiene el escudo de Mendoza. En ese caso, el trabajo artesanal fue realizado por una religiosa, la <strong>hermana Nazarena.<\/strong><\/p>\n\n\n\n<p>Cabe destacar que esta imagen de la Virgen de la Carrodilla Peregrina pertenece al Emetur y est\u00e1 en custodia de la <strong>Pastoral de Turismo del Arzobispado<\/strong>, que organiza cada a\u00f1o, junto al Gobierno de Mendoza, el recorrido de la imagen por diversos puntos de la provincia.<\/p>\n\n\n\n<div style=\"height:13px\" aria-hidden=\"true\" class=\"wp-block-spacer\"><\/div>\n\n\n\n<p class=\"has-cyan-bluish-gray-background-color has-background has-medium-font-size\"><strong>Un hito en la tradici\u00f3n religiosa mendocina<\/strong><\/p>\n\n\n\n<p class=\"has-cyan-bluish-gray-background-color has-background\">El origen de la tradici\u00f3n se remonta al siglo XVII, cuando <strong>Antonio Solanilla<\/strong>, un inmigrante aragon\u00e9s, oriundo de un pueblito llamado <strong>Estadilla<\/strong>, ubicado a los pies de la sierra de <strong>la Carrodilla,<\/strong> en Espa\u00f1a, lleg\u00f3 a nuestra provincia. <br><br>Mucho antes, en el mismo poblado, la<strong> Virgen Mar\u00eda con el ni\u00f1o Jes\u00fas en brazos hizo su aparici\u00f3n a dos le\u00f1adores<\/strong> que se encontraban trabajando, seg\u00fan cuenta la tradici\u00f3n oral. La Virgen mostraba un racimo de uva en su mano izquierda, que representaba la abundancia. Despu\u00e9s de la aparici\u00f3n, los mineros hallaron una veta de metal que les permiti\u00f3 salir de la pobreza.<br><br>De esta manera, la fe creci\u00f3 entre los habitantes de Estadilla y declararon a esta advocaci\u00f3n como patrona de la Carrodilla, protectora de las tormentas. <strong>El nombre de Carrodilla deriva de carrocilla o carro<\/strong>, en referencia a esta tradici\u00f3n.<br><br>La primera imagen fue realizada en Estadilla a fines del siglo XVII. El rostro es de roble y las manos y el ni\u00f1o est\u00e1n revestidos de cera de abeja natural.<br><br>Cuando Antonio se traslad\u00f3 a Mendoza, llevaba consigo una imagen de la Virgen e hizo construir una capilla junto a la casona donde viv\u00eda, en el l\u00edmite de Luj\u00e1n de Cuyo. Siendo la provincia tierra del vino, la virgencita con su racimo de uva en la mano se hizo popular enseguida. Actualmente, la iglesia que aloja a la Virgen se encuentra en Luj\u00e1n de Cuyo.<br><br>El 13 de febrero de 1938, se produjo la coronaci\u00f3n de la Virgen en una solemne ceremonia y en ese d\u00eda se conmemora el d\u00eda de la Patrona de los Vi\u00f1edos.<\/p>\n\n\n\n<div style=\"height:30px\" aria-hidden=\"true\" class=\"wp-block-spacer\"><\/div>\n\n\n<div class=\"wp-block-image\">\n<figure class=\"aligncenter size-full is-resized\"><a href=\"https:\/\/enolife.com.ar\/es\/wp-content\/uploads\/2025\/02\/Imagen2-9.jpg\" data-rel=\"penci-gallery-image-content\" ><img loading=\"lazy\" decoding=\"async\" src=\"https:\/\/enolife.com.ar\/es\/wp-content\/uploads\/2025\/02\/Imagen2-9.jpg\" alt=\"\" class=\"wp-image-138334\" width=\"599\" height=\"378\" srcset=\"https:\/\/enolife.com.ar\/es\/wp-content\/uploads\/2025\/02\/Imagen2-9.jpg 619w, https:\/\/enolife.com.ar\/es\/wp-content\/uploads\/2025\/02\/Imagen2-9-300x189.jpg 300w, https:\/\/enolife.com.ar\/es\/wp-content\/uploads\/2025\/02\/Imagen2-9-585x370.jpg 585w\" sizes=\"auto, (max-width: 599px) 100vw, 599px\" \/><\/a><\/figure><\/div>\n\n\n<div style=\"height:35px\" aria-hidden=\"true\" class=\"wp-block-spacer\"><\/div>\n\n\n\n<p class=\"has-medium-font-size\"><strong>Cronograma completo de la Peregrinaci\u00f3n<\/strong><\/p>\n\n\n\n<p><strong>13\/02<\/strong>&nbsp;&#8211; 20.30 hs. Parroquia Nuestra Se\u00f1ora de la Carrodilla: Misa.<\/p>\n\n\n\n<div style=\"height:20px\" aria-hidden=\"true\" class=\"wp-block-spacer\"><\/div>\n\n\n\n<p class=\"has-background\" style=\"background-color:#abb7c280\"><strong>Lavalle: del 15 al 17 de febrero<\/strong><\/p>\n\n\n\n<p><strong>S\u00e1bado 15\/02<\/strong><\/p>\n\n\n\n<ul class=\"wp-block-list\">\n<li>8.30 Salida de Carrodilla.<\/li>\n\n\n\n<li>10.00 Llegada a Parroquia Ntra. Sra. del Rosario (Lavalle).<\/li>\n\n\n\n<li>10.30 Visita a Cooperativa La Cofrut, Villa Tulumaya.<\/li>\n\n\n\n<li>18.00 Visita al Algarrobo Hist\u00f3rico.<\/li>\n\n\n\n<li>19.00 Visita a Granja Mercol, La Palmera.<\/li>\n\n\n\n<li>20.00 Misa en Parroquia Ntra. Sra. del Rosario.<\/li>\n\n\n\n<li>21.00 Partida hacia Costa de Araujo.<\/li>\n\n\n\n<li>22.00 Bendici\u00f3n de los Frutos. Predio del Festival.<\/li>\n\n\n\n<li>La imagen de la Virgen se resguarda en Costa de Araujo, en la parroquia Nuestra Se\u00f1ora del Carmen, Belgrano y 9 de Julio, Costa de Araujo, Lavalle.<\/li>\n<\/ul>\n\n\n\n<p><strong>Domingo 16\/02<\/strong><\/p>\n\n\n\n<ul class=\"wp-block-list\">\n<li>8.30 Bodega Mara\u00f1\u00f3n.<\/li>\n\n\n\n<li>11.00 Misa en la Parroquia Nuestra Se\u00f1ora del Carmen, en Costa de Araujo.<\/li>\n<\/ul>\n\n\n\n<p><strong>Lunes 17\/02<\/strong><\/p>\n\n\n\n<ul class=\"wp-block-list\">\n<li>8.30 Finca Espigarolo.<\/li>\n<\/ul>\n\n\n\n<div style=\"height:20px\" aria-hidden=\"true\" class=\"wp-block-spacer\"><\/div>\n\n\n\n<p class=\"has-background\" style=\"background-color:#abb7c280\"><strong>San Mart\u00edn: del 18 al 20 de febrero<\/strong><\/p>\n\n\n\n<p><strong>Martes 18 de febrero<\/strong><\/p>\n\n\n\n<ul class=\"wp-block-list\">\n<li>Distritos: Ciudad, Palmira.<\/li>\n\n\n\n<li>10.00 Iglesia.<\/li>\n\n\n\n<li>10.15 Recorrido por calle 25 de Mayo.<\/li>\n\n\n\n<li>10.30 Municipalidad \u2013 Bendici\u00f3n al pueblo y Gobierno municipal.<\/li>\n\n\n\n<li>11.15 Visita al Hospital Perrupato.<\/li>\n\n\n\n<li>13.00 Bodega Bueno \u2013 Almuerzo.<\/li>\n\n\n\n<li>15.00 Recorrido por Av. del Libertador, en Palmira.<\/li>\n\n\n\n<li>15.30 Visita a Oliv\u00edcola Gabutti.<\/li>\n\n\n\n<li>16.30 Bodega Crotta.<\/li>\n\n\n\n<li>17.30 Mostera Incovit.<\/li>\n\n\n\n<li>18.00 Iglesia de Palmira, Inmaculada Concepci\u00f3n.<\/li>\n<\/ul>\n\n\n\n<p><strong>Mi\u00e9rcoles 19 de febrero<\/strong><\/p>\n\n\n\n<ul class=\"wp-block-list\">\n<li>Distrito: Ciudad \u2013 Montecaseros.<\/li>\n\n\n\n<li>10.00 Sale de la Iglesia de Palmira, por Ruta 50 y calle Miguez.<\/li>\n\n\n\n<li>10.30 Los Haroldos.<\/li>\n\n\n\n<li>12.00 Museo Las B\u00f3vedas.<\/li>\n\n\n\n<li>15.30 Vivero Productora.<\/li>\n\n\n\n<li>17.00 Club Montecaseros.<\/li>\n\n\n\n<li>18.30 Capilla de Montecaseros.<\/li>\n<\/ul>\n\n\n\n<p><strong>Jueves 20 de febrero<\/strong><\/p>\n\n\n\n<ul class=\"wp-block-list\">\n<li>Distritos: Alto Verde \u2013 Buen Orden.<\/li>\n\n\n\n<li>10.30 Visita Bodega Trilla.<\/li>\n\n\n\n<li>12.00 El Patio Casa de Eventos.<\/li>\n\n\n\n<li>12:30 La Chacra Parrilla&nbsp;<\/li>\n\n\n\n<li>16.30 Agr\u00edcola Villasante.<\/li>\n\n\n\n<li>17.30 Oliv\u00edcola C\u00e1rdenas.<\/li>\n\n\n\n<li>18.30 Capilla de Buen Orden, Sagrada Familia de Bel\u00e9n.<\/li>\n\n\n\n<li>20:00 Parroquia Nuestra Se\u00f1ora del Carmen.<\/li>\n<\/ul>\n\n\n\n<div style=\"height:20px\" aria-hidden=\"true\" class=\"wp-block-spacer\"><\/div>\n\n\n\n<p class=\"has-background\" style=\"background-color:#abb7c280\"><strong>Godoy Cruz: del 27 de febrero al 1 de marzo<\/strong><\/p>\n\n\n\n<p><strong>Jueves 27 de febrero<\/strong><\/p>\n\n\n\n<ul class=\"wp-block-list\">\n<li>19.00 a 21.00 Parque San Vicente.<\/li>\n<\/ul>\n\n\n\n<p><strong>Viernes 28 de febrero<\/strong><\/p>\n\n\n\n<ul class=\"wp-block-list\">\n<li>La imagen permanecer\u00e1 en la Bas\u00edlica San Vicente Ferrer.<\/li>\n\n\n\n<li>Por la ma\u00f1ana, coincidiendo con las paradas del Bus Tur\u00edstico (10.40 h, 11.15 h y 11.50 h), ese d\u00eda y el s\u00e1bado 1 de marzo por la ma\u00f1ana contaremos con los anfitriones de sitio, quienes acompa\u00f1ar\u00e1n en el recorrido de la Bas\u00edlica a quienes se acerquen.<\/li>\n<\/ul>\n\n\n\n<p><strong>S\u00e1bado 1 de marzo<\/strong><\/p>\n\n\n\n<ul class=\"wp-block-list\">\n<li>La imagen de la Nuestra Se\u00f1ora de la Carrodilla ser\u00e1 trasladada para la Bendici\u00f3n de&nbsp;los Frutos en el parque San Vicente por la tarde.<\/li>\n<\/ul>\n\n\n\n<div style=\"height:30px\" aria-hidden=\"true\" class=\"wp-block-spacer\"><\/div>\n","protected":false},"excerpt":{"rendered":"<p>La Virgen de la Carrodilla, Patrona de los Vi\u00f1edos de esta provincia, llevada por sus&hellip;<\/p>\n","protected":false},"author":2,"featured_media":138329,"comment_status":"open","ping_status":"open","sticky":false,"template":"","format":"standard","meta":{"footnotes":""},"categories":[47],"tags":[],"class_list":["post-138325","post","type-post","status-publish","format-standard","has-post-thumbnail","hentry","category-agenda"],"_links":{"self":[{"href":"https:\/\/enolife.com.ar\/es\/wp-json\/wp\/v2\/posts\/138325","targetHints":{"allow":["GET"]}}],"collection":[{"href":"https:\/\/enolife.com.ar\/es\/wp-json\/wp\/v2\/posts"}],"about":[{"href":"https:\/\/enolife.com.ar\/es\/wp-json\/wp\/v2\/types\/post"}],"author":[{"embeddable":true,"href":"https:\/\/enolife.com.ar\/es\/wp-json\/wp\/v2\/users\/2"}],"replies":[{"embeddable":true,"href":"https:\/\/enolife.com.ar\/es\/wp-json\/wp\/v2\/comments?post=138325"}],"version-history":[{"count":0,"href":"https:\/\/enolife.com.ar\/es\/wp-json\/wp\/v2\/posts\/138325\/revisions"}],"wp:featuredmedia":[{"embeddable":true,"href":"https:\/\/enolife.com.ar\/es\/wp-json\/wp\/v2\/media\/138329"}],"wp:attachment":[{"href":"https:\/\/enolife.com.ar\/es\/wp-json\/wp\/v2\/media?parent=138325"}],"wp:term":[{"taxonomy":"category","embeddable":true,"href":"https:\/\/enolife.com.ar\/es\/wp-json\/wp\/v2\/categories?post=138325"},{"taxonomy":"post_tag","embeddable":true,"href":"https:\/\/enolife.com.ar\/es\/wp-json\/wp\/v2\/tags?post=138325"}],"curies":[{"name":"wp","href":"https:\/\/api.w.org\/{rel}","templated":true}]}}