{"id":138228,"date":"2025-02-16T12:07:30","date_gmt":"2025-02-16T12:07:30","guid":{"rendered":"https:\/\/enolife.com.ar\/es\/?p=138228"},"modified":"2025-02-17T14:39:52","modified_gmt":"2025-02-17T14:39:52","slug":"la-fiesta-de-la-vendimia-mas-austral-de-la-patagonia-sera-en-trevelin-los-dias-12-y-13-4-25","status":"publish","type":"post","link":"https:\/\/enolife.com.ar\/es\/la-fiesta-de-la-vendimia-mas-austral-de-la-patagonia-sera-en-trevelin-los-dias-12-y-13-4-25\/","title":{"rendered":"La Fiesta de la Vendimia m\u00e1s austral de la Patagonia ser\u00e1 en Trevelin los d\u00edas 12 y 13\/4\/25"},"content":{"rendered":"\n<h4 class=\"wp-block-heading\"><em><strong>En esta zona central andina de Chubut las uvas maduran m\u00e1s tarde que en el centro y norte de Argentina, por lo que productores y funcionarios acordaron hacer coincidir esta Fiesta de la recolecci\u00f3n de uva -que ya va por su d\u00e9cima edici\u00f3n consecutiva- con la Semana Santa, para aprovechar la mayor afluencia de turismo nacional y extranjero.<\/strong><\/em><strong><em> <\/em><\/strong><\/h4>\n\n\n\n<div style=\"height:35px\" aria-hidden=\"true\" class=\"wp-block-spacer\"><\/div>\n\n\n\n\n\n<div style=\"height:45px\" aria-hidden=\"true\" class=\"wp-block-spacer\"><\/div>\n\n\n\n<p>La Municipalidad de la ciudad de <strong>Trevelin, en Chubut,<\/strong> organiz\u00f3 una reuni\u00f3n para coordinar las actividades que se desarrollar\u00e1n en abril, en el marco de la <strong>Fiesta Provincial de la Vendimia.<\/strong> Este evento reunir\u00e1 a los sectores vitivin\u00edcola, tur\u00edstico y cultural, en lo que se espera sea una celebraci\u00f3n destacada del ciclo productivo de la localidad.<\/p>\n\n\n\n<p>El encuentro, que tuvo lugar en el Sal\u00f3n de Situaci\u00f3n de la Municipalidad, convoc\u00f3 a productores de uva y vino, prestadores de turismo y funcionarios municipales y provinciales. Durante la reuni\u00f3n, se presentaron diversas ideas para conmemorar la<strong> 10\u00b0 edici\u00f3n consecutiva de la Fiesta de la Vendimia. <\/strong>Adem\u00e1s, se coordinaron acciones conjuntas con otros eventos vinculados a la producci\u00f3n, que tendr\u00e1n lugar durante la <strong>Semana Santa.<\/strong><\/p>\n\n\n\n<p>Por ahora, se confirmaron actividades en las <strong>Vi\u00f1as Nant y Fall los d\u00edas 12 y 13 de abril. <\/strong>Asimismo, los productores vitivin\u00edcolas propusieron realizar actividades en la plaza de Trevelin, con una visi\u00f3n comunitaria. Tambi\u00e9n se present\u00f3 un cronograma de actividades propuesto por la <strong>C\u00e1mara de Turismo de Trevelin<\/strong> al <strong>Ente Mixto de Turismo,<\/strong> destacando la visita a las bodegas que forman parte de la <strong>Ruta del Vino de Trevelin.<\/strong><\/p>\n\n\n\n<div style=\"height:30px\" aria-hidden=\"true\" class=\"wp-block-spacer\"><\/div>\n\n\n<div class=\"wp-block-image\">\n<figure class=\"aligncenter size-full is-resized\"><a href=\"https:\/\/enolife.com.ar\/es\/wp-content\/uploads\/2025\/02\/1739322958034.jpeg\" data-rel=\"penci-gallery-image-content\" ><img loading=\"lazy\" decoding=\"async\" src=\"https:\/\/enolife.com.ar\/es\/wp-content\/uploads\/2025\/02\/1739322958034.jpeg\" alt=\"\" class=\"wp-image-138230\" width=\"594\" height=\"339\" srcset=\"https:\/\/enolife.com.ar\/es\/wp-content\/uploads\/2025\/02\/1739322958034.jpeg 700w, https:\/\/enolife.com.ar\/es\/wp-content\/uploads\/2025\/02\/1739322958034-300x171.jpeg 300w, https:\/\/enolife.com.ar\/es\/wp-content\/uploads\/2025\/02\/1739322958034-585x334.jpeg 585w\" sizes=\"auto, (max-width: 594px) 100vw, 594px\" \/><\/a><figcaption class=\"wp-element-caption\"><em><strong>La reuni\u00f3n en la Municipalidad de Trevelin para organizar la 10\u00b0 Fiesta de la Vendimia.<\/strong><\/em><\/figcaption><\/figure><\/div>\n\n\n<div style=\"height:30px\" aria-hidden=\"true\" class=\"wp-block-spacer\"><\/div>\n\n\n\n<p>Al finalizar la reuni\u00f3n<strong>, Juan Manuel Peralta<\/strong>, secretario de Turismo de Trevelin, expres\u00f3 que el objetivo del encuentro fue coordinar esfuerzos para consolidar la Fiesta de la Vendimia como un atractivo tur\u00edstico de oto\u00f1o, especialmente en el mes de abril. Peralta tambi\u00e9n resalt\u00f3 la importancia de la convocatoria y el trabajo conjunto con los ministerios de Producci\u00f3n y de Turismo de Chubut, destacando los resultados positivos que se obtienen de la colaboraci\u00f3n entre el sector p\u00fablico y privado. <em>\u00abEs fundamental la gesti\u00f3n asociada, especialmente en los sectores de la producci\u00f3n y el turismo\u00bb,<\/em> afirm\u00f3.<\/p>\n\n\n\n<p>La pr\u00f3xima semana se llevar\u00e1 a cabo una nueva reuni\u00f3n para seguir avanzando en la organizaci\u00f3n de esta nueva edici\u00f3n de la Fiesta Provincial de la Vendimia del Valle de Trevelin.<\/p>\n\n\n\n<div style=\"height:30px\" aria-hidden=\"true\" class=\"wp-block-spacer\"><\/div>\n","protected":false},"excerpt":{"rendered":"<p>En esta zona central andina de Chubut las uvas maduran m\u00e1s tarde que en el&hellip;<\/p>\n","protected":false},"author":2,"featured_media":138235,"comment_status":"open","ping_status":"open","sticky":false,"template":"","format":"standard","meta":{"footnotes":""},"categories":[47],"tags":[],"class_list":["post-138228","post","type-post","status-publish","format-standard","has-post-thumbnail","hentry","category-agenda"],"_links":{"self":[{"href":"https:\/\/enolife.com.ar\/es\/wp-json\/wp\/v2\/posts\/138228","targetHints":{"allow":["GET"]}}],"collection":[{"href":"https:\/\/enolife.com.ar\/es\/wp-json\/wp\/v2\/posts"}],"about":[{"href":"https:\/\/enolife.com.ar\/es\/wp-json\/wp\/v2\/types\/post"}],"author":[{"embeddable":true,"href":"https:\/\/enolife.com.ar\/es\/wp-json\/wp\/v2\/users\/2"}],"replies":[{"embeddable":true,"href":"https:\/\/enolife.com.ar\/es\/wp-json\/wp\/v2\/comments?post=138228"}],"version-history":[{"count":0,"href":"https:\/\/enolife.com.ar\/es\/wp-json\/wp\/v2\/posts\/138228\/revisions"}],"wp:featuredmedia":[{"embeddable":true,"href":"https:\/\/enolife.com.ar\/es\/wp-json\/wp\/v2\/media\/138235"}],"wp:attachment":[{"href":"https:\/\/enolife.com.ar\/es\/wp-json\/wp\/v2\/media?parent=138228"}],"wp:term":[{"taxonomy":"category","embeddable":true,"href":"https:\/\/enolife.com.ar\/es\/wp-json\/wp\/v2\/categories?post=138228"},{"taxonomy":"post_tag","embeddable":true,"href":"https:\/\/enolife.com.ar\/es\/wp-json\/wp\/v2\/tags?post=138228"}],"curies":[{"name":"wp","href":"https:\/\/api.w.org\/{rel}","templated":true}]}}