{"id":138212,"date":"2025-02-15T22:43:09","date_gmt":"2025-02-15T22:43:09","guid":{"rendered":"https:\/\/enolife.com.ar\/es\/?p=138212"},"modified":"2025-02-16T22:27:40","modified_gmt":"2025-02-16T22:27:40","slug":"con-eleccion-de-anfitrionas-y-populares-de-5-000-llega-la-25-fiesta-de-la-uva-y-el-vino-de-san-juan","status":"publish","type":"post","link":"https:\/\/enolife.com.ar\/es\/con-eleccion-de-anfitrionas-y-populares-de-5-000-llega-la-25-fiesta-de-la-uva-y-el-vino-de-san-juan\/","title":{"rendered":"Con elecci\u00f3n de Anfitrionas y populares de $5.000, llega la 25\u00b0 Fiesta de la Uva y el Vino de San Juan"},"content":{"rendered":"\n<h4 class=\"wp-block-heading\"><em><strong>La ya cl\u00e1sica fiesta sanjuanina que homenajea al vino y sus trabajadores se realizar\u00e1 los d\u00edas 21 y 22 de febrero en el predio municipal del departamento de Caucete. Las figuras centrales  en el escenario ser\u00e1 Luciano Pereyra y Destino San Javier. En la velada inicial se elegir\u00e1n las reinas Anfitrionas.<\/strong><\/em><\/h4>\n\n\n\n<div style=\"height:35px\" aria-hidden=\"true\" class=\"wp-block-spacer\"><\/div>\n\n\n<a href=\"https:\/\/www.instagram.com\/vinventions.sudamerica\/\" aria-label=\"Banner_Subr_1700x500\"><img loading=\"lazy\" decoding=\"async\" src=\"https:\/\/enolife.com.ar\/es\/wp-content\/uploads\/2019\/07\/Banner_Subr_1700x500.gif\" alt=\"\"  width=\"1700\" height=\"501\"   \/><\/a>\n\n\n<div style=\"height:45px\" aria-hidden=\"true\" class=\"wp-block-spacer\"><\/div>\n\n\n\n<p>La&nbsp;<strong>Fiesta Nacional de la Uva y el Vino<\/strong>&nbsp;cumplir\u00e1 sus Bodas de Plata durante su vigesimoquinta edici\u00f3n, que se llevar\u00e1 a cabo el pr\u00f3ximo&nbsp;<strong>viernes 21 y s\u00e1bado 22 de febrero<\/strong>.<\/p>\n\n\n\n<p>Desde sus inicios, la fiesta ha reunido a miles de sanjuaninos y turistas y se ha erigido como un punto de encuentro que rescat\u00f3 y revitaliz\u00f3 las tradiciones locales. Con el tiempo, el evento ha evolucionado, incorporando innovaciones que lo mantienen vigente, sin perder el v\u00ednculo con su rica historia vitivin\u00edcola y cultural.<\/p>\n\n\n\n<p>En esta edici\u00f3n especial, la celebraci\u00f3n se enmarca en un doble homenaje: por un lado, se destaca la consolidaci\u00f3n de 25 a\u00f1os de tradici\u00f3n y, por otro, se impulsa un nuevo proceso de selecci\u00f3n para la <strong>reina Anfitriona<\/strong> del evento, basado exclusivamente en la presentaci\u00f3n de una idea de Proyecto Tur\u00edstico. Esta iniciativa pone el foco en el talento, la creatividad y el compromiso de las mujeres cauceteras para promover el patrimonio cultural y tur\u00edstico de la regi\u00f3n.<\/p>\n\n\n\n<p>El cartel art\u00edstico de esta edici\u00f3n promete ser de inter\u00e9s. El viernes 21 de febrero, el escenario vibrar\u00e1 con las actuaciones de <strong>Destino San Javier<\/strong> y <strong>Miguel \u201cConejito\u201d Alejandro<\/strong>, quienes abrir\u00e1n el evento con un espect\u00e1culo en\u00e9rgico y lleno de tradici\u00f3n. El s\u00e1bado 22, <strong>Luciano Pereyra<\/strong> y <strong>Omega<\/strong> encender\u00e1n la velada, ofreciendo una propuesta musical que resaltar\u00e1 la esencia festiva y moderna de Caucete.<\/p>\n\n\n\n<p>La Fiesta Nacional de la Uva y el Vino, que inici\u00f3 en 1986 y adquiri\u00f3 en 1992 el status de Fiesta Nacional. Con motivo de esta edici\u00f3n especial, la venta de entradas se abre a partir de este mi\u00e9rcoles 12 de febrero. El primer punto de venta estar\u00e1 habilitado en la Municipalidad de Caucete, ubicada en Calle Belgrano 180, a partir de las 17 horas. En los d\u00edas siguientes se activar\u00e1n otros puntos de venta para facilitar el acceso a todos los interesados.<\/p>\n\n\n\n<p><strong>Valores de las entradas:<\/strong><\/p>\n\n\n\n<ul class=\"wp-block-list\">\n<li>Entrada general: $5.000<\/li>\n\n\n\n<li>Abono para las dos noches: $8.000<\/li>\n\n\n\n<li>Entradas VIP: $15.000<\/li>\n<\/ul>\n\n\n\n<div style=\"height:28px\" aria-hidden=\"true\" class=\"wp-block-spacer\"><\/div>\n\n\n\n<p><a href=\"https:\/\/www.diariodecuyo.com.ar\/autor\/redaccion.html\"><\/a><\/p>\n","protected":false},"excerpt":{"rendered":"<p>La ya cl\u00e1sica fiesta sanjuanina que homenajea al vino y sus trabajadores se realizar\u00e1 los&hellip;<\/p>\n","protected":false},"author":2,"featured_media":138215,"comment_status":"open","ping_status":"open","sticky":false,"template":"","format":"standard","meta":{"footnotes":""},"categories":[47],"tags":[],"class_list":["post-138212","post","type-post","status-publish","format-standard","has-post-thumbnail","hentry","category-agenda"],"_links":{"self":[{"href":"https:\/\/enolife.com.ar\/es\/wp-json\/wp\/v2\/posts\/138212","targetHints":{"allow":["GET"]}}],"collection":[{"href":"https:\/\/enolife.com.ar\/es\/wp-json\/wp\/v2\/posts"}],"about":[{"href":"https:\/\/enolife.com.ar\/es\/wp-json\/wp\/v2\/types\/post"}],"author":[{"embeddable":true,"href":"https:\/\/enolife.com.ar\/es\/wp-json\/wp\/v2\/users\/2"}],"replies":[{"embeddable":true,"href":"https:\/\/enolife.com.ar\/es\/wp-json\/wp\/v2\/comments?post=138212"}],"version-history":[{"count":0,"href":"https:\/\/enolife.com.ar\/es\/wp-json\/wp\/v2\/posts\/138212\/revisions"}],"wp:featuredmedia":[{"embeddable":true,"href":"https:\/\/enolife.com.ar\/es\/wp-json\/wp\/v2\/media\/138215"}],"wp:attachment":[{"href":"https:\/\/enolife.com.ar\/es\/wp-json\/wp\/v2\/media?parent=138212"}],"wp:term":[{"taxonomy":"category","embeddable":true,"href":"https:\/\/enolife.com.ar\/es\/wp-json\/wp\/v2\/categories?post=138212"},{"taxonomy":"post_tag","embeddable":true,"href":"https:\/\/enolife.com.ar\/es\/wp-json\/wp\/v2\/tags?post=138212"}],"curies":[{"name":"wp","href":"https:\/\/api.w.org\/{rel}","templated":true}]}}