{"id":138105,"date":"2025-02-17T15:28:49","date_gmt":"2025-02-17T15:28:49","guid":{"rendered":"https:\/\/enolife.com.ar\/es\/?p=138105"},"modified":"2025-02-18T21:36:25","modified_gmt":"2025-02-18T21:36:25","slug":"fiesta-de-la-cosecha-todos-los-datos-para-ir-y-disfrutar-a-los-autenticos-decadentes-sinfonicos","status":"publish","type":"post","link":"https:\/\/enolife.com.ar\/es\/fiesta-de-la-cosecha-todos-los-datos-para-ir-y-disfrutar-a-los-autenticos-decadentes-sinfonicos\/","title":{"rendered":"Fiesta de la Cosecha: todos los datos para ir y disfrutar a Los Aut\u00e9nticos Decadentes sinf\u00f3nicos"},"content":{"rendered":"\n<h4 class=\"wp-block-heading\"><em><strong>Aunque faltan 18 d\u00edas para la gran fiesta en el Aeropuerto de Mendoza, vale la pena ir repasando todos los tips y detalles para trasladarse y ubicarse a tiempo. Adem\u00e1s de los fiesteros Decadentes, un selecto grupo de artistas mendocinos se esforzar\u00e1n por brillar sobre el escenario, como ya lo han demostrado en fiestas anteriores. En esta nota, la informaci\u00f3n \u00fatil y las formas de adquirir entradas.<\/strong><\/em><\/h4>\n\n\n\n<div style=\"height:35px\" aria-hidden=\"true\" class=\"wp-block-spacer\"><\/div>\n\n\n\n\n\n<div style=\"height:45px\" aria-hidden=\"true\" class=\"wp-block-spacer\"><\/div>\n\n\n\n<p>El mi\u00e9rcoles <strong>5 de marzo de 202<\/strong>5 se realizar\u00e1 la <strong>24\u00b0 edici\u00f3n de la Fiesta de la Cosecha<\/strong>, en el vi\u00f1edo del <strong>Aeropuerto Internacional de Mendoza<\/strong>. Como cada a\u00f1o, un original concierto se desplegar\u00e1 sobre el escenario montado sobre el vi\u00f1edo, y esta ser\u00e1 la primera vez que<strong> Los Aut\u00e9nticos Decadentes<\/strong> se presenten en versi\u00f3n sinf\u00f3nica junto a la<strong> Orquesta Filarm\u00f3nica de Mendoza, <\/strong>conducida nuevamente por el maestro<strong> Gustavo \u201cPopi\u201d Spatocco.<\/strong> <\/p>\n\n\n\n<div style=\"height:30px\" aria-hidden=\"true\" class=\"wp-block-spacer\"><\/div>\n\n\n\n<figure class=\"wp-block-gallery aligncenter has-nested-images columns-default is-cropped wp-block-gallery-1 is-layout-flex wp-block-gallery-is-layout-flex\">\n<figure class=\"wp-block-image size-full\"><a href=\"https:\/\/enolife.com.ar\/es\/wp-content\/uploads\/2025\/02\/LAD-x-BONETTO-01_baja.jpg\" data-rel=\"penci-gallery-image-content\" ><img loading=\"lazy\" decoding=\"async\" width=\"724\" height=\"500\" data-id=\"138117\" src=\"https:\/\/enolife.com.ar\/es\/wp-content\/uploads\/2025\/02\/LAD-x-BONETTO-01_baja.jpg\" alt=\"\" class=\"wp-image-138117\" srcset=\"https:\/\/enolife.com.ar\/es\/wp-content\/uploads\/2025\/02\/LAD-x-BONETTO-01_baja.jpg 724w, https:\/\/enolife.com.ar\/es\/wp-content\/uploads\/2025\/02\/LAD-x-BONETTO-01_baja-300x207.jpg 300w, https:\/\/enolife.com.ar\/es\/wp-content\/uploads\/2025\/02\/LAD-x-BONETTO-01_baja-585x404.jpg 585w\" sizes=\"auto, (max-width: 724px) 100vw, 724px\" \/><\/a><figcaption class=\"wp-element-caption\"><strong><em>Los Aut\u00e9nticos Decadentes<\/em><\/strong><\/figcaption><\/figure>\n\n\n\n<figure class=\"wp-block-image size-full\"><a href=\"https:\/\/enolife.com.ar\/es\/wp-content\/uploads\/2025\/02\/Popi-spatocco-3.jpg\" data-rel=\"penci-gallery-image-content\" ><img loading=\"lazy\" decoding=\"async\" width=\"722\" height=\"500\" data-id=\"138116\" src=\"https:\/\/enolife.com.ar\/es\/wp-content\/uploads\/2025\/02\/Popi-spatocco-3.jpg\" alt=\"\" class=\"wp-image-138116\" srcset=\"https:\/\/enolife.com.ar\/es\/wp-content\/uploads\/2025\/02\/Popi-spatocco-3.jpg 722w, https:\/\/enolife.com.ar\/es\/wp-content\/uploads\/2025\/02\/Popi-spatocco-3-300x208.jpg 300w, https:\/\/enolife.com.ar\/es\/wp-content\/uploads\/2025\/02\/Popi-spatocco-3-585x405.jpg 585w\" sizes=\"auto, (max-width: 722px) 100vw, 722px\" \/><\/a><figcaption class=\"wp-element-caption\"><em><strong> Gustavo \u201cPopi\u201d Spatocco<\/strong><\/em><\/figcaption><\/figure>\n<\/figure>\n\n\n\n<div style=\"height:15px\" aria-hidden=\"true\" class=\"wp-block-spacer\"><\/div>\n\n\n<div class=\"wp-block-image\">\n<figure class=\"aligncenter size-full is-resized\"><a href=\"https:\/\/enolife.com.ar\/es\/wp-content\/uploads\/2025\/02\/DSC_5489.jpg\" data-rel=\"penci-gallery-image-content\" ><img loading=\"lazy\" decoding=\"async\" src=\"https:\/\/enolife.com.ar\/es\/wp-content\/uploads\/2025\/02\/DSC_5489.jpg\" alt=\"\" class=\"wp-image-138114\" width=\"511\" height=\"314\" srcset=\"https:\/\/enolife.com.ar\/es\/wp-content\/uploads\/2025\/02\/DSC_5489.jpg 816w, https:\/\/enolife.com.ar\/es\/wp-content\/uploads\/2025\/02\/DSC_5489-300x184.jpg 300w, https:\/\/enolife.com.ar\/es\/wp-content\/uploads\/2025\/02\/DSC_5489-768x471.jpg 768w, https:\/\/enolife.com.ar\/es\/wp-content\/uploads\/2025\/02\/DSC_5489-585x358.jpg 585w\" sizes=\"auto, (max-width: 511px) 100vw, 511px\" \/><\/a><figcaption class=\"wp-element-caption\"><em><strong> Orquesta Filarm\u00f3nica de Mendoza<\/strong><\/em><\/figcaption><\/figure><\/div>\n\n\n<div style=\"height:30px\" aria-hidden=\"true\" class=\"wp-block-spacer\"><\/div>\n\n\n\n<p>La m\u00fasica popular cuyana tendr\u00e1 su momento de esplendor con las voces de <strong>Andrea Leguizam\u00f3n, Yasm\u00edn Gonz\u00e1lez y Yolanda Navarro junto a un ensamble de m\u00fasicos locales dirigido por Nico Diez<\/strong> al que se suman Laureano Busse, Exequiel Sandoval, Rodrigo Botacaulli, Rub\u00e9n Mart\u00ednez y Quique \u00d6esch.<\/p>\n\n\n\n<div style=\"height:30px\" aria-hidden=\"true\" class=\"wp-block-spacer\"><\/div>\n\n\n<div class=\"wp-block-image\">\n<figure class=\"aligncenter size-full is-resized\"><a href=\"https:\/\/enolife.com.ar\/es\/wp-content\/uploads\/2025\/02\/Imagen1-17.jpg\" data-rel=\"penci-gallery-image-content\" ><img loading=\"lazy\" decoding=\"async\" src=\"https:\/\/enolife.com.ar\/es\/wp-content\/uploads\/2025\/02\/Imagen1-17.jpg\" alt=\"\" class=\"wp-image-138111\" width=\"600\" height=\"422\" srcset=\"https:\/\/enolife.com.ar\/es\/wp-content\/uploads\/2025\/02\/Imagen1-17.jpg 710w, https:\/\/enolife.com.ar\/es\/wp-content\/uploads\/2025\/02\/Imagen1-17-300x211.jpg 300w, https:\/\/enolife.com.ar\/es\/wp-content\/uploads\/2025\/02\/Imagen1-17-585x412.jpg 585w\" sizes=\"auto, (max-width: 600px) 100vw, 600px\" \/><\/a><figcaption class=\"wp-element-caption\"><em><strong>Artistas mendocinos &#8211; Arriba (izq a der): Exequiel Sandoval, Yolanda Navarro, Nicol\u00e1s Diez. Abajo (izq a der): Quique \u00d6esch, Rodrigo Botacaulli, Andrea Leguizam\u00f3n y Laureano Busse<\/strong><\/em>.<\/figcaption><\/figure><\/div>\n\n\n<div style=\"height:30px\" aria-hidden=\"true\" class=\"wp-block-spacer\"><\/div>\n\n\n\n<p>Este cl\u00e1sico del calendario vendimial es organizado por el Fondo Vitivin\u00edcola, junto al Gobierno de Mendoza -a trav\u00e9s de sus \u00e1reas de Cultura y Turismo-, las municipalidades de Las Heras y Guaymall\u00e9n; cuenta con el apoyo de Aeropuertos Argentina 2000 y el financiamiento del Consejo Federal de Inversiones y la Corporaci\u00f3n Vitivin\u00edcola Argentina.<\/p>\n\n\n\n<p>La Fiesta de la Cosecha es un evento solidario. Este a\u00f1o se recibir\u00e1n donaciones en el predio, preferentemente leche (larga vida o en polvo), destinadas al <strong>Banco de Alimentos Mendoza.<\/strong><\/p>\n\n\n\n<div style=\"height:20px\" aria-hidden=\"true\" class=\"wp-block-spacer\"><\/div>\n\n\n\n<p class=\"has-background\" style=\"background-color:#abb7c266\"><strong>Las entradas ya est\u00e1n disponibles en <a href=\"https:\/\/www.entradaweb.com.ar\/evento\/2b2e0919\/step\/1\">Entrada Web<\/a> a precios muy accesibles: $10.000 para el sector preferencial y $5.000 para el sector general. El predio se habilitar\u00e1 a las 18.<\/strong><\/p>\n\n\n\n<p><strong>A partir del mi\u00e9rcoles 19 de febrero se habilitar\u00e1 la segunda preventa de entradas<\/strong>, en formato f\u00edsico de los tickets que se podr\u00e1n adquirir <strong>en La Enoteca, Peltier 611 de Ciudad, de 10 a 15 horas<\/strong>. Estar\u00e1n disponibles las entradas f\u00edsicas para el Sector A a $12.000 y para el Sector B a $5.000. En paralelo, contin\u00faa la venta on line por Entrada Web.<\/p>\n\n\n\n<div style=\"height:35px\" aria-hidden=\"true\" class=\"wp-block-spacer\"><\/div>\n\n\n\n<p class=\"has-medium-font-size\"><strong>Datos a tener en cuenta<\/strong><\/p>\n\n\n\n<ul class=\"wp-block-list\">\n<li><strong>Horario de apertura del predio:<\/strong> se habilitar\u00e1 a partir de las 18 con propuestas gastron\u00f3micas y un espacio de confort<strong>.<\/strong> A partir de las 19, comenzar\u00e1 la previa con m\u00fasica en vivo en el Patio Malbec.<\/li>\n\n\n\n<li><strong>Venta de entradas<\/strong> <strong>a trav\u00e9s de la plataforma Entrada Web<\/strong> (www.entradaweb.com.ar). Sector A (preferencial) con un valor de $10.000, y B (general) con un valor de $5.000.<\/li>\n\n\n\n<li><strong>Personas con discapacidad:<\/strong> pueden solicitar su entrada al mail comunicacion@fondovitivinicola.com.ar. En \u00e9l deben incluir datos personales (nombre y apellido, DNI) y foto de CUD adjunta. Cupos limitados.<\/li>\n\n\n\n<li><strong>Convenio con Cabify: 20% de descuento, con un tope de $2000,<\/strong> en 2 viajes para usuarios nuevos y recurrentes. Vigencia del 5\/3 al 6\/3 del 2025. C\u00f3digo: FIESTACOSECHA2025.<\/li>\n\n\n\n<li><strong>\u00d3mnibus gratis: <\/strong>Los colectivos del Grupo 6 saldr\u00e1n del Control (Independencia 2690, Las Heras) para el traslado al Aeropuerto y para el regreso al finalizar la fiesta.<\/li>\n\n\n\n<li><strong>Donaci\u00f3n al Banco de Alimentos Mendoza: <\/strong>En los ingresos al sector de sillas habr\u00e1 un puesto donde se recibir\u00e1n las donaciones: preferentemente leche (en polvo y larga vida).<\/li>\n\n\n\n<li><strong>Ingresos y estacionamientos:<\/strong> El acceso tradicional al edificio del aeropuerto queda s\u00f3lo reservado para pasajeros y tripulaciones. Pasando esta entrada, habr\u00e1 tres portones:<ul><li><strong>Port\u00f3n 1: <\/strong>destinado a personas con discapacidad;<\/li><\/ul><ul><li><strong>Port\u00f3n 2:<\/strong> para quien tenga entrada A<\/li><\/ul><ul><li><strong>Port\u00f3n 3: <\/strong>para quien tenga entrada B<\/li><\/ul>\n<ul class=\"wp-block-list\">\n<li>Habr\u00e1 estrictos controles de ingreso con lectores del QR de las entradas.<\/li>\n<\/ul>\n<\/li>\n<\/ul>\n\n\n\n<p class=\"has-background\" style=\"background-color:#abb7c278\"><strong>Toda la info de la Fiesta de la Cosecha en <a href=\"https:\/\/www.instagram.com\/fiestadelacosecha\/?hl=es\">@fiestadelacosecha<\/a> y <a href=\"http:\/\/www.fiestadelacosecha.ar\">www.fiestadelacosecha.ar<\/a><\/strong><\/p>\n\n\n\n<div style=\"height:41px\" aria-hidden=\"true\" class=\"wp-block-spacer\"><\/div>\n","protected":false},"excerpt":{"rendered":"<p>Aunque faltan 18 d\u00edas para la gran fiesta en el Aeropuerto de Mendoza, vale la&hellip;<\/p>\n","protected":false},"author":2,"featured_media":138120,"comment_status":"open","ping_status":"open","sticky":false,"template":"","format":"standard","meta":{"footnotes":""},"categories":[47],"tags":[],"class_list":["post-138105","post","type-post","status-publish","format-standard","has-post-thumbnail","hentry","category-agenda"],"_links":{"self":[{"href":"https:\/\/enolife.com.ar\/es\/wp-json\/wp\/v2\/posts\/138105","targetHints":{"allow":["GET"]}}],"collection":[{"href":"https:\/\/enolife.com.ar\/es\/wp-json\/wp\/v2\/posts"}],"about":[{"href":"https:\/\/enolife.com.ar\/es\/wp-json\/wp\/v2\/types\/post"}],"author":[{"embeddable":true,"href":"https:\/\/enolife.com.ar\/es\/wp-json\/wp\/v2\/users\/2"}],"replies":[{"embeddable":true,"href":"https:\/\/enolife.com.ar\/es\/wp-json\/wp\/v2\/comments?post=138105"}],"version-history":[{"count":0,"href":"https:\/\/enolife.com.ar\/es\/wp-json\/wp\/v2\/posts\/138105\/revisions"}],"wp:featuredmedia":[{"embeddable":true,"href":"https:\/\/enolife.com.ar\/es\/wp-json\/wp\/v2\/media\/138120"}],"wp:attachment":[{"href":"https:\/\/enolife.com.ar\/es\/wp-json\/wp\/v2\/media?parent=138105"}],"wp:term":[{"taxonomy":"category","embeddable":true,"href":"https:\/\/enolife.com.ar\/es\/wp-json\/wp\/v2\/categories?post=138105"},{"taxonomy":"post_tag","embeddable":true,"href":"https:\/\/enolife.com.ar\/es\/wp-json\/wp\/v2\/tags?post=138105"}],"curies":[{"name":"wp","href":"https:\/\/api.w.org\/{rel}","templated":true}]}}