{"id":138005,"date":"2025-02-15T16:20:36","date_gmt":"2025-02-15T16:20:36","guid":{"rendered":"https:\/\/enolife.com.ar\/es\/?p=138005"},"modified":"2025-02-17T21:59:41","modified_gmt":"2025-02-17T21:59:41","slug":"la-corona-de-la-reina-de-la-vendimia-una-joya-de-us-35-000-devuelta-por-sus-ladrones-en-2013","status":"publish","type":"post","link":"https:\/\/enolife.com.ar\/es\/la-corona-de-la-reina-de-la-vendimia-una-joya-de-us-35-000-devuelta-por-sus-ladrones-en-2013\/","title":{"rendered":"La corona de la reina de la Vendimia, una joya de U$S 35.000 devuelta por sus ladrones en 2013"},"content":{"rendered":"\n<h4 class=\"wp-block-heading\"><em><strong>Es una obra de orfebrer\u00eda \u00fanica en el mundo, hecha de oro, plata y platino, con incrustaciones de brillantes, esmeraldas, zafiro y cuarzo. En esta Vendimia 2025 cumplir\u00e1 30 a\u00f1os desde su fabricaci\u00f3n por el artista porte\u00f1o Carlos Tomasik y su donaci\u00f3n por el tradicional gem\u00f3logo mendocino Enzo Vendemmia. Tiene una historia incre\u00edble, digna de cuento: en 2013 la robaron de la joyer\u00eda donde la guardaban tras hacer un boquete en la pared, pero a los pocos d\u00edas los ladrones la devolvieron asustados por su belleza y ante la imposibilidad de negociarla al ser una pieza tan famosa que ning\u00fan traficante o reducidor, al parecer, se anim\u00f3 a recibir.<\/strong><\/em><\/h4>\n\n\n\n<div style=\"height:35px\" aria-hidden=\"true\" class=\"wp-block-spacer\"><\/div>\n\n\n<a href=\"https:\/\/www.centroenologico.com.ar\/\" aria-label=\"CERSA 1700X500 BORDO\"><img loading=\"lazy\" decoding=\"async\" src=\"https:\/\/enolife.com.ar\/es\/wp-content\/uploads\/2025\/02\/CERSA-1700X500-BORDO.gif\" alt=\"\"  width=\"1700\" height=\"500\"   \/><\/a>\n\n\n<div style=\"height:45px\" aria-hidden=\"true\" class=\"wp-block-spacer\"><\/div>\n\n\n\n<p><em>Por <strong>Pedro Straniero<\/strong>, director period\u00edstico de <strong>Enolife<\/strong><\/em><\/p>\n\n\n\n<div style=\"height:29px\" aria-hidden=\"true\" class=\"wp-block-spacer\"><\/div>\n\n\n\n<p>La corona de la <strong>Reina Nacional de la Vendimia <\/strong>tiene una historia que podr\u00eda ser argumento de una novela policial, de hecho ya inspir\u00f3 en parte al talentoso escritor mendocino, ya desaparecido, <strong>Miguel A. Guzzante<\/strong> para su novela <strong>Vendimia Roja.<\/strong> Es que fue robada \u00a1dos veces! <\/p>\n\n\n\n<p><strong>La primera, en 1994,<\/strong> en circunstancias nunca bien explicadas por quienes en ese momento eran sus custodios. Aquella corona hist\u00f3rica, no tan valiosa ni engarzada en joyas como la actual, nunca apareci\u00f3. <strong>Y la segunda vez, la que robaron y devolvieron en 2013 fue la corona actual<\/strong>, una pieza \u00fanica de orfebrer\u00eda. En ambas ocasiones, seg\u00fan sabemos, los joyeros de la familia Vendemmia fueron involuntarios y sufridos protagonistas, pues las sustrajeron de sus locales. Tanto fue as\u00ed, que el propio <strong>Enzo Vendemmia,<\/strong> en una elogiable actitud para compensar el primer robo, dise\u00f1\u00f3 una corona extraordinaria de oro y plata, con incrustaciones de brillantes y piedras preciosas, zafiro, esmeraldas y cuarzo. <\/p>\n\n\n\n<div style=\"height:30px\" aria-hidden=\"true\" class=\"wp-block-spacer\"><\/div>\n\n\n<div class=\"wp-block-image\">\n<figure class=\"aligncenter size-full is-resized\"><a href=\"https:\/\/enolife.com.ar\/es\/wp-content\/uploads\/2025\/02\/corona.webp\"><img loading=\"lazy\" decoding=\"async\" src=\"https:\/\/enolife.com.ar\/es\/wp-content\/uploads\/2025\/02\/corona.webp\" alt=\"\" class=\"wp-image-138008\" width=\"595\" height=\"388\" srcset=\"https:\/\/enolife.com.ar\/es\/wp-content\/uploads\/2025\/02\/corona.webp 1000w, https:\/\/enolife.com.ar\/es\/wp-content\/uploads\/2025\/02\/corona-300x196.webp 300w, https:\/\/enolife.com.ar\/es\/wp-content\/uploads\/2025\/02\/corona-768x502.webp 768w, https:\/\/enolife.com.ar\/es\/wp-content\/uploads\/2025\/02\/corona-585x382.webp 585w\" sizes=\"auto, (max-width: 595px) 100vw, 595px\" \/><\/a><figcaption class=\"wp-element-caption\"><em><strong>El rescate de la corona en 2013<\/strong><\/em>.<\/figcaption><\/figure><\/div>\n\n\n<div style=\"height:30px\" aria-hidden=\"true\" class=\"wp-block-spacer\"><\/div>\n\n\n\n<p>Vendemmia se la encarg\u00f3 al orfebre porte\u00f1o <strong>Carlos Tomasik<\/strong>, quien r\u00e1pidamente la fabric\u00f3 a tiempo para estrenarla en la Fiesta de la Vendimia de 1995 sobre la cabeza de la reina elegida, <strong>Andrea Parissenti<\/strong>, de Las Heras, coronada por <strong>Mar\u00eda \u00c1ngeles Masi<\/strong> (elegida Reina en 1994), que dejaba su mandato.<\/p>\n\n\n\n<div style=\"height:30px\" aria-hidden=\"true\" class=\"wp-block-spacer\"><\/div>\n\n\n<div class=\"wp-block-image\">\n<figure class=\"aligncenter size-full is-resized\"><a href=\"https:\/\/enolife.com.ar\/es\/wp-content\/uploads\/2025\/02\/465412244_9457522904264225_5744400717878842430_n.jpg\" data-rel=\"penci-gallery-image-content\" ><img loading=\"lazy\" decoding=\"async\" src=\"https:\/\/enolife.com.ar\/es\/wp-content\/uploads\/2025\/02\/465412244_9457522904264225_5744400717878842430_n.jpg\" alt=\"\" class=\"wp-image-138204\" width=\"427\" height=\"483\" srcset=\"https:\/\/enolife.com.ar\/es\/wp-content\/uploads\/2025\/02\/465412244_9457522904264225_5744400717878842430_n.jpg 477w, https:\/\/enolife.com.ar\/es\/wp-content\/uploads\/2025\/02\/465412244_9457522904264225_5744400717878842430_n-265x300.jpg 265w\" sizes=\"auto, (max-width: 427px) 100vw, 427px\" \/><\/a><figcaption class=\"wp-element-caption\"><em><strong>Andrea Parissenti, Reina de la Vendimia 1995, estrenando la corona<\/strong><\/em>.<\/figcaption><\/figure><\/div>\n\n\n<div style=\"height:30px\" aria-hidden=\"true\" class=\"wp-block-spacer\"><\/div>\n\n\n\n<p><strong>Catorce a\u00f1os despu\u00e9s del primer robo, ocurri\u00f3 el segundo<\/strong>, pero esta vez la v\u00edctima fue la supercorona enjoyada obra de Tomasik y donada por Vendemmia. Ladrones desconocidos hasta hoy hicieron un boquete en la pared de la joyer\u00eda de calle <strong>San Mart\u00edn de Mendoza<\/strong>, con el objetivo de sustraer valiosas piezas y relojes que all\u00ed se exhib\u00edan, sin saber que all\u00ed estaba la corona. La encontraron en una caja sin cierres de seguridad y se la llevaron, digamos que al bulto. <\/p>\n\n\n\n<div style=\"height:20px\" aria-hidden=\"true\" class=\"wp-block-spacer\"><\/div>\n\n\n\n<h3 class=\"wp-block-heading has-vivid-red-color has-text-color\">La corona pesa 365 gramos y tiene una altura de 16,5 cm. Fue donada por el joyero Enzo Vendemmia y dise\u00f1ada por el orfebre porte\u00f1o Carlos Tomasik. Cada una de las piezas fue realizada por separado y luego ensambladas. El valor de esta corona es de U$S 35.000.<\/h3>\n\n\n\n<div style=\"height:20px\" aria-hidden=\"true\" class=\"wp-block-spacer\"><\/div>\n\n\n\n<p>D\u00edas despu\u00e9s, los ladrones, sin duda profesionales porque burlaron todas las medidas extremas de seguridad que hab\u00eda en el local, apabullados o atemorizados por la persecuci\u00f3n policial que se mont\u00f3 por la corona, la devolvieron a trav\u00e9s de una triangulaci\u00f3n con un tercero que se la entreg\u00f3 al conocido abogado penalista <strong>Mart\u00edn R\u00edos,<\/strong> y este a la Justicia mendocina. Tal vez pensaron que as\u00ed aflojar\u00eda la b\u00fasqueda sobre ellos, y parece que as\u00ed fue, porque nunca los encontraron, o nunca los funcionarios comunicaron su detenci\u00f3n.<\/p>\n\n\n\n<div style=\"height:30px\" aria-hidden=\"true\" class=\"wp-block-spacer\"><\/div>\n\n\n<div class=\"wp-block-image\">\n<figure class=\"aligncenter size-full\"><a href=\"https:\/\/enolife.com.ar\/es\/wp-content\/uploads\/2025\/02\/0032a1c2-82ba-48a4-b47d-757c3ab70634.jpg\" data-rel=\"penci-gallery-image-content\" ><img loading=\"lazy\" decoding=\"async\" width=\"400\" height=\"501\" src=\"https:\/\/enolife.com.ar\/es\/wp-content\/uploads\/2025\/02\/0032a1c2-82ba-48a4-b47d-757c3ab70634.jpg\" alt=\"\" class=\"wp-image-138197\" srcset=\"https:\/\/enolife.com.ar\/es\/wp-content\/uploads\/2025\/02\/0032a1c2-82ba-48a4-b47d-757c3ab70634.jpg 400w, https:\/\/enolife.com.ar\/es\/wp-content\/uploads\/2025\/02\/0032a1c2-82ba-48a4-b47d-757c3ab70634-240x300.jpg 240w\" sizes=\"auto, (max-width: 400px) 100vw, 400px\" \/><\/a><figcaption class=\"wp-element-caption\"><em><strong>Vendimia roja, una novela policial ambientada en Vendimia, con reinas secuestradas. Tal vez alguien escriba la novela de la corona robada.<\/strong><\/em><\/figcaption><\/figure><\/div>\n\n\n<div style=\"height:30px\" aria-hidden=\"true\" class=\"wp-block-spacer\"><\/div>\n\n\n\n<p>Mayores detalles del caso policial los puede leer cualquier lector en las cr\u00f3nicas period\u00edsticas de ambas \u00e9pocas. La consecuencia de estos hechos, en especial del segundo, fue que el gobierno de Mendoza, l\u00f3gicamente asustado por el acecho de los cacos a los atributos reales, escondi\u00f3 la corona enjoyada. Desde entonces, la diadema est\u00e1 bajo la custodia del <strong>Grupo Especial de Seguridad (GES) de la Polic\u00eda de Mendoza<\/strong>, y s\u00f3lo aparece sobre una cabeza real de vez en cuando, tal vez en la coronaci\u00f3n del Acto Central, aunque jam\u00e1s se sabe, porque tiene dos r\u00e9plicas y nunca se anuncia si saldr\u00e1 a escena la original o la copia. Una estrategia parecida a la de los dobles de riesgo en las pel\u00edculas. <\/p>\n\n\n\n<div style=\"height:30px\" aria-hidden=\"true\" class=\"wp-block-spacer\"><\/div>\n\n\n\n<p class=\"has-medium-font-size\"><strong>Los atributos, un tesoro del reino<\/strong><\/p>\n\n\n\n<p>Como contamos, la corona robada y restituida fue usada por primera vez en la Vendimia del a\u00f1o 1995 por Mar\u00eda \u00c1ngeles Masi del departamento de Godoy Cruz, quien la puso sobre la cabeza de su sucesora, Andrea Parissenti, de Las Heras. Pero adem\u00e1s de la corona, tambi\u00e9n tienen un alto valor simb\u00f3lico e hist\u00f3rico, y en algunos casos tambi\u00e9n material, el resto de los atributos usados por las reinas: <strong>la capa, la banda, el anillo y el cetro, <\/strong>todas obras de arte que buscan expresar los valores de la provincia de <strong>Mendoza<\/strong>, su riqueza y su cultura.&nbsp;&nbsp;<\/p>\n\n\n\n<p>En especial la corona y el cetro vendimial constituyen un s\u00edmbolo de la historia y tradici\u00f3n de Mendoza. Todos los a\u00f1os, en la Fiesta Nacional de la Vendimia, que se realiza a principios de marzo, la reina electa recibe estos atributos. Repasemos los detalles, utilizando los textos descriptivos publicados por el Gobierno de Mendoza.<\/p>\n\n\n\n<div style=\"height:27px\" aria-hidden=\"true\" class=\"wp-block-spacer\"><\/div>\n\n\n<div class=\"wp-block-image\">\n<figure class=\"aligncenter size-full is-resized\"><a href=\"https:\/\/enolife.com.ar\/es\/wp-content\/uploads\/2025\/02\/DSC_6400-700x465-1.jpg\" data-rel=\"penci-gallery-image-content\" ><img loading=\"lazy\" decoding=\"async\" src=\"https:\/\/enolife.com.ar\/es\/wp-content\/uploads\/2025\/02\/DSC_6400-700x465-1.jpg\" alt=\"\" class=\"wp-image-138094\" width=\"628\" height=\"375\" srcset=\"https:\/\/enolife.com.ar\/es\/wp-content\/uploads\/2025\/02\/DSC_6400-700x465-1.jpg 692w, https:\/\/enolife.com.ar\/es\/wp-content\/uploads\/2025\/02\/DSC_6400-700x465-1-300x179.jpg 300w, https:\/\/enolife.com.ar\/es\/wp-content\/uploads\/2025\/02\/DSC_6400-700x465-1-585x349.jpg 585w\" sizes=\"auto, (max-width: 628px) 100vw, 628px\" \/><\/a><\/figure><\/div>\n\n\n<div style=\"height:35px\" aria-hidden=\"true\" class=\"wp-block-spacer\"><\/div>\n\n\n\n<p class=\"has-medium-font-size\"><strong>Corona vendimial<\/strong><\/p>\n\n\n\n<p>La corona tiene 130 gramos de oro de 24 quilates, 500 gramos de plata 925, 3 quilates de brillantes, 3 quilates de esmeraldas, 25 quilates de zafiro y un cuarzo en bruto.<\/p>\n\n\n\n<p>Acerc\u00e1ndose a la base de la corona, se encuentran el escudo nacional y otros \u00edconos locales, como el sol y la figura de la libertad del monumento del <strong>Cerro de la Gloria<\/strong>, sobre un cristal de cuarzo, que simboliza la epopeya sanmartiniana.<\/p>\n\n\n\n<p>Adem\u00e1s, a ambos lados, se deja ver la representaci\u00f3n de la <strong>cordillera de los Andes<\/strong>, realizada en oro y brillantes, engarzados con platino. Adem\u00e1s, cuenta con las figuras de un<strong> c\u00f3ndor <\/strong>y<strong> guanacos<\/strong>, que reflejan la fauna aut\u00f3ctona de la regi\u00f3n.<\/p>\n\n\n\n<p>Por otro lado, la <strong>punta de flecha<\/strong> hace alusi\u00f3n a los abor\u00edgenes que habitaron la provincia de Mendoza. Se suman vi\u00f1as, alamedas y toneles, que reflejan la geograf\u00eda de la regi\u00f3n.<\/p>\n\n\n\n<div style=\"height:20px\" aria-hidden=\"true\" class=\"wp-block-spacer\"><\/div>\n\n\n\n<p class=\"has-medium-font-size\"><strong>El cetro<\/strong><\/p>\n\n\n\n<p>Respecto al cetro, se utiliz\u00f3 madera de sarmiento de una planta de vid natural, con un largo de 45 cm. En su extremo superior tiene el cuerno de la abundancia, que aparece en el <strong>Escudo provincial<\/strong>, con el racimo de uvas de oro y plata. Toda esta pieza est\u00e1 \u00edntegramente hecha en plata 925; puntualmente, se usaron 200 gramos. Est\u00e1 valuado en 7.000 d\u00f3lares por la joyer\u00eda Vendemmia.<\/p>\n\n\n\n<div style=\"height:30px\" aria-hidden=\"true\" class=\"wp-block-spacer\"><\/div>\n\n\n<div class=\"wp-block-image\">\n<figure class=\"aligncenter size-full\"><a href=\"https:\/\/enolife.com.ar\/es\/wp-content\/uploads\/2025\/02\/466773588_9518655208150994_1490605902268655977_n.jpg\" data-rel=\"penci-gallery-image-content\" ><img loading=\"lazy\" decoding=\"async\" width=\"576\" height=\"394\" src=\"https:\/\/enolife.com.ar\/es\/wp-content\/uploads\/2025\/02\/466773588_9518655208150994_1490605902268655977_n.jpg\" alt=\"\" class=\"wp-image-138085\" srcset=\"https:\/\/enolife.com.ar\/es\/wp-content\/uploads\/2025\/02\/466773588_9518655208150994_1490605902268655977_n.jpg 576w, https:\/\/enolife.com.ar\/es\/wp-content\/uploads\/2025\/02\/466773588_9518655208150994_1490605902268655977_n-300x205.jpg 300w\" sizes=\"auto, (max-width: 576px) 100vw, 576px\" \/><\/a><\/figure><\/div>\n\n\n<div style=\"height:35px\" aria-hidden=\"true\" class=\"wp-block-spacer\"><\/div>\n\n\n\n<p class=\"has-medium-font-size\"><strong>Capa<\/strong><\/p>\n\n\n\n<p>La reina y virreina de la Vendimia utilizan una <strong>capa de invierno y otra de verano<\/strong>, que es m\u00e1s liviana. Estas prendas fueron renovadas en 2015 y son de color rojo granate, donde predominan los bordados dorados, para la reina, mientras que la de la virreina es de color azul y sus bordados son en color plata.<\/p>\n\n\n\n<p>Ambas han sido confeccionadas en <strong>sat\u00e9n de seda, con labrados en cristal de roca,<\/strong> utilizando casi 5 metros de tela para cada una de ellas. Se prenden en el cuello con un gancho especial de peleter\u00eda, para preservarlas en buen estado.<\/p>\n\n\n\n<p>La iniciativa naci\u00f3 de <strong>Alejandro Ferraro<\/strong>, quien hace muchos a\u00f1os est\u00e1 vinculado a Vendimia, con sus vestidos y novedosos dise\u00f1os, que lucen las reinas departamentales y distritales en las fiestas de nuestra provincia. Este es un trabajo artesanal, que refleja y manifiesta el trabajo de esta tierra.<\/p>\n\n\n\n<div style=\"height:30px\" aria-hidden=\"true\" class=\"wp-block-spacer\"><\/div>\n\n\n<div class=\"wp-block-image\">\n<figure class=\"aligncenter size-full is-resized\"><a href=\"https:\/\/enolife.com.ar\/es\/wp-content\/uploads\/2025\/02\/capa-la-reina-vendimia-2024jpg.jpg\" data-rel=\"penci-gallery-image-content\" ><img loading=\"lazy\" decoding=\"async\" src=\"https:\/\/enolife.com.ar\/es\/wp-content\/uploads\/2025\/02\/capa-la-reina-vendimia-2024jpg.jpg\" alt=\"\" class=\"wp-image-138092\" width=\"647\" height=\"372\" srcset=\"https:\/\/enolife.com.ar\/es\/wp-content\/uploads\/2025\/02\/capa-la-reina-vendimia-2024jpg.jpg 867w, https:\/\/enolife.com.ar\/es\/wp-content\/uploads\/2025\/02\/capa-la-reina-vendimia-2024jpg-300x173.jpg 300w, https:\/\/enolife.com.ar\/es\/wp-content\/uploads\/2025\/02\/capa-la-reina-vendimia-2024jpg-768x443.jpg 768w, https:\/\/enolife.com.ar\/es\/wp-content\/uploads\/2025\/02\/capa-la-reina-vendimia-2024jpg-585x337.jpg 585w\" sizes=\"auto, (max-width: 647px) 100vw, 647px\" \/><\/a><\/figure><\/div>\n\n\n<div style=\"height:35px\" aria-hidden=\"true\" class=\"wp-block-spacer\"><\/div>\n\n\n\n<p class=\"has-medium-font-size\"><strong>Anillo<\/strong><\/p>\n\n\n\n<p><strong>Guillermo Cordero<\/strong> dise\u00f1\u00f3, en 2013, el anillo que porta la reina nacional de la Vendimia. El joyero trabaj\u00f3 m\u00e1s de 20 d\u00edas en el obsequio. El dise\u00f1ador mencion\u00f3: <em>\u201cEl anillo fue una creaci\u00f3n muy exclusiva, ya que pens\u00e9 que hab\u00eda que hacer una joya para que la reina luciera en nuestra gran fiesta y dem\u00e1s eventos. Se trata de nuestra representante a nivel provincial, nacional e internacional y deb\u00eda proyectar esa esencia\u00bb.<\/em><\/p>\n\n\n\n<p><em>\u00abPor ello, el dise\u00f1o del anillo fue inspirado en un racimo de uva, construido en oro macizo de 18 kilates. Este racimo lleva en sus granos zafiros naturales, tallados en forma de cabuch\u00f3n, que se apoya sobre una hoja de parra con brillantes, semejando el roc\u00edo de los vi\u00f1edos. Por otro lado, el tronco del racimo se encuentra adornado con brillantes navet, simulando la base\u201d<\/em>, explic\u00f3 Cordero.<\/p>\n\n\n\n<p>Las joyas que se utilizaron en las l\u00e1minas vendimiales son de diferentes orfebres y marcas, como joyas <strong>Swarovski<\/strong> y plata rodinada con piedras de colores.<\/p>\n\n\n\n<div style=\"height:30px\" aria-hidden=\"true\" class=\"wp-block-spacer\"><\/div>\n\n\n<div class=\"wp-block-image\">\n<figure class=\"aligncenter size-full is-resized\"><a href=\"https:\/\/enolife.com.ar\/es\/wp-content\/uploads\/2025\/02\/3C53HPVV6BB3NPINGC7CFM2YGU.jpg\" data-rel=\"penci-gallery-image-content\" ><img loading=\"lazy\" decoding=\"async\" src=\"https:\/\/enolife.com.ar\/es\/wp-content\/uploads\/2025\/02\/3C53HPVV6BB3NPINGC7CFM2YGU.jpg\" alt=\"\" class=\"wp-image-138088\" width=\"636\" height=\"403\" srcset=\"https:\/\/enolife.com.ar\/es\/wp-content\/uploads\/2025\/02\/3C53HPVV6BB3NPINGC7CFM2YGU.jpg 789w, https:\/\/enolife.com.ar\/es\/wp-content\/uploads\/2025\/02\/3C53HPVV6BB3NPINGC7CFM2YGU-300x190.jpg 300w, https:\/\/enolife.com.ar\/es\/wp-content\/uploads\/2025\/02\/3C53HPVV6BB3NPINGC7CFM2YGU-768x487.jpg 768w, https:\/\/enolife.com.ar\/es\/wp-content\/uploads\/2025\/02\/3C53HPVV6BB3NPINGC7CFM2YGU-585x371.jpg 585w\" sizes=\"auto, (max-width: 636px) 100vw, 636px\" \/><\/a><\/figure><\/div>\n\n\n<div style=\"height:35px\" aria-hidden=\"true\" class=\"wp-block-spacer\"><\/div>\n\n\n\n<p class=\"has-medium-font-size\"><strong>Banda<\/strong><\/p>\n\n\n\n<p>En un primer momento, las bandas de la reina y la virreina se hac\u00edan con motivos pintados sobre la tela, hasta que, en 1972, la se\u00f1ora <strong>Juana Bonadeo de Barroso<\/strong> innov\u00f3 e introdujo la idea de los dise\u00f1os bordados, que fueron muy bien aceptados, ya que realzaron la importancia e imagen del atributo.<\/p>\n\n\n\n<p>Actualmente, el trabajo del dise\u00f1o, confecci\u00f3n y bordado de las bandas se reparte entre su hija <strong>Mirta Barroso <\/strong>y sus dos nietas. Con el transcurso de las d\u00e9cadas, el dise\u00f1o de las bandas fue cambiando y moderniz\u00e1ndose, seg\u00fan marcaba la tendencia. Gracias a la tecnolog\u00eda, es posible dise\u00f1ar diferentes tipograf\u00edas, aunque siempre conservando un estilo sencillo y tradicional de Vendimia.<\/p>\n\n\n\n<p>Para esto se utiliza el mismo lenguaje visual en concordancia con la tem\u00e1tica de la gran fiesta de los mendocinos de cada a\u00f1o. Una gran diferencia es que son m\u00e1s angostas, debido a la fisonom\u00eda de las chicas, que tienen cuerpos m\u00e1s delgados que las primeras reinas nacionales.<\/p>\n\n\n\n<p>El oficio del bordado requiere de mucha disciplina y criterios para el manejo del color y el g\u00e9nero. El tiempo estimado de elaboraci\u00f3n de cada banda ronda entre 20 y 30 d\u00edas.<\/p>\n\n\n\n<div style=\"height:30px\" aria-hidden=\"true\" class=\"wp-block-spacer\"><\/div>\n\n\n<div class=\"wp-block-image\">\n<figure class=\"aligncenter size-full is-resized\"><a href=\"https:\/\/enolife.com.ar\/es\/wp-content\/uploads\/2025\/02\/San-Carlos-35-700x1050-1.jpg\" data-rel=\"penci-gallery-image-content\" ><img loading=\"lazy\" decoding=\"async\" src=\"https:\/\/enolife.com.ar\/es\/wp-content\/uploads\/2025\/02\/San-Carlos-35-700x1050-1.jpg\" alt=\"\" class=\"wp-image-138090\" width=\"564\" height=\"336\" srcset=\"https:\/\/enolife.com.ar\/es\/wp-content\/uploads\/2025\/02\/San-Carlos-35-700x1050-1.jpg 688w, https:\/\/enolife.com.ar\/es\/wp-content\/uploads\/2025\/02\/San-Carlos-35-700x1050-1-300x179.jpg 300w, https:\/\/enolife.com.ar\/es\/wp-content\/uploads\/2025\/02\/San-Carlos-35-700x1050-1-585x349.jpg 585w\" sizes=\"auto, (max-width: 564px) 100vw, 564px\" \/><\/a><\/figure><\/div>\n\n\n<div style=\"height:30px\" aria-hidden=\"true\" class=\"wp-block-spacer\"><\/div>\n","protected":false},"excerpt":{"rendered":"<p>Es una obra de orfebrer\u00eda \u00fanica en el mundo, hecha de oro, plata y platino,&hellip;<\/p>\n","protected":false},"author":2,"featured_media":138095,"comment_status":"open","ping_status":"open","sticky":false,"template":"","format":"standard","meta":{"footnotes":""},"categories":[56,36],"tags":[],"class_list":["post-138005","post","type-post","status-publish","format-standard","has-post-thumbnail","hentry","category-destacado","category-el-pinguino"],"_links":{"self":[{"href":"https:\/\/enolife.com.ar\/es\/wp-json\/wp\/v2\/posts\/138005","targetHints":{"allow":["GET"]}}],"collection":[{"href":"https:\/\/enolife.com.ar\/es\/wp-json\/wp\/v2\/posts"}],"about":[{"href":"https:\/\/enolife.com.ar\/es\/wp-json\/wp\/v2\/types\/post"}],"author":[{"embeddable":true,"href":"https:\/\/enolife.com.ar\/es\/wp-json\/wp\/v2\/users\/2"}],"replies":[{"embeddable":true,"href":"https:\/\/enolife.com.ar\/es\/wp-json\/wp\/v2\/comments?post=138005"}],"version-history":[{"count":0,"href":"https:\/\/enolife.com.ar\/es\/wp-json\/wp\/v2\/posts\/138005\/revisions"}],"wp:featuredmedia":[{"embeddable":true,"href":"https:\/\/enolife.com.ar\/es\/wp-json\/wp\/v2\/media\/138095"}],"wp:attachment":[{"href":"https:\/\/enolife.com.ar\/es\/wp-json\/wp\/v2\/media?parent=138005"}],"wp:term":[{"taxonomy":"category","embeddable":true,"href":"https:\/\/enolife.com.ar\/es\/wp-json\/wp\/v2\/categories?post=138005"},{"taxonomy":"post_tag","embeddable":true,"href":"https:\/\/enolife.com.ar\/es\/wp-json\/wp\/v2\/tags?post=138005"}],"curies":[{"name":"wp","href":"https:\/\/api.w.org\/{rel}","templated":true}]}}