{"id":137791,"date":"2025-02-12T21:15:03","date_gmt":"2025-02-12T21:15:03","guid":{"rendered":"https:\/\/enolife.com.ar\/es\/?p=137791"},"modified":"2025-02-13T14:14:07","modified_gmt":"2025-02-13T14:14:07","slug":"para-el-gobierno-espanol-el-acuerdo-con-el-mercosur-es-una-gran-oportunidad-para-sus-vinos","status":"publish","type":"post","link":"https:\/\/enolife.com.ar\/es\/para-el-gobierno-espanol-el-acuerdo-con-el-mercosur-es-una-gran-oportunidad-para-sus-vinos\/","title":{"rendered":"Para el gobierno espa\u00f1ol el acuerdo con el Mercosur es una gran oportunidad para sus vinos"},"content":{"rendered":"\n<h4 class=\"wp-block-heading\"><em><strong>El muy probable acuerdo entre la Uni\u00f3n Europea (UE) y el Mercado Com\u00fan del Sur (Mercosur) sigue generando expectativas positivas en algunos pa\u00edses europeos como Espa\u00f1a e Italia, aunque en otros como Francia lo miran con desconfianza porque piensan que podr\u00eda afectar la rentabilidad de los productores de vino locales. La implementaci\u00f3n definitiva del pacto, luego de que sea aprobado por los parlamentos de la Uni\u00f3n Europea y los pa\u00edses involucrados, gatillar\u00e1 un proceso que llevar\u00eda los aranceles desde el 35% actual en algunos casos a cero, lo que a su vez beneficiar\u00eda el comercio mutuo. En Espa\u00f1a en particular, est\u00e1n muy entusiasmados.<\/strong><\/em><\/h4>\n\n\n\n<div style=\"height:35px\" aria-hidden=\"true\" class=\"wp-block-spacer\"><\/div>\n\n\n\n\n\n<div style=\"height:45px\" aria-hidden=\"true\" class=\"wp-block-spacer\"><\/div>\n\n\n\n<p>El ministro de Agricultura, Pesca y Alimentaci\u00f3n de<strong> Espa\u00f1a<\/strong>, <strong>Luis Planas<\/strong>, destac\u00f3 el pasado 3 de febrero, &nbsp;la oportunidad de negocio que supondr\u00e1 el acuerdo con <em>el <\/em>bloque econ\u00f3mico-pol\u00edtico sudamericano <strong>Mercosur<\/strong><em> <\/em>para los productores de vino espa\u00f1oles. \u201c<em>Actualmente se aplican aranceles de hasta el 35% a los vinos de la Uni\u00f3n Europea que entran en los pa\u00edses de Mercosur, aranceles que se eliminar\u00e1n progresivamente\u201d<\/em>, explic\u00f3 Planas. Por ejemplo, en los vinos espumosos los aranceles desaparecer\u00e1n desde la entrada en vigor del acuerdo.<\/p>\n\n\n\n<p>Planas subray\u00f3 que el acuerdo eliminar\u00e1 progresivamente los aranceles para el vino y se traducir\u00e1 en un crecimiento de las exportaciones. El ministro valora la profesionalidad, la innovaci\u00f3n y la capacidad del sector para adaptarse a los efectos del cambio clim\u00e1tico. Un acuerdo que tambi\u00e9n defiende el sector de vino espa\u00f1ol.<\/p>\n\n\n\n<p>Luis Planas record\u00f3 que el sector vitivin\u00edcola europeo en general apoya con firmeza el acuerdo porque garantiza su sostenibilidad econ\u00f3mica a largo plazo. En Espa\u00f1a se traducir\u00e1 en una oportunidad para la diversificaci\u00f3n de mercados y el crecimiento de las exportaciones, en valor y en reputaci\u00f3n. Adem\u00e1s, el acuerdo est\u00e1 en sinton\u00eda con los compromisos ambientales del sector, especialmente volcado con la sostenibilidad y el desarrollo sostenible.<\/p>\n\n\n\n<p>Estas declaraciones fueron realizadas en la V edici\u00f3n de la feria <strong>Barcelona Wine Week<\/strong> en la que participan m\u00e1s de 1.200 bodegas de toda Espa\u00f1a. El Ministerio de Agricultura, Pesca y Alimentaci\u00f3n, junto al ICEX, apoya la iniciativa Hosted Buyers que permite la presencia en la feria de 800 compradores internacionales de pa\u00edses estrat\u00e9gicos de todo el mundo.<\/p>\n\n\n\n<p>Luis Planas record\u00f3 la necesidad de que el sector se adapte a las nuevas tendencias de los consumidores y valor\u00f3 la profesionalidad, la innovaci\u00f3n y la fortaleza del sector vitivin\u00edcola, un sector estrat\u00e9gico por su peso en la econom\u00eda, pero tambi\u00e9n por su aporte a la cohesi\u00f3n territorial y el desarrollo de nuestros pueblos y zonas rurales.<\/p>\n\n\n\n<div style=\"height:13px\" aria-hidden=\"true\" class=\"wp-block-spacer\"><\/div>\n\n\n\n<h3 class=\"wp-block-heading has-vivid-red-color has-text-color\">De hecho, el conjunto del sector genera m\u00e1s de 400.000 puestos de trabajo con una facturaci\u00f3n que supone el 1,9 % del valor a\u00f1adido bruto de Espa\u00f1a. Planas record\u00f3 que, con m\u00e1s de 900.000 hect\u00e1reas, Espa\u00f1a es el pa\u00eds del mundo con m\u00e1s vi\u00f1edos, el tercer pa\u00eds productor de vino, el segundo exportador en volumen y el tercero en valor con presencia en 189 pa\u00edses.<\/h3>\n\n\n\n<div style=\"height:13px\" aria-hidden=\"true\" class=\"wp-block-spacer\"><\/div>\n\n\n\n<p>Adem\u00e1s, Luis Planas ha mencionado el constante apoyo del Ministerio de Agricultura, Pesca y Alimentaci\u00f3n al sector para acompa\u00f1ar su proceso de renovaci\u00f3n y modernizaci\u00f3n con el objetivo de aumentar su competitividad y abordar con \u00e9xito los retos a los que se enfrenta. <em>\u201cSi hay un sector que ha sabido adaptarse al cambio clim\u00e1tico ha sido el sector vitivin\u00edcola\u201d<\/em>, reconoci\u00f3 el ministro.<\/p>\n\n\n\n<p>La promoci\u00f3n es una l\u00ednea estrat\u00e9gica de apoyo al sector. Planas valor\u00f3 la apuesta del ministerio por la marca <strong>Alimentos de Espa\u00f1a<\/strong> como <em>\u201cnuestra tarjeta de visita para la promoci\u00f3n de los alimentos en el exterior\u201d,<\/em> entre los que el vino ocupa un lugar destacado. Adem\u00e1s, a nivel internacional, destacan las campa\u00f1as que el ministerio desarrolla con el ICEX bajo el lema <strong>Spain Food Nation<\/strong> y los programas de promoci\u00f3n de la Uni\u00f3n Europea dirigidas a incrementar la competitividad del sector vitivin\u00edcola.<\/p>\n\n\n\n<div style=\"height:23px\" aria-hidden=\"true\" class=\"wp-block-spacer\"><\/div>\n\n\n\n<p class=\"has-small-font-size\"><em><strong>Fuente: Mercados del vino y la distribuci\u00f3n<\/strong><\/em><\/p>\n\n\n\n<div style=\"height:27px\" aria-hidden=\"true\" class=\"wp-block-spacer\"><\/div>\n\n\n\n<div style=\"height:30px\" aria-hidden=\"true\" class=\"wp-block-spacer\"><\/div>\n\n\n\n<div style=\"height:30px\" aria-hidden=\"true\" class=\"wp-block-spacer\"><\/div>\n","protected":false},"excerpt":{"rendered":"<p>El muy probable acuerdo entre la Uni\u00f3n Europea (UE) y el Mercado Com\u00fan del Sur&hellip;<\/p>\n","protected":false},"author":2,"featured_media":137798,"comment_status":"open","ping_status":"open","sticky":false,"template":"","format":"standard","meta":{"footnotes":""},"categories":[9],"tags":[],"class_list":["post-137791","post","type-post","status-publish","format-standard","has-post-thumbnail","hentry","category-negocios"],"_links":{"self":[{"href":"https:\/\/enolife.com.ar\/es\/wp-json\/wp\/v2\/posts\/137791","targetHints":{"allow":["GET"]}}],"collection":[{"href":"https:\/\/enolife.com.ar\/es\/wp-json\/wp\/v2\/posts"}],"about":[{"href":"https:\/\/enolife.com.ar\/es\/wp-json\/wp\/v2\/types\/post"}],"author":[{"embeddable":true,"href":"https:\/\/enolife.com.ar\/es\/wp-json\/wp\/v2\/users\/2"}],"replies":[{"embeddable":true,"href":"https:\/\/enolife.com.ar\/es\/wp-json\/wp\/v2\/comments?post=137791"}],"version-history":[{"count":0,"href":"https:\/\/enolife.com.ar\/es\/wp-json\/wp\/v2\/posts\/137791\/revisions"}],"wp:featuredmedia":[{"embeddable":true,"href":"https:\/\/enolife.com.ar\/es\/wp-json\/wp\/v2\/media\/137798"}],"wp:attachment":[{"href":"https:\/\/enolife.com.ar\/es\/wp-json\/wp\/v2\/media?parent=137791"}],"wp:term":[{"taxonomy":"category","embeddable":true,"href":"https:\/\/enolife.com.ar\/es\/wp-json\/wp\/v2\/categories?post=137791"},{"taxonomy":"post_tag","embeddable":true,"href":"https:\/\/enolife.com.ar\/es\/wp-json\/wp\/v2\/tags?post=137791"}],"curies":[{"name":"wp","href":"https:\/\/api.w.org\/{rel}","templated":true}]}}