{"id":137783,"date":"2025-02-13T12:39:52","date_gmt":"2025-02-13T12:39:52","guid":{"rendered":"https:\/\/enolife.com.ar\/es\/?p=137783"},"modified":"2025-02-14T14:09:23","modified_gmt":"2025-02-14T14:09:23","slug":"fuerte-presencia-de-fecovita-en-francia-con-su-stand-propio-por-2-ano-seguido-en-wine-paris","status":"publish","type":"post","link":"https:\/\/enolife.com.ar\/es\/fuerte-presencia-de-fecovita-en-francia-con-su-stand-propio-por-2-ano-seguido-en-wine-paris\/","title":{"rendered":"Fuerte presencia de Fecovita en Francia, con su stand propio por 2\u00b0 a\u00f1o seguido en Wine Paris"},"content":{"rendered":"\n<h4 class=\"wp-block-heading\"><em><strong>Del 10 al 12 de febrero de 2025 las principales bodegas argentinas y del resto del mundo estuvieron presentes en Par\u00eds para conectar potenciales compradores y vendedores de la industria vitivin\u00edcola. Desde nuestro pa\u00eds, asistieron m\u00e1s de 30 bodegas de la mano de Wines of Argentina, y otras fueron de forma independiente. Este es el caso de Fecovita, que tal como en la feria de 2024, mont\u00f3 un stand propio.<\/strong><\/em><\/h4>\n\n\n\n<div style=\"height:35px\" aria-hidden=\"true\" class=\"wp-block-spacer\"><\/div>\n\n\n<a href=\"https:\/\/estanciamendoza.com.ar\/es\/\" aria-label=\"Copia de BEM &#8211; Banner adaptaciones diario digital_BEM &#8211; Banner Enolife &#8211; 1700&#215;500\"><img loading=\"lazy\" decoding=\"async\" src=\"https:\/\/enolife.com.ar\/es\/wp-content\/uploads\/2019\/07\/Copia-de-BEM-Banner-adaptaciones-diario-digital_BEM-Banner-Enolife-1700x500-1.jpg\" alt=\"\"  srcset=\"https:\/\/enolife.com.ar\/es\/wp-content\/uploads\/2019\/07\/Copia-de-BEM-Banner-adaptaciones-diario-digital_BEM-Banner-Enolife-1700x500-1.jpg 1700w, https:\/\/enolife.com.ar\/es\/wp-content\/uploads\/2019\/07\/Copia-de-BEM-Banner-adaptaciones-diario-digital_BEM-Banner-Enolife-1700x500-1-300x88.jpg 300w, https:\/\/enolife.com.ar\/es\/wp-content\/uploads\/2019\/07\/Copia-de-BEM-Banner-adaptaciones-diario-digital_BEM-Banner-Enolife-1700x500-1-1024x301.jpg 1024w, https:\/\/enolife.com.ar\/es\/wp-content\/uploads\/2019\/07\/Copia-de-BEM-Banner-adaptaciones-diario-digital_BEM-Banner-Enolife-1700x500-1-768x226.jpg 768w, https:\/\/enolife.com.ar\/es\/wp-content\/uploads\/2019\/07\/Copia-de-BEM-Banner-adaptaciones-diario-digital_BEM-Banner-Enolife-1700x500-1-1536x452.jpg 1536w, https:\/\/enolife.com.ar\/es\/wp-content\/uploads\/2019\/07\/Copia-de-BEM-Banner-adaptaciones-diario-digital_BEM-Banner-Enolife-1700x500-1-1170x344.jpg 1170w, https:\/\/enolife.com.ar\/es\/wp-content\/uploads\/2019\/07\/Copia-de-BEM-Banner-adaptaciones-diario-digital_BEM-Banner-Enolife-1700x500-1-585x172.jpg 585w\" sizes=\"auto, (max-width: 1700px) 100vw, 1700px\" width=\"1700\" height=\"500\"   \/><\/a>\n\n\n<div style=\"height:45px\" aria-hidden=\"true\" class=\"wp-block-spacer\"><\/div>\n\n\n\n<p>Con el objetivo de seguir creciendo en los mercados internacionales, el <strong>grupo cooperativo Fecovita, con base en Mendoza, Argentina,<\/strong> desembarc\u00f3 en la capital francesa para ofrecer toda su cartera de productos.<\/p>\n\n\n\n<p>El <strong>Grupo Fecovita<\/strong> estuvo presente en la feria con stand propio, con una comitiva compuesta por su gerente general <strong>Juan \u00c1ngel Rodr\u00edguez<\/strong>, el subgerente general de operaci\u00f3n, <strong>Pablo Gonz\u00e1lez <\/strong>y el equipo de comercio exterior liderado por <strong>Andr\u00e9s Salom\u00f3n.<\/strong><\/p>\n\n\n\n<div style=\"height:30px\" aria-hidden=\"true\" class=\"wp-block-spacer\"><\/div>\n\n\n<div class=\"wp-block-image\">\n<figure class=\"aligncenter size-full is-resized\"><a href=\"https:\/\/enolife.com.ar\/es\/wp-content\/uploads\/2025\/02\/WhatsApp-Image-2025-02-10-at-15.36.28.jpeg\" data-rel=\"penci-gallery-image-content\" ><img loading=\"lazy\" decoding=\"async\" src=\"https:\/\/enolife.com.ar\/es\/wp-content\/uploads\/2025\/02\/WhatsApp-Image-2025-02-10-at-15.36.28.jpeg\" alt=\"\" class=\"wp-image-137787\" width=\"532\" height=\"478\" srcset=\"https:\/\/enolife.com.ar\/es\/wp-content\/uploads\/2025\/02\/WhatsApp-Image-2025-02-10-at-15.36.28.jpeg 556w, https:\/\/enolife.com.ar\/es\/wp-content\/uploads\/2025\/02\/WhatsApp-Image-2025-02-10-at-15.36.28-300x270.jpeg 300w\" sizes=\"auto, (max-width: 532px) 100vw, 532px\" \/><\/a><figcaption class=\"wp-element-caption\"><em><strong>El equipo completo de Fecovita en Wine Paris<\/strong><\/em><strong><em>.<\/em><\/strong><\/figcaption><\/figure><\/div>\n\n\n<div style=\"height:30px\" aria-hidden=\"true\" class=\"wp-block-spacer\"><\/div>\n\n\n\n<p>El gerente general se expres\u00f3 sobre la importancia de participar de estos eventos: <em>\u00abEsta es nuestra segunda participaci\u00f3n en Wine Paris y es un orgullo que se sigan sumando otras bodegas porque ayudan a posicionar al vino argentino en el mundo y nos potenciamos para poder traducirlo en ventas.\u201d<\/em><\/p>\n\n\n\n<p>Adem\u00e1s de las bodegas, la feria tuvo la presencia del gobernador de Mendoza, Alfredo Cornejo, con el objetivo de fortalecer lazos comerciales, promover inversiones y afianzar la presencia de Mendoza en el \u00e1mbito internacional. <\/p>\n\n\n\n<div style=\"height:30px\" aria-hidden=\"true\" class=\"wp-block-spacer\"><\/div>\n\n\n<div class=\"wp-block-image\">\n<figure class=\"aligncenter size-full is-resized\"><a href=\"https:\/\/enolife.com.ar\/es\/wp-content\/uploads\/2025\/02\/WhatsApp-Image-2025-02-10-at-15.36.27-1.jpeg\" data-rel=\"penci-gallery-image-content\" ><img loading=\"lazy\" decoding=\"async\" src=\"https:\/\/enolife.com.ar\/es\/wp-content\/uploads\/2025\/02\/WhatsApp-Image-2025-02-10-at-15.36.27-1.jpeg\" alt=\"\" class=\"wp-image-137788\" width=\"593\" height=\"444\" srcset=\"https:\/\/enolife.com.ar\/es\/wp-content\/uploads\/2025\/02\/WhatsApp-Image-2025-02-10-at-15.36.27-1.jpeg 668w, https:\/\/enolife.com.ar\/es\/wp-content\/uploads\/2025\/02\/WhatsApp-Image-2025-02-10-at-15.36.27-1-300x225.jpeg 300w, https:\/\/enolife.com.ar\/es\/wp-content\/uploads\/2025\/02\/WhatsApp-Image-2025-02-10-at-15.36.27-1-585x438.jpeg 585w\" sizes=\"auto, (max-width: 593px) 100vw, 593px\" \/><\/a><figcaption class=\"wp-element-caption\"><em><strong>Juan \u00c1ngel Rodr\u00edguez (izq.), gerente general de Fecovita, junto al gobernador de Mendoza, Alfredo Cornejo, en Par\u00eds.<\/strong><\/em><\/figcaption><\/figure><\/div>\n\n\n<div style=\"height:30px\" aria-hidden=\"true\" class=\"wp-block-spacer\"><\/div>\n\n\n\n<p>Respecto a la presencia del gobernador en la feria, Rodr\u00edguez dijo que <em>\u201cla vitivinicultura es la industria que m\u00e1s trabajo da en la provincia, por eso me parece muy positiva la visita del Alfredo Cornejo, recorriendo y mostrando su apoyo por los stands de las bodegas de la provincia.\u201d<\/em><\/p>\n\n\n\n<div style=\"height:30px\" aria-hidden=\"true\" class=\"wp-block-spacer\"><\/div>\n","protected":false},"excerpt":{"rendered":"<p>Del 10 al 12 de febrero de 2025 las principales bodegas argentinas y del resto&hellip;<\/p>\n","protected":false},"author":2,"featured_media":137786,"comment_status":"open","ping_status":"open","sticky":false,"template":"","format":"standard","meta":{"footnotes":""},"categories":[57],"tags":[],"class_list":["post-137783","post","type-post","status-publish","format-standard","has-post-thumbnail","hentry","category-empresas"],"_links":{"self":[{"href":"https:\/\/enolife.com.ar\/es\/wp-json\/wp\/v2\/posts\/137783","targetHints":{"allow":["GET"]}}],"collection":[{"href":"https:\/\/enolife.com.ar\/es\/wp-json\/wp\/v2\/posts"}],"about":[{"href":"https:\/\/enolife.com.ar\/es\/wp-json\/wp\/v2\/types\/post"}],"author":[{"embeddable":true,"href":"https:\/\/enolife.com.ar\/es\/wp-json\/wp\/v2\/users\/2"}],"replies":[{"embeddable":true,"href":"https:\/\/enolife.com.ar\/es\/wp-json\/wp\/v2\/comments?post=137783"}],"version-history":[{"count":0,"href":"https:\/\/enolife.com.ar\/es\/wp-json\/wp\/v2\/posts\/137783\/revisions"}],"wp:featuredmedia":[{"embeddable":true,"href":"https:\/\/enolife.com.ar\/es\/wp-json\/wp\/v2\/media\/137786"}],"wp:attachment":[{"href":"https:\/\/enolife.com.ar\/es\/wp-json\/wp\/v2\/media?parent=137783"}],"wp:term":[{"taxonomy":"category","embeddable":true,"href":"https:\/\/enolife.com.ar\/es\/wp-json\/wp\/v2\/categories?post=137783"},{"taxonomy":"post_tag","embeddable":true,"href":"https:\/\/enolife.com.ar\/es\/wp-json\/wp\/v2\/tags?post=137783"}],"curies":[{"name":"wp","href":"https:\/\/api.w.org\/{rel}","templated":true}]}}