{"id":137731,"date":"2025-02-11T20:03:37","date_gmt":"2025-02-11T20:03:37","guid":{"rendered":"https:\/\/enolife.com.ar\/es\/?p=137731"},"modified":"2025-02-13T14:13:33","modified_gmt":"2025-02-13T14:13:33","slug":"comienza-el-12-2-la-venta-de-entradas-para-el-acto-central-y-repeticion-de-la-vendimia-2025","status":"publish","type":"post","link":"https:\/\/enolife.com.ar\/es\/comienza-el-12-2-la-venta-de-entradas-para-el-acto-central-y-repeticion-de-la-vendimia-2025\/","title":{"rendered":"Comienza el 12\/2 la venta de entradas para el Acto Central y Repetici\u00f3n de la Vendimia 2025"},"content":{"rendered":"\n<h4 class=\"wp-block-heading\"><em><strong>La Subsecretar\u00eda de Cultura de Mendoza inform\u00f3 las fechas y metodolog\u00eda para acceder a las entradas de la Fiesta Nacional de la Vendimia 2025. La venta comenzar\u00e1 ma\u00f1ana 12 de febrero, a partir de las 18, y ser\u00e1 exclusivamente a trav\u00e9s de la plataforma&nbsp;<a rel=\"noreferrer noopener\" href=\"http:\/\/www.entradaweb.com.ar\/\" target=\"_blank\">www.entradaweb.com.ar<\/a>; se podr\u00e1n adquirir hasta 4 entradas por persona.<\/strong><\/em><\/h4>\n\n\n\n<div style=\"height:35px\" aria-hidden=\"true\" class=\"wp-block-spacer\"><\/div>\n\n\n\n\n\n<div style=\"height:45px\" aria-hidden=\"true\" class=\"wp-block-spacer\"><\/div>\n\n\n\n<p>Durante dos noches, el Teatro Griego Frank Romero Day ser\u00e1 el escenario mayor de Mendoza y la casa de la Fiesta Nacional de la Vendimia. All\u00ed, el espect\u00e1culo <strong>\u201cGuardiana del vino eterno\u201d<\/strong> tendr\u00e1 su estreno el s\u00e1bado 8 de marzo, noche en la que tambi\u00e9n se llevar\u00e1 a cabo la elecci\u00f3n y coronaci\u00f3n de la soberana nacional. La siguiente&nbsp;noche, el 9 de marzo, luego de una nueva puesta en escena del espect\u00e1culo art\u00edstico, como es habitual, actuar\u00e1n m\u00fasicos mendocinos y, en el cierre, la presentaci\u00f3n de Soledad y Jorge Rojas.<\/p>\n\n\n\n<div style=\"height:35px\" aria-hidden=\"true\" class=\"wp-block-spacer\"><\/div>\n\n\n\n<p class=\"has-medium-font-size\"><strong>Venta de entradas para p\u00fablico mendocino<\/strong><\/p>\n\n\n\n<p>Las entradas para el p\u00fablico local estar\u00e1n habilitadas desde el mi\u00e9rcoles 12 de febrero, a las 18, hasta agotar stock.<\/p>\n\n\n\n<div style=\"height:20px\" aria-hidden=\"true\" class=\"wp-block-spacer\"><\/div>\n\n\n\n<h3 class=\"wp-block-heading has-background has-medium-font-size\" style=\"background-color:#f78da870\">Los valores del Acto Central ser\u00e1n: sector Malbec, $30.000; Cabernet Sauvignon, $20.000; Chardonnay $15.000; Tempranillo 2, 3 y 4, $25.000; Tempranillo 1 y 5, $20.000 y para el sector Bonarda $10.000.<\/h3>\n\n\n\n<div style=\"height:30px\" aria-hidden=\"true\" class=\"wp-block-spacer\"><\/div>\n\n\n<div class=\"wp-block-image\">\n<figure class=\"aligncenter size-large is-resized\"><a href=\"https:\/\/enolife.com.ar\/es\/wp-content\/uploads\/2025\/02\/mapa-vendimia.jpeg\" data-rel=\"penci-gallery-image-content\" ><img loading=\"lazy\" decoding=\"async\" src=\"https:\/\/enolife.com.ar\/es\/wp-content\/uploads\/2025\/02\/mapa-vendimia-724x1024.jpeg\" alt=\"\" class=\"wp-image-137735\" width=\"434\" height=\"614\" srcset=\"https:\/\/enolife.com.ar\/es\/wp-content\/uploads\/2025\/02\/mapa-vendimia-724x1024.jpeg 724w, https:\/\/enolife.com.ar\/es\/wp-content\/uploads\/2025\/02\/mapa-vendimia-212x300.jpeg 212w, https:\/\/enolife.com.ar\/es\/wp-content\/uploads\/2025\/02\/mapa-vendimia-768x1086.jpeg 768w, https:\/\/enolife.com.ar\/es\/wp-content\/uploads\/2025\/02\/mapa-vendimia-1086x1536.jpeg 1086w, https:\/\/enolife.com.ar\/es\/wp-content\/uploads\/2025\/02\/mapa-vendimia-585x828.jpeg 585w, https:\/\/enolife.com.ar\/es\/wp-content\/uploads\/2025\/02\/mapa-vendimia.jpeg 1131w\" sizes=\"auto, (max-width: 434px) 100vw, 434px\" \/><\/a><\/figure><\/div>\n\n\n<div style=\"height:30px\" aria-hidden=\"true\" class=\"wp-block-spacer\"><\/div>\n\n\n\n<h3 class=\"wp-block-heading has-background has-medium-font-size\" style=\"background-color:#f78da861\">Los valores para la Repetici\u00f3n ser\u00e1n: para el sector Malbec, $20.000; Cabernet Sauvignon, $15.000; Chardonnay $10.000; Tempranillo 2, 3 y 4, $20.000; Tempranillo 1 y 5, $15.000, y para el sector Bonarda, $8.000.<\/h3>\n\n\n\n<div style=\"height:21px\" aria-hidden=\"true\" class=\"wp-block-spacer\"><\/div>\n\n\n\n<p>Cabe aclarar que, como cada a\u00f1o, las entradas del sector Torront\u00e9s no se comercializan ya que est\u00e1n reservadas a personas con discapacidad.<\/p>\n\n\n\n<div style=\"height:35px\" aria-hidden=\"true\" class=\"wp-block-spacer\"><\/div>\n\n\n\n<p class=\"has-medium-font-size\"><strong>Canje de entradas<\/strong><\/p>\n\n\n\n<p>Es importante destacar que, una vez adquiridas las entradas a trav\u00e9s de la plataforma digital, se deber\u00e1 realizar el canje por la entrada f\u00edsica, a partir del lunes 3 al domingo 9 de marzo.<\/p>\n\n\n\n<div style=\"height:35px\" aria-hidden=\"true\" class=\"wp-block-spacer\"><\/div>\n\n\n\n<p class=\"has-medium-font-size\"><strong>Los puntos de canje<\/strong><\/p>\n\n\n\n<ul class=\"wp-block-list\">\n<li>Auditorio \u00c1ngel Bustelo. Virgen del Carmen de Cuyo 610, Ciudad de Mendoza.<\/li>\n\n\n\n<li>Teatro Independencia. Chile y Espejo, Ciudad de Mendoza.<\/li>\n\n\n\n<li>Espacio Cultural Julio Le Parc. Mitre y Godoy Cruz, Guaymall\u00e9n.<\/li>\n\n\n\n<li>Adem\u00e1s, se dispondr\u00e1n locaciones para la zona Este, Sur y Valle de Uco.<\/li>\n<\/ul>\n\n\n\n<div style=\"height:27px\" aria-hidden=\"true\" class=\"wp-block-spacer\"><\/div>\n","protected":false},"excerpt":{"rendered":"<p>La Subsecretar\u00eda de Cultura de Mendoza inform\u00f3 las fechas y metodolog\u00eda para acceder a las&hellip;<\/p>\n","protected":false},"author":2,"featured_media":137733,"comment_status":"open","ping_status":"open","sticky":false,"template":"","format":"standard","meta":{"footnotes":""},"categories":[14],"tags":[],"class_list":["post-137731","post","type-post","status-publish","format-standard","has-post-thumbnail","hentry","category-news"],"_links":{"self":[{"href":"https:\/\/enolife.com.ar\/es\/wp-json\/wp\/v2\/posts\/137731","targetHints":{"allow":["GET"]}}],"collection":[{"href":"https:\/\/enolife.com.ar\/es\/wp-json\/wp\/v2\/posts"}],"about":[{"href":"https:\/\/enolife.com.ar\/es\/wp-json\/wp\/v2\/types\/post"}],"author":[{"embeddable":true,"href":"https:\/\/enolife.com.ar\/es\/wp-json\/wp\/v2\/users\/2"}],"replies":[{"embeddable":true,"href":"https:\/\/enolife.com.ar\/es\/wp-json\/wp\/v2\/comments?post=137731"}],"version-history":[{"count":0,"href":"https:\/\/enolife.com.ar\/es\/wp-json\/wp\/v2\/posts\/137731\/revisions"}],"wp:featuredmedia":[{"embeddable":true,"href":"https:\/\/enolife.com.ar\/es\/wp-json\/wp\/v2\/media\/137733"}],"wp:attachment":[{"href":"https:\/\/enolife.com.ar\/es\/wp-json\/wp\/v2\/media?parent=137731"}],"wp:term":[{"taxonomy":"category","embeddable":true,"href":"https:\/\/enolife.com.ar\/es\/wp-json\/wp\/v2\/categories?post=137731"},{"taxonomy":"post_tag","embeddable":true,"href":"https:\/\/enolife.com.ar\/es\/wp-json\/wp\/v2\/tags?post=137731"}],"curies":[{"name":"wp","href":"https:\/\/api.w.org\/{rel}","templated":true}]}}