{"id":137660,"date":"2025-02-11T00:58:30","date_gmt":"2025-02-11T00:58:30","guid":{"rendered":"https:\/\/enolife.com.ar\/es\/?p=137660"},"modified":"2025-02-11T20:03:25","modified_gmt":"2025-02-11T20:03:25","slug":"mendoza-sera-sede-de-la-vinexpo-explorer-del-6-al-9-10-cita-de-80-importadores-con-150-bodegas","status":"publish","type":"post","link":"https:\/\/enolife.com.ar\/es\/mendoza-sera-sede-de-la-vinexpo-explorer-del-6-al-9-10-cita-de-80-importadores-con-150-bodegas\/","title":{"rendered":"Mendoza ser\u00e1 sede de la Vinexpo Explorer del 6 al 9\/10, cita de 80 importadores con 150 bodegas"},"content":{"rendered":"\n<h4 class=\"wp-block-heading\"><em><strong>El gobierno de la provincia acord\u00f3 con la organizaci\u00f3n francesa Vinexposium que la 6ta. feria Vinexpo Explorer -que nunca hab\u00eda venido a Sudam\u00e9rica- se realice en esta ciudad en octubre pr\u00f3ximo. Se trata de un encuentro que ofrece a los compradores internacionales la oportunidad de descubrir nuevas fronteras en el mundo del vino. En sus 5 ediciones anteriores ha tenido como anfitrionas a ciudades de Austria, Francia, Estados Unidos y Canad\u00e1.<\/strong><\/em><\/h4>\n\n\n\n<div style=\"height:35px\" aria-hidden=\"true\" class=\"wp-block-spacer\"><\/div>\n\n\n<a href=\"https:\/\/www.centroenologico.com.ar\/\" aria-label=\"CERSA 1700X500 BORDO\"><img loading=\"lazy\" decoding=\"async\" src=\"https:\/\/enolife.com.ar\/es\/wp-content\/uploads\/2025\/02\/CERSA-1700X500-BORDO.gif\" alt=\"\"  width=\"1700\" height=\"500\"   \/><\/a>\n\n\n<div style=\"height:45px\" aria-hidden=\"true\" class=\"wp-block-spacer\"><\/div>\n\n\n\n<p>El acuerdo para realizar la feria en<strong> Mendoza<\/strong> se concret\u00f3 en <strong>Par\u00eds, Francia, <\/strong>donde el gobernador mendocino <strong>Alfredo Cornejo<\/strong> firm\u00f3 un convenio con <strong>Rodolphe Lameyse,<\/strong> director general de <strong>Vinexposium. <\/strong>De esta manera, Mendoza ser\u00e1 la primera localidad de Sudam\u00e9rica en recibir este destacado encuentro.<\/p>\n\n\n\n<p>En el marco de la edici\u00f3n 2025 de <strong>Wine Paris<\/strong>, Cornejo firm\u00f3 un convenio con Lameyse para que Mendoza sea sede de una de los encuentros de negocios vitivin\u00edcolas m\u00e1s importantes en la actualidad. Adem\u00e1s, estuvieron presentes el embajador argentino en Francia, <strong>Ian Sielecki<\/strong>, y la presidenta de ProMendoza, <strong>Patricia Gim\u00e9nez.<\/strong><\/p>\n\n\n\n<p>Se trata de <strong>Vinexpo Explorer<\/strong>, el encuentro pionero creado por Vinexposium en 2017, que muestra de una manera diferente una regi\u00f3n donde el vino es el protagonista. Se destaca por su formato innovador, ofreciendo a los compradores internacionales la oportunidad de descubrir nuevas fronteras en el mundo del vino. La cita en Mendoza ser\u00e1 <strong>del 6 al 9 de octubre <\/strong>y se espera la llegada de <strong>80 importadores<\/strong> de todo el planeta que arribar\u00e1n a la provincia para conocer y establecer contacto directo con <strong>150 productores.<\/strong><\/p>\n\n\n\n<p>Ser\u00e1 la primera vez que Mendoza reciba de manera simult\u00e1nea a tantos empresarios del rubro, lo que marcar\u00e1 un hito en la historia del comercio exterior de la provincia. Este encuentro ser\u00e1 coorganizado por el Gobierno de Mendoza, ProMendoza y la firma Vinexposium, y es la primera actividad en Sudam\u00e9rica de esta empresa francesa.<\/p>\n\n\n\n<div style=\"height:30px\" aria-hidden=\"true\" class=\"wp-block-spacer\"><\/div>\n\n\n<div class=\"wp-block-image\">\n<figure class=\"aligncenter size-full is-resized\"><a href=\"https:\/\/enolife.com.ar\/es\/wp-content\/uploads\/2025\/02\/SEB_4456.jpg\" data-rel=\"penci-gallery-image-content\" ><img loading=\"lazy\" decoding=\"async\" src=\"https:\/\/enolife.com.ar\/es\/wp-content\/uploads\/2025\/02\/SEB_4456.jpg\" alt=\"\" class=\"wp-image-137665\" width=\"609\" height=\"418\" srcset=\"https:\/\/enolife.com.ar\/es\/wp-content\/uploads\/2025\/02\/SEB_4456.jpg 729w, https:\/\/enolife.com.ar\/es\/wp-content\/uploads\/2025\/02\/SEB_4456-300x206.jpg 300w, https:\/\/enolife.com.ar\/es\/wp-content\/uploads\/2025\/02\/SEB_4456-585x401.jpg 585w\" sizes=\"auto, (max-width: 609px) 100vw, 609px\" \/><\/a><\/figure><\/div>\n\n\n<div style=\"height:30px\" aria-hidden=\"true\" class=\"wp-block-spacer\"><\/div>\n\n\n\n<p>Los organizadores destacaron que el programa Vinexpo Explorer Mendoza ofrecer\u00e1 una experiencia inmersiva en nuestra ic\u00f3nica regi\u00f3n vitivin\u00edcola. La actividad contar\u00e1 con presentaciones \u00fanicas, visitas exclusivas a vi\u00f1edos, degustaciones refinadas y reuniones de negocios estrat\u00e9gicas. \u00ab<em>Es una oportunidad \u00fanica para destacar las regiones emergentes y, al mismo tiempo, fomentar las conexiones entre productores y compradores internacionales. Promete ser una oportunidad \u00fanica para destacar la regi\u00f3n y, al mismo tiempo, fomentar conexiones significativas entre productores y compradores globales\u00bb<\/em>, indicaron.<\/p>\n\n\n\n<p>Dentro de las cualidades que destacaron de Mendoza, el equipo de Vinexposium elogi\u00f3 sus m\u00e1s de 300 d\u00edas de sol y cielos azules y la describi\u00f3 como un \u00ab<em>verdadero para\u00edso natural, dominado por la majestuosa cordillera de los Andes\u00bb.<\/em> Mendoza, coraz\u00f3n palpitante de la industria vitivin\u00edcola argentina, representa 70% de la producci\u00f3n de vino del pa\u00eds.&nbsp; Con m\u00e1s de 140.000 hect\u00e1reas de vi\u00f1edos y m\u00e1s de 600 bodegas, la provincia se erige como el l\u00edder indiscutido de la escena vitivin\u00edcola de Argentina, reconocida mundialmente por la calidad de sus vinos.<\/p>\n\n\n\n<div style=\"height:35px\" aria-hidden=\"true\" class=\"wp-block-spacer\"><\/div>\n\n\n\n<p class=\"has-medium-font-size\"><strong>Sobre Vinexpo Explorer Mendoza<\/strong><\/p>\n\n\n\n<p>Vinexpo Explorer es una actividad realizada desde 2017 por Vinexposium con socios locales para posicionar regiones vitivin\u00edcolas. El encuentro se realiza una vez al a\u00f1o en una localidad vitivin\u00edcola distinta. As\u00ed, en sus primeras 5 ediciones el encuentro pas\u00f3 por Austria, Sonoma County (EEUU), Beaujolais (Francia), Quebec (Canad\u00e1) y Virginia (EEUU).<\/p>\n\n\n\n<p>El formato de la Vinexpo Explorer consiste en una agenda de varios d\u00edas en la localidad seleccionada que combina seminarios t\u00e9cnicos sobre las caracter\u00edsticas de la regi\u00f3n,<em>&nbsp;tastings,<\/em> reuniones B2B y visitas a bodegas locales para un grupo de compradores internacionales de vino y periodistas especializados. Mendoza ser\u00e1 la regi\u00f3n m\u00e1s grande en ser&nbsp;<em>host&nbsp;<\/em>de esta actividad, que tendr\u00e1 algunas caracter\u00edsticas que lo har\u00e1n \u00fanica.<\/p>\n\n\n\n<p>En primer lugar, vale destacar que ser\u00e1 el encuentro de promoci\u00f3n de las exportaciones de vino m\u00e1s grande que se haya realizado en la provincia. En segundo lugar, ser\u00e1 la edici\u00f3n que contar\u00e1 con m\u00e1s compradores y productores locales reunidos, teniendo en cuenta las Vinexpo Explorer que se realizaron anteriormente.<\/p>\n\n\n\n<p>A partir de marzo se abrir\u00e1n las inscripciones para las bodegas que quieran ser parte.<\/p>\n\n\n\n<div style=\"height:30px\" aria-hidden=\"true\" class=\"wp-block-spacer\"><\/div>\n","protected":false},"excerpt":{"rendered":"<p>El gobierno de la provincia acord\u00f3 con la organizaci\u00f3n francesa Vinexposium que la 6ta. feria&hellip;<\/p>\n","protected":false},"author":2,"featured_media":137664,"comment_status":"open","ping_status":"open","sticky":false,"template":"","format":"standard","meta":{"footnotes":""},"categories":[56,10],"tags":[],"class_list":["post-137660","post","type-post","status-publish","format-standard","has-post-thumbnail","hentry","category-destacado","category-ferias"],"_links":{"self":[{"href":"https:\/\/enolife.com.ar\/es\/wp-json\/wp\/v2\/posts\/137660","targetHints":{"allow":["GET"]}}],"collection":[{"href":"https:\/\/enolife.com.ar\/es\/wp-json\/wp\/v2\/posts"}],"about":[{"href":"https:\/\/enolife.com.ar\/es\/wp-json\/wp\/v2\/types\/post"}],"author":[{"embeddable":true,"href":"https:\/\/enolife.com.ar\/es\/wp-json\/wp\/v2\/users\/2"}],"replies":[{"embeddable":true,"href":"https:\/\/enolife.com.ar\/es\/wp-json\/wp\/v2\/comments?post=137660"}],"version-history":[{"count":0,"href":"https:\/\/enolife.com.ar\/es\/wp-json\/wp\/v2\/posts\/137660\/revisions"}],"wp:featuredmedia":[{"embeddable":true,"href":"https:\/\/enolife.com.ar\/es\/wp-json\/wp\/v2\/media\/137664"}],"wp:attachment":[{"href":"https:\/\/enolife.com.ar\/es\/wp-json\/wp\/v2\/media?parent=137660"}],"wp:term":[{"taxonomy":"category","embeddable":true,"href":"https:\/\/enolife.com.ar\/es\/wp-json\/wp\/v2\/categories?post=137660"},{"taxonomy":"post_tag","embeddable":true,"href":"https:\/\/enolife.com.ar\/es\/wp-json\/wp\/v2\/tags?post=137660"}],"curies":[{"name":"wp","href":"https:\/\/api.w.org\/{rel}","templated":true}]}}