{"id":137596,"date":"2025-02-10T21:38:57","date_gmt":"2025-02-10T21:38:57","guid":{"rendered":"https:\/\/enolife.com.ar\/es\/?p=137596"},"modified":"2025-02-12T14:24:51","modified_gmt":"2025-02-12T14:24:51","slug":"italia-en-pie-de-guerra-contra-mas-impuestos-etiquetas-alarmistas-y-restricciones-al-vino-europeo","status":"publish","type":"post","link":"https:\/\/enolife.com.ar\/es\/italia-en-pie-de-guerra-contra-mas-impuestos-etiquetas-alarmistas-y-restricciones-al-vino-europeo\/","title":{"rendered":"Italia en pie de guerra contra m\u00e1s impuestos, etiquetas alarmistas y restricciones al vino europeo"},"content":{"rendered":"\n<h4 class=\"wp-block-heading\"><em><strong>La Uni\u00f3n Italiana del Vino (UIV) volvi\u00f3 a manifestarse fuertemente contra las medidas y proyectos futuros restrictivos del consumo de vino que plantea el Parlamento Europeo. Piden una consulta p\u00fablica antes de avanzar con impuestos adicionales, l\u00edmites a las ventas y advertencias sanitarias extremas en las etiquetas. <\/strong><\/em><\/h4>\n\n\n\n<div style=\"height:35px\" aria-hidden=\"true\" class=\"wp-block-spacer\"><\/div>\n\n\n\n\n\n<div style=\"height:45px\" aria-hidden=\"true\" class=\"wp-block-spacer\"><\/div>\n\n\n\n<p>Tras las propuestas rechazadas por el <strong>Parlamento Europeo<\/strong> en 2022, la <strong>Comisi\u00f3n Europea<\/strong> est\u00e1 reintroduciendo medidas restrictivas sobre el vino, incluyendo <strong>impuestos adicionales, l\u00edmites de ventas, advertencias sanitarias y restricciones publicitarias.<\/strong> En este sentido la <strong>Uni\u00f3n Italiana del Vino (UIV)<\/strong> pide a los Estados miembros que detengan el documento elaborado sin consulta p\u00fablica.<\/p>\n\n\n\n<div style=\"height:23px\" aria-hidden=\"true\" class=\"wp-block-spacer\"><\/div>\n\n\n\n<blockquote class=\"wp-block-quote is-layout-flow wp-block-quote-is-layout-flow\">\n<p>El sector vitivin\u00edcola europeo corre el riesgo de sufrir un fuerte impacto, con impuestos m\u00e1s altos, l\u00edmites a las ventas transfronterizas y el regreso de las advertencias sanitarias en las etiquetas.\u00bb<\/p>\n<cite>Voceros de la Uni\u00f3n Italiana del Vino (UIV)<\/cite><\/blockquote>\n\n\n\n<div style=\"height:24px\" aria-hidden=\"true\" class=\"wp-block-spacer\"><\/div>\n\n\n\n<p>La Comisi\u00f3n Europea sigue en contra del vino en el nuevo documento BECA (Vencer al C\u00e1ncer, por sus siglas en ingl\u00e9s), planteando impuestos m\u00e1s altos y etiquetas sanitarias para desincentivar el consumo<\/p>\n\n\n\n<p>Llueve sobre mojado en el sector vitivin\u00edcola, y no s\u00f3lo en el extranjero -con los temidos aranceles-, sino tambi\u00e9n en Europa. De hecho, en estos d\u00edas se ha publicado el nuevo documento de trabajo de la <strong>Comisi\u00f3n Europea del plan Beca (Vencer al C\u00e1ncer)<\/strong> -se\u00f1ala la Unione italiana Vini (UIV), el mismo que hace tres a\u00f1os propuso fuertes limitaciones a los intercambios adem\u00e1s de la introducci\u00f3n de etiquetas alarmistas y m\u00e1s. <\/p>\n\n\n\n<p>Propuestas cuyas l\u00edneas m\u00e1s extremistas fueron rechazadas por el Parlamento Europeo. Este nuevo texto -se\u00f1ala la UIV- presenta algunos aspectos que son incluso peores que el que encontr\u00f3 oposici\u00f3n pol\u00edtica. En particular, la Comisi\u00f3n afirma que est\u00e1 trabajando para introducir nuevas medidas m\u00e1s estrictas en materia de fiscalidad de los productos -incluido el vino- y la limitaci\u00f3n de las ventas transfronterizas, la informaci\u00f3n a los consumidores mediante la introducci\u00f3n de advertencias sanitarias en las etiquetas de las bebidas alcoh\u00f3licas y la regulaci\u00f3n de la publicidad del alcohol . <\/p>\n\n\n\n<p><em>\u201cEl equipo est\u00e1 cambiando &#8211;<\/em>subray\u00f3 el <strong>secretario general de la UIV, Paolo Castelletti<\/strong>&#8211;<em> pero desgraciadamente el leit motiv de la Comisi\u00f3n Europea sigue siendo el mismo. Esper\u00e1bamos que la nueva Comisi\u00f3n centrara su trabajo en medidas para fortalecer la competitividad de las empresas, no en aumentar los impuestos y crear nuevas distorsiones en el mercado \u00fanico. La sensaci\u00f3n &#8211;<\/em>a\u00f1adi\u00f3<em>&#8211; es que en la UE la mano derecha no sabe lo que hace la izquierda: es el caso de las advertencias sanitarias, reiteradas en el documento cuando el propio Comisario de Salud, Varhelyi, en una audiencia en el Parlamento Europeo, hab\u00eda dicho que no era una prioridad para la nueva Comisi\u00f3n\u00bb. <\/em><\/p>\n\n\n\n<div style=\"height:19px\" aria-hidden=\"true\" class=\"wp-block-spacer\"><\/div>\n\n\n\n<blockquote class=\"wp-block-quote is-layout-flow wp-block-quote-is-layout-flow\">\n<p>Hacemos un llamamiento a los Estados miembros y, en particular, a los eurodiputados italianos para que bloqueen en el Consejo y en el Parlamento Europeo un documento elaborado sin ninguna consulta p\u00fablica a las partes interesadas&#8230; Las medidas propuestas impactar\u00edan negativamente en un sector que mueve m\u00e1s de 100.000 millones de euros y millones de puestos de trabajo en el Viejo Continente\u201d.<\/p>\n<cite>Paolo Castelletti, secretario general de la UIV.<\/cite><\/blockquote>\n\n\n\n<div style=\"height:19px\" aria-hidden=\"true\" class=\"wp-block-spacer\"><\/div>\n\n\n\n<p class=\"has-background\" style=\"background-color:#abb7c252\">En el texto de la rese\u00f1a <strong>(<a href=\"http:\/\/chrome-extension:\/\/efaidnbmnnnibpcajpcglclefindmkaj\/https:\/\/health.ec.europa.eu\/document\/download\/5acc6fb9-2078-4b61-92a2-b45ce5002225_en?filename=ncd_2025-39_swd_en.pdf\">Disponible aqu\u00ed<\/a>) <\/strong>la Comisi\u00f3n afirma que m\u00e1s del 90% de las acciones del plan se han iniciado, y muchas ya se han concluido .<\/p>\n\n\n\n<div style=\"height:11px\" aria-hidden=\"true\" class=\"wp-block-spacer\"><\/div>\n\n\n\n<p>Actualmente, la Directiva sobre el impuesto sobre el alcohol establece un tipo m\u00ednimo de impuesto especial de 0 euros para el vino y otras bebidas fermentadas, una de las propuestas es cambiar este principio.<\/p>\n\n\n\n<div style=\"height:30px\" aria-hidden=\"true\" class=\"wp-block-spacer\"><\/div>\n","protected":false},"excerpt":{"rendered":"<p>La Uni\u00f3n Italiana del Vino (UIV) volvi\u00f3 a manifestarse fuertemente contra las medidas y proyectos&hellip;<\/p>\n","protected":false},"author":2,"featured_media":137604,"comment_status":"open","ping_status":"open","sticky":false,"template":"","format":"standard","meta":{"footnotes":""},"categories":[14],"tags":[],"class_list":["post-137596","post","type-post","status-publish","format-standard","has-post-thumbnail","hentry","category-news"],"_links":{"self":[{"href":"https:\/\/enolife.com.ar\/es\/wp-json\/wp\/v2\/posts\/137596","targetHints":{"allow":["GET"]}}],"collection":[{"href":"https:\/\/enolife.com.ar\/es\/wp-json\/wp\/v2\/posts"}],"about":[{"href":"https:\/\/enolife.com.ar\/es\/wp-json\/wp\/v2\/types\/post"}],"author":[{"embeddable":true,"href":"https:\/\/enolife.com.ar\/es\/wp-json\/wp\/v2\/users\/2"}],"replies":[{"embeddable":true,"href":"https:\/\/enolife.com.ar\/es\/wp-json\/wp\/v2\/comments?post=137596"}],"version-history":[{"count":0,"href":"https:\/\/enolife.com.ar\/es\/wp-json\/wp\/v2\/posts\/137596\/revisions"}],"wp:featuredmedia":[{"embeddable":true,"href":"https:\/\/enolife.com.ar\/es\/wp-json\/wp\/v2\/media\/137604"}],"wp:attachment":[{"href":"https:\/\/enolife.com.ar\/es\/wp-json\/wp\/v2\/media?parent=137596"}],"wp:term":[{"taxonomy":"category","embeddable":true,"href":"https:\/\/enolife.com.ar\/es\/wp-json\/wp\/v2\/categories?post=137596"},{"taxonomy":"post_tag","embeddable":true,"href":"https:\/\/enolife.com.ar\/es\/wp-json\/wp\/v2\/tags?post=137596"}],"curies":[{"name":"wp","href":"https:\/\/api.w.org\/{rel}","templated":true}]}}