{"id":137524,"date":"2025-02-08T22:18:35","date_gmt":"2025-02-08T22:18:35","guid":{"rendered":"https:\/\/enolife.com.ar\/es\/?p=137524"},"modified":"2025-02-10T14:12:40","modified_gmt":"2025-02-10T14:12:40","slug":"los-vinos-de-altura-de-salta-son-puestos-en-valor-en-12-paginas-de-la-famosa-revista-decanter","status":"publish","type":"post","link":"https:\/\/enolife.com.ar\/es\/los-vinos-de-altura-de-salta-son-puestos-en-valor-en-12-paginas-de-la-famosa-revista-decanter\/","title":{"rendered":"Los vinos de altura de Salta son puestos en valor en 12 p\u00e1ginas de la famosa revista Decanter"},"content":{"rendered":"\n<h4 class=\"wp-block-heading\"><em><strong>La participaci\u00f3n de la Provincia de Salta en la feria ProWein de D\u00fcsseldorf, Alemania, en marzo de 2024, posibilit\u00f3 la conexi\u00f3n entre periodistas de la mundialmente reconocida revista inglesa Decanter y la Asociaci\u00f3n Bodegas de Salta. Esto se realiz\u00f3 con el apoyo de la Fundaci\u00f3n ProSalta y con la asistencia t\u00e9cnica y financiera del Consejo Federal de Inversiones.<\/strong><\/em><\/h4>\n\n\n\n<div style=\"height:35px\" aria-hidden=\"true\" class=\"wp-block-spacer\"><\/div>\n\n\n<a href=\"https:\/\/jmzeballos.com\/\" aria-label=\"PUBLICIDAD ENOLIFE 2023_\u00c1NFORAS 1700 x 500\"><img loading=\"lazy\" decoding=\"async\" src=\"https:\/\/enolife.com.ar\/es\/wp-content\/uploads\/2020\/12\/PUBLICIDAD-ENOLIFE-2023_ANFORAS-1700-x-500.jpg\" alt=\"\"  srcset=\"https:\/\/enolife.com.ar\/es\/wp-content\/uploads\/2020\/12\/PUBLICIDAD-ENOLIFE-2023_ANFORAS-1700-x-500.jpg 1700w, https:\/\/enolife.com.ar\/es\/wp-content\/uploads\/2020\/12\/PUBLICIDAD-ENOLIFE-2023_ANFORAS-1700-x-500-300x88.jpg 300w, https:\/\/enolife.com.ar\/es\/wp-content\/uploads\/2020\/12\/PUBLICIDAD-ENOLIFE-2023_ANFORAS-1700-x-500-1024x301.jpg 1024w, https:\/\/enolife.com.ar\/es\/wp-content\/uploads\/2020\/12\/PUBLICIDAD-ENOLIFE-2023_ANFORAS-1700-x-500-768x226.jpg 768w, https:\/\/enolife.com.ar\/es\/wp-content\/uploads\/2020\/12\/PUBLICIDAD-ENOLIFE-2023_ANFORAS-1700-x-500-1536x452.jpg 1536w, https:\/\/enolife.com.ar\/es\/wp-content\/uploads\/2020\/12\/PUBLICIDAD-ENOLIFE-2023_ANFORAS-1700-x-500-1170x344.jpg 1170w, https:\/\/enolife.com.ar\/es\/wp-content\/uploads\/2020\/12\/PUBLICIDAD-ENOLIFE-2023_ANFORAS-1700-x-500-585x172.jpg 585w\" sizes=\"auto, (max-width: 1700px) 100vw, 1700px\" width=\"1700\" height=\"500\"   \/><\/a>\n\n\n<div style=\"height:45px\" aria-hidden=\"true\" class=\"wp-block-spacer\"><\/div>\n\n\n\n<p><a href=\"https:\/\/www.salta.gob.ar\/public\/images\/noticias\/99923-los-vinos-de-altura-de-salta-son-puestos-en-valor-por-la-famosa-revista-especializada-decanter.webp\"><\/a>Doce p\u00e1ginas a todo color en la edici\u00f3n de febrero de 2024 de la mundialmente reconocida revista <strong>Decanter<\/strong> ponen en valor la calidad y desaf\u00edos de la producci\u00f3n vitivin\u00edcola salte\u00f1a y su actividad aliada, el enoturismo. El art\u00edculo se titula <strong>\u201cSalta, vitivinicultura extrema en argentina\u201d<\/strong>, haciendo alusi\u00f3n a la heroica cualidad de los productores de vinos de altura salte\u00f1os.&nbsp;<\/p>\n\n\n\n<div style=\"height:30px\" aria-hidden=\"true\" class=\"wp-block-spacer\"><\/div>\n\n\n<div class=\"wp-block-image\">\n<figure class=\"aligncenter is-resized\"><a href=\"https:\/\/www.salta.gob.ar\/public\/images\/noticias\/contenidos\/15927-los-vinos-de-altura-de-salta-son-puestos-en-valor-por-la-famosa-revista-especializada-decanter.webp\"><img loading=\"lazy\" decoding=\"async\" src=\"https:\/\/www.salta.gob.ar\/public\/images\/noticias\/contenidos\/15927-los-vinos-de-altura-de-salta-son-puestos-en-valor-por-la-famosa-revista-especializada-decanter.webp\" alt=\"Los vinos de altura de Salta son puestos en valor por la famosa revista especializada Decanter\" width=\"642\" height=\"361\"\/><\/a><\/figure><\/div>\n\n\n<div style=\"height:30px\" aria-hidden=\"true\" class=\"wp-block-spacer\"><\/div>\n\n\n\n<p>En \u00e9l se resalta a Salta como el punto m\u00e1s alto de producci\u00f3n vitivin\u00edcola mundial, con altura que van desde los <strong>1.530 a 3.111 metros sobre nivel del mar.<\/strong> A esto se agrega el poco nivel de precipitaciones y gran exposici\u00f3n solar que tiene la regi\u00f3n, y que posibilitan producir vinos <em>\u201caltamente concentrados, profundamente coloridos y con una refrescante acidez\u201d.<\/em><\/p>\n\n\n\n<div style=\"height:30px\" aria-hidden=\"true\" class=\"wp-block-spacer\"><\/div>\n\n\n\n<h3 class=\"wp-block-heading has-vivid-red-color has-text-color\">Decanter es una revista mensual especializada en vinos. De origen ingl\u00e9s, se publica en m\u00e1s de 90 pa\u00edses en forma mensual, teniendo adem\u00e1s de la versi\u00f3n impresa una digital. Incluye noticias sobre la industria, gu\u00edas de vendimia y vino y recomendaciones de varietales. Adem\u00e1s organiza la Decanter World Wine Awards, la competici\u00f3n de vinos m\u00e1s grande del mundo.<\/h3>\n\n\n\n<div style=\"height:30px\" aria-hidden=\"true\" class=\"wp-block-spacer\"><\/div>\n\n\n\n<p>Se trata de una gu\u00eda sponsoreada, que fue producida y coordinada por la <strong>Asociaci\u00f3n de Bodegas de Salta<\/strong>, y que comenz\u00f3 a gestarse en marzo del a\u00f1o pasado a partir de la visibilidad que tuvo Salta en el stand argentino en la feria alemana <strong>ProWein D\u00fcsseldorf.<\/strong><\/p>\n\n\n\n<div style=\"height:30px\" aria-hidden=\"true\" class=\"wp-block-spacer\"><\/div>\n\n\n<div class=\"wp-block-image\">\n<figure class=\"aligncenter size-full is-resized\"><a href=\"https:\/\/enolife.com.ar\/es\/wp-content\/uploads\/2025\/02\/Imagen2-5.jpg\" data-rel=\"penci-gallery-image-content\" ><img loading=\"lazy\" decoding=\"async\" src=\"https:\/\/enolife.com.ar\/es\/wp-content\/uploads\/2025\/02\/Imagen2-5.jpg\" alt=\"\" class=\"wp-image-137560\" width=\"602\" height=\"400\" srcset=\"https:\/\/enolife.com.ar\/es\/wp-content\/uploads\/2025\/02\/Imagen2-5.jpg 881w, https:\/\/enolife.com.ar\/es\/wp-content\/uploads\/2025\/02\/Imagen2-5-300x200.jpg 300w, https:\/\/enolife.com.ar\/es\/wp-content\/uploads\/2025\/02\/Imagen2-5-768x512.jpg 768w, https:\/\/enolife.com.ar\/es\/wp-content\/uploads\/2025\/02\/Imagen2-5-585x390.jpg 585w\" sizes=\"auto, (max-width: 602px) 100vw, 602px\" \/><\/a><\/figure><\/div>\n\n\n<div style=\"height:30px\" aria-hidden=\"true\" class=\"wp-block-spacer\"><\/div>\n\n\n\n<p>Esa participaci\u00f3n fue posible a partir de las acciones de promoci\u00f3n que lleva adelante el&nbsp;<strong>Ministerio de Producci\u00f3n y Desarrollo Sustentable<\/strong>. La presencia en esta feria cont\u00f3 con el invalorable apoyo de la Fundaci\u00f3n ProSalta y la asistencia t\u00e9cnica y financiera del <strong>Consejo Federal de Inversiones (CFI).<\/strong><\/p>\n\n\n\n<p>En esa oportunidad, respondiendo a la convocatoria realizada a trav\u00e9s de la Subsecretar\u00eda de Comercio y Mipymes dependiente de esa cartera, adem\u00e1s de las autoridades de <strong>Bodegas Salte\u00f1as<\/strong>, participaron las firmas: <strong>Tukma, Finca Las Nubes, Vi\u00f1as en Flor, Altupalka, Vasija Secreta y Agust\u00edn Lan\u00fas.<\/strong><\/p>\n\n\n\n<div style=\"height:30px\" aria-hidden=\"true\" class=\"wp-block-spacer\"><\/div>\n\n\n<div class=\"wp-block-image\">\n<figure class=\"aligncenter size-full is-resized\"><a href=\"https:\/\/enolife.com.ar\/es\/wp-content\/uploads\/2025\/02\/Imagen1-12.jpg\" data-rel=\"penci-gallery-image-content\" ><img loading=\"lazy\" decoding=\"async\" src=\"https:\/\/enolife.com.ar\/es\/wp-content\/uploads\/2025\/02\/Imagen1-12.jpg\" alt=\"\" class=\"wp-image-137559\" width=\"648\" height=\"391\" srcset=\"https:\/\/enolife.com.ar\/es\/wp-content\/uploads\/2025\/02\/Imagen1-12.jpg 879w, https:\/\/enolife.com.ar\/es\/wp-content\/uploads\/2025\/02\/Imagen1-12-300x181.jpg 300w, https:\/\/enolife.com.ar\/es\/wp-content\/uploads\/2025\/02\/Imagen1-12-768x464.jpg 768w, https:\/\/enolife.com.ar\/es\/wp-content\/uploads\/2025\/02\/Imagen1-12-585x353.jpg 585w\" sizes=\"auto, (max-width: 648px) 100vw, 648px\" \/><\/a><\/figure><\/div>\n\n\n<div style=\"height:30px\" aria-hidden=\"true\" class=\"wp-block-spacer\"><\/div>\n\n\n\n<p><em>\u201cTenemos un lugar \u00fanico en el mundo para la producci\u00f3n de vino y darlo a conocer a este nivel es un sue\u00f1o cumplido\u201d,<\/em> expres\u00f3 <strong>Alejandro Martorell, presidente de Bodegas Salte\u00f1as.<\/strong><\/p>\n\n\n\n<p><em>\u201cHacemos mucho hincapi\u00e9 en la promoci\u00f3n del enoturismo. El que lee la nota se da cuenta perfectamente que no es que estamos en un lugar alejad\u00edsimo del mundo, sino que si vienen ac\u00e1 van a poder disfrutar de una experiencia distintiva. Yo digo que son experiencias sensitivas. Van a disfrutar de la vista, del olfato, del gusto, de los sabores, eso es algo que destaca el art\u00edculo period\u00edstico<\/em>\u201d, enfatiz\u00f3 Martorell en medios radiales.<\/p>\n\n\n\n<div style=\"height:30px\" aria-hidden=\"true\" class=\"wp-block-spacer\"><\/div>\n\n\n<div class=\"wp-block-image\">\n<figure class=\"aligncenter size-full is-resized\"><a href=\"https:\/\/enolife.com.ar\/es\/wp-content\/uploads\/2025\/02\/Imagen3-5.jpg\" data-rel=\"penci-gallery-image-content\" ><img loading=\"lazy\" decoding=\"async\" src=\"https:\/\/enolife.com.ar\/es\/wp-content\/uploads\/2025\/02\/Imagen3-5.jpg\" alt=\"\" class=\"wp-image-137564\" width=\"690\" height=\"456\" srcset=\"https:\/\/enolife.com.ar\/es\/wp-content\/uploads\/2025\/02\/Imagen3-5.jpg 867w, https:\/\/enolife.com.ar\/es\/wp-content\/uploads\/2025\/02\/Imagen3-5-300x198.jpg 300w, https:\/\/enolife.com.ar\/es\/wp-content\/uploads\/2025\/02\/Imagen3-5-768x508.jpg 768w, https:\/\/enolife.com.ar\/es\/wp-content\/uploads\/2025\/02\/Imagen3-5-780x516.jpg 780w, https:\/\/enolife.com.ar\/es\/wp-content\/uploads\/2025\/02\/Imagen3-5-585x387.jpg 585w\" sizes=\"auto, (max-width: 690px) 100vw, 690px\" \/><\/a><\/figure><\/div>\n\n\n<div style=\"height:30px\" aria-hidden=\"true\" class=\"wp-block-spacer\"><\/div>\n\n\n\n<p><em>\u201cSalta se destaca m\u00e1s por la calidad de sus vinos que por la cantidad. Son vinos boutique. Hemos tenido vinos premiados en el mundo y orgullosamente queremos mostrar todos los logros de este sector. Como Gobierno Facilitador los acompa\u00f1amos, generando espacios para que ellos mismos puedan concretar negocios. Esto es resultado del trabajo articulado entre sector p\u00fablico y privado<\/em>\u201d, explic\u00f3 el subsecretario de Comercio y Mipymes <strong>Luis Garc\u00eda Bes.<\/strong><\/p>\n\n\n\n<div style=\"height:30px\" aria-hidden=\"true\" class=\"wp-block-spacer\"><\/div>\n\n\n\n<p class=\"has-small-font-size\"><em><strong>Fuente: Gobierno de Salta (salta.gob.ar)<\/strong><\/em><\/p>\n\n\n\n<div style=\"height:30px\" aria-hidden=\"true\" class=\"wp-block-spacer\"><\/div>\n","protected":false},"excerpt":{"rendered":"<p>La participaci\u00f3n de la Provincia de Salta en la feria ProWein de D\u00fcsseldorf, Alemania, en&hellip;<\/p>\n","protected":false},"author":2,"featured_media":137566,"comment_status":"open","ping_status":"open","sticky":false,"template":"","format":"standard","meta":{"footnotes":""},"categories":[14],"tags":[],"class_list":["post-137524","post","type-post","status-publish","format-standard","has-post-thumbnail","hentry","category-news"],"_links":{"self":[{"href":"https:\/\/enolife.com.ar\/es\/wp-json\/wp\/v2\/posts\/137524","targetHints":{"allow":["GET"]}}],"collection":[{"href":"https:\/\/enolife.com.ar\/es\/wp-json\/wp\/v2\/posts"}],"about":[{"href":"https:\/\/enolife.com.ar\/es\/wp-json\/wp\/v2\/types\/post"}],"author":[{"embeddable":true,"href":"https:\/\/enolife.com.ar\/es\/wp-json\/wp\/v2\/users\/2"}],"replies":[{"embeddable":true,"href":"https:\/\/enolife.com.ar\/es\/wp-json\/wp\/v2\/comments?post=137524"}],"version-history":[{"count":0,"href":"https:\/\/enolife.com.ar\/es\/wp-json\/wp\/v2\/posts\/137524\/revisions"}],"wp:featuredmedia":[{"embeddable":true,"href":"https:\/\/enolife.com.ar\/es\/wp-json\/wp\/v2\/media\/137566"}],"wp:attachment":[{"href":"https:\/\/enolife.com.ar\/es\/wp-json\/wp\/v2\/media?parent=137524"}],"wp:term":[{"taxonomy":"category","embeddable":true,"href":"https:\/\/enolife.com.ar\/es\/wp-json\/wp\/v2\/categories?post=137524"},{"taxonomy":"post_tag","embeddable":true,"href":"https:\/\/enolife.com.ar\/es\/wp-json\/wp\/v2\/tags?post=137524"}],"curies":[{"name":"wp","href":"https:\/\/api.w.org\/{rel}","templated":true}]}}