{"id":137351,"date":"2025-02-06T15:03:54","date_gmt":"2025-02-06T15:03:54","guid":{"rendered":"https:\/\/enolife.com.ar\/es\/?p=137351"},"modified":"2025-02-07T17:19:17","modified_gmt":"2025-02-07T17:19:17","slug":"la-cava-de-arte-de-bodega-santa-julia-pone-en-escena-la-obra-del-escultor-y-docente-elio-ortiz","status":"publish","type":"post","link":"https:\/\/enolife.com.ar\/es\/la-cava-de-arte-de-bodega-santa-julia-pone-en-escena-la-obra-del-escultor-y-docente-elio-ortiz\/","title":{"rendered":"La Cava de Arte de Bodega Santa Julia pone en escena la obra del escultor y docente Elio Ortiz"},"content":{"rendered":"\n<h4 class=\"wp-block-heading\"><em><strong>Hasta el 23 de febrero de 2025, todos los d\u00edas de 9 a 17 hs. con entrada libre y gratuita, la sala de la bodega de la Familia Zuccardi ofrece la posibilidad de disfrutar las obras de una personalidad clave del \u00e1mbito art\u00edstico mendocina y nacional. El Maestro Elio Ortiz, cuyas esculturas est\u00e1n exhibidas en numerosos pa\u00edses del mundo, ha denominado a esta exposici\u00f3n \u00abGeograf\u00edas de pertenencia\u00bb.<\/strong><\/em><\/h4>\n\n\n\n<div style=\"height:35px\" aria-hidden=\"true\" class=\"wp-block-spacer\"><\/div>\n\n\n<a href=\"https:\/\/altieri.com.ar\/\" aria-label=\"ALTIERI-1700X500\"><img loading=\"lazy\" decoding=\"async\" src=\"https:\/\/enolife.com.ar\/es\/wp-content\/uploads\/2025\/02\/ALTIERI-1700X500.jpg\" alt=\"\"  srcset=\"https:\/\/enolife.com.ar\/es\/wp-content\/uploads\/2025\/02\/ALTIERI-1700X500.jpg 1700w, https:\/\/enolife.com.ar\/es\/wp-content\/uploads\/2025\/02\/ALTIERI-1700X500-300x88.jpg 300w, https:\/\/enolife.com.ar\/es\/wp-content\/uploads\/2025\/02\/ALTIERI-1700X500-1024x301.jpg 1024w, https:\/\/enolife.com.ar\/es\/wp-content\/uploads\/2025\/02\/ALTIERI-1700X500-768x226.jpg 768w, https:\/\/enolife.com.ar\/es\/wp-content\/uploads\/2025\/02\/ALTIERI-1700X500-1536x452.jpg 1536w, https:\/\/enolife.com.ar\/es\/wp-content\/uploads\/2025\/02\/ALTIERI-1700X500-1170x344.jpg 1170w, https:\/\/enolife.com.ar\/es\/wp-content\/uploads\/2025\/02\/ALTIERI-1700X500-585x172.jpg 585w\" sizes=\"auto, (max-width: 1700px) 100vw, 1700px\" width=\"1700\" height=\"500\"   \/><\/a>\n\n\n<div style=\"height:45px\" aria-hidden=\"true\" class=\"wp-block-spacer\"><\/div>\n\n\n\n<p>Se encuentra habilitada una nueva exposici\u00f3n en la <strong>Cava de Arte de Bodega Santa Julia<\/strong>, un espacio dedicado a la puesta en valor y visibilizacion del arte mendocino. Se trata de la actividad que cierra un ciclo anual y tiene como protagonista a la obra del <strong>Maestro Elio Ortiz.<\/strong> <\/p>\n\n\n\n<p>La muestra, con la curador\u00eda de la gestora cultural <strong>Pupi Ag\u00fcero<\/strong> y la direcci\u00f3n de la Sala a cargo de <strong>Julia Zuccardi<\/strong>, lleva por t\u00edtulo <strong>\u00abGeograf\u00edas de pertenencia\u00bb<\/strong> y estar\u00e1 abierta hasta el 23 de febrero. <\/p>\n\n\n\n<p>Los visitantes mendocinos y turistas que se arrimen hasta la Cava de Arte de la Bodega Santa Julia, ubicada en la <strong>Ruta Provincial 33, km 7,5, Maip\u00fa, Mendoza<\/strong>, tendr\u00e1n la oportunidad de conocer la obra de uno de los m\u00e1s destacados artistas pl\u00e1sticos de la provincia y, de paso, recorrer la bodega o comer algo en el restaurante, siempre con los buenos vinos de la casa. La sala viene desarrollando <strong>desde hace 20 a\u00f1os<\/strong> una intensa labor de difusi\u00f3n cultural en forma ininterrumpida. Est\u00e1 abierta todos los d\u00edas del a\u00f1o con entrada libre y gratuita de 9 a 17 hs.<\/p>\n\n\n\n<div style=\"height:30px\" aria-hidden=\"true\" class=\"wp-block-spacer\"><\/div>\n\n\n<div class=\"wp-block-image\">\n<figure class=\"aligncenter size-full is-resized\"><a href=\"https:\/\/enolife.com.ar\/es\/wp-content\/uploads\/2025\/02\/WhatsApp-Image-2025-02-04-at-21.54.20.jpeg\" data-rel=\"penci-gallery-image-content\" ><img loading=\"lazy\" decoding=\"async\" src=\"https:\/\/enolife.com.ar\/es\/wp-content\/uploads\/2025\/02\/WhatsApp-Image-2025-02-04-at-21.54.20.jpeg\" alt=\"\" class=\"wp-image-137385\" width=\"362\" height=\"467\" srcset=\"https:\/\/enolife.com.ar\/es\/wp-content\/uploads\/2025\/02\/WhatsApp-Image-2025-02-04-at-21.54.20.jpeg 643w, https:\/\/enolife.com.ar\/es\/wp-content\/uploads\/2025\/02\/WhatsApp-Image-2025-02-04-at-21.54.20-233x300.jpeg 233w, https:\/\/enolife.com.ar\/es\/wp-content\/uploads\/2025\/02\/WhatsApp-Image-2025-02-04-at-21.54.20-585x754.jpeg 585w\" sizes=\"auto, (max-width: 362px) 100vw, 362px\" \/><\/a><figcaption class=\"wp-element-caption\"><em><strong>Pupi Ag\u00fcero, Julia Zuccardi, Elio Ort\u00edz y Jos\u00e9 \u00abPepe\u00bb Zuccardi<\/strong><\/em><\/figcaption><\/figure><\/div>\n\n\n<div style=\"height:35px\" aria-hidden=\"true\" class=\"wp-block-spacer\"><\/div>\n\n\n\n<p class=\"has-medium-font-size\"><strong>Sobre el Maestro Elio Ortiz<\/strong><\/p>\n\n\n\n<p>Elio Ortiz naci\u00f3 en Los Palacios, provincia de <strong>La Rioja.<\/strong> En 1962 se radic\u00f3 en Mendoza, donde ha desarrollado una intensa actividad acad\u00e9mica y de gesti\u00f3n cultural. Es un creador y docente de reconocida trayectoria en el pa\u00eds y el extranjero, egresado de la <strong>Universidad Nacional de Cuyo (UNCuyo).<\/strong><\/p>\n\n\n\n<p>Su trabajo como educador e investigador ha tenido como base la <strong>Facultad de Artes y Dise\u00f1o<\/strong> de la UNCuyo, en la especialidad de <strong>Cer\u00e1mica Art\u00edstica<\/strong>. Se ha desempe\u00f1ado como director de la Escuela de Cer\u00e1mica; vicedecano y decano de la Facultad de Artes y Dise\u00f1o de la UNCuyo a partir de 1987, siendo reelegido en cuatro per\u00edodos consecutivos.<\/p>\n\n\n\n<p>En 1997 asumi\u00f3 como presidente del <strong>Instituto Provincial de Cultura de Mendoza<\/strong>, hasta 1999. Fue designado Profesor Extraordinario de la Universidad Nacional de Cuyo, en la Categor\u00eda de \u201cProfesor Em\u00e9rito\u201d (Resoluci\u00f3n 351) en el a\u00f1o 2019.<\/p>\n\n\n\n<div style=\"height:30px\" aria-hidden=\"true\" class=\"wp-block-spacer\"><\/div>\n\n\n\n<figure class=\"wp-block-gallery has-nested-images columns-default is-cropped wp-block-gallery-1 is-layout-flex wp-block-gallery-is-layout-flex\">\n<figure class=\"wp-block-image size-full\"><a href=\"https:\/\/enolife.com.ar\/es\/wp-content\/uploads\/2025\/02\/WhatsApp-Image-2025-02-04-at-21.54.18-1.jpeg\" data-rel=\"penci-gallery-image-content\" ><img loading=\"lazy\" decoding=\"async\" width=\"400\" height=\"494\" data-id=\"137388\" src=\"https:\/\/enolife.com.ar\/es\/wp-content\/uploads\/2025\/02\/WhatsApp-Image-2025-02-04-at-21.54.18-1.jpeg\" alt=\"\" class=\"wp-image-137388\" srcset=\"https:\/\/enolife.com.ar\/es\/wp-content\/uploads\/2025\/02\/WhatsApp-Image-2025-02-04-at-21.54.18-1.jpeg 400w, https:\/\/enolife.com.ar\/es\/wp-content\/uploads\/2025\/02\/WhatsApp-Image-2025-02-04-at-21.54.18-1-243x300.jpeg 243w\" sizes=\"auto, (max-width: 400px) 100vw, 400px\" \/><\/a><\/figure>\n\n\n\n<figure class=\"wp-block-image size-full\"><a href=\"https:\/\/enolife.com.ar\/es\/wp-content\/uploads\/2025\/02\/WhatsApp-Image-2025-02-04-at-21.54.20-1.jpeg\" data-rel=\"penci-gallery-image-content\" ><img loading=\"lazy\" decoding=\"async\" width=\"400\" height=\"566\" data-id=\"137389\" src=\"https:\/\/enolife.com.ar\/es\/wp-content\/uploads\/2025\/02\/WhatsApp-Image-2025-02-04-at-21.54.20-1.jpeg\" alt=\"\" class=\"wp-image-137389\" srcset=\"https:\/\/enolife.com.ar\/es\/wp-content\/uploads\/2025\/02\/WhatsApp-Image-2025-02-04-at-21.54.20-1.jpeg 400w, https:\/\/enolife.com.ar\/es\/wp-content\/uploads\/2025\/02\/WhatsApp-Image-2025-02-04-at-21.54.20-1-212x300.jpeg 212w\" sizes=\"auto, (max-width: 400px) 100vw, 400px\" \/><\/a><\/figure>\n<\/figure>\n\n\n\n<div style=\"height:30px\" aria-hidden=\"true\" class=\"wp-block-spacer\"><\/div>\n\n\n\n<p>Su obra escult\u00f3rica se encuentra emplazada en paseos p\u00fablicos de las ciudades de Mendoza y La Rioja, y en museos provinciales y nacionales de <strong>Mendoza, La Rioja, Ciudad de Buenos Aires, Pinamar, Bariloche<\/strong>, y en el exterior en salas de <strong>M\u00e9xico<\/strong> (Morelia) y <strong>China<\/strong> (Xian).<\/p>\n\n\n\n<p>La colecci\u00f3n privada m\u00e1s importante de sus obras se encuentra en <strong>Chile<\/strong>, y tambi\u00e9n tiene trabajos distribuidos en E<strong>stados Unidos, Francia, Espa\u00f1a, Cuba, Italia, Holanda, Uruguay<\/strong>, y en las Embajadas de <strong>Corea del Sur<\/strong> y <strong>China<\/strong> en Argentina.<\/p>\n\n\n\n<p>Fue invitado a China junto a otros artistas de Latinoam\u00e9rica para realizar obras escult\u00f3ricas durante 45 d\u00edas y dejar inaugurado el <strong>Museo Argentino y Latinoamericano en Fuping, Xian<\/strong>, en 2008.<\/p>\n\n\n\n<p>Ha realizado m\u00e1s de 250 exposiciones colectivas y 23 exposiciones individuales en el pa\u00eds y en el extranjero.<\/p>\n\n\n\n<div style=\"height:30px\" aria-hidden=\"true\" class=\"wp-block-spacer\"><\/div>\n\n\n<div class=\"wp-block-image\">\n<figure class=\"aligncenter size-full is-resized\"><a href=\"https:\/\/enolife.com.ar\/es\/wp-content\/uploads\/2025\/02\/WhatsApp-Image-2025-02-04-at-21.54.18.jpeg\" data-rel=\"penci-gallery-image-content\" ><img loading=\"lazy\" decoding=\"async\" src=\"https:\/\/enolife.com.ar\/es\/wp-content\/uploads\/2025\/02\/WhatsApp-Image-2025-02-04-at-21.54.18.jpeg\" alt=\"\" class=\"wp-image-137391\" width=\"621\" height=\"385\" srcset=\"https:\/\/enolife.com.ar\/es\/wp-content\/uploads\/2025\/02\/WhatsApp-Image-2025-02-04-at-21.54.18.jpeg 647w, https:\/\/enolife.com.ar\/es\/wp-content\/uploads\/2025\/02\/WhatsApp-Image-2025-02-04-at-21.54.18-300x186.jpeg 300w, https:\/\/enolife.com.ar\/es\/wp-content\/uploads\/2025\/02\/WhatsApp-Image-2025-02-04-at-21.54.18-585x363.jpeg 585w\" sizes=\"auto, (max-width: 621px) 100vw, 621px\" \/><\/a><figcaption class=\"wp-element-caption\"><em><strong>Elio Ortiz junto a Julia Zuccardi<\/strong><\/em><\/figcaption><\/figure><\/div>\n\n\n<div style=\"height:30px\" aria-hidden=\"true\" class=\"wp-block-spacer\"><\/div>\n\n\n\n<p>En 1991 recibi\u00f3 el m\u00e1ximo reconocimiento que puede tener un artista en el pa\u00eds, el <strong>\u201cPremio Presidente de la Naci\u00f3n\u201d<\/strong>, y el Gran Premio de Honor en el Sal\u00f3n Nacional de Arte Cer\u00e1mico. En 1999, la Secretar\u00eda de Cultura de la Naci\u00f3n lo declar\u00f3 como \u00abArtista Homenajeado\u00bb, exhibiendo sus obras en la inauguraci\u00f3n del XIV Sal\u00f3n Nacional de Arte Cer\u00e1mico realizado en el <strong>Museo Emiliano Gui\u00f1az\u00fa \u201cCasa de Fader\u201d<\/strong> de Mendoza<\/p>\n\n\n\n<p>Actualmente ha iniciado un proyecto art\u00edstico cultural en su casa natal, con la construcci\u00f3n de un Museo de su Obra y un Patio de Esculturas contempor\u00e1neas, cuyo dise\u00f1o proyectual y arquitect\u00f3nico est\u00e1 a cargo del arquitecto <strong>Luis Alfredo Orecchia.<\/strong> Se trata de una construcci\u00f3n realizada en adobe, en la calle que lleva su nombre. En 2023 present\u00f3 su libro <strong>\u201cEl arte como un altavoz\u201d<\/strong>, con textos de la periodista especializada en arte <strong>Pilar Altilio<\/strong>, colaboradora de la revista cultural \u00d1.<\/p>\n\n\n\n<div style=\"height:37px\" aria-hidden=\"true\" class=\"wp-block-spacer\"><\/div>\n","protected":false},"excerpt":{"rendered":"<p>Hasta el 23 de febrero de 2025, todos los d\u00edas de 9 a 17 hs.&hellip;<\/p>\n","protected":false},"author":2,"featured_media":137394,"comment_status":"open","ping_status":"open","sticky":false,"template":"","format":"standard","meta":{"footnotes":""},"categories":[47],"tags":[],"class_list":["post-137351","post","type-post","status-publish","format-standard","has-post-thumbnail","hentry","category-agenda"],"_links":{"self":[{"href":"https:\/\/enolife.com.ar\/es\/wp-json\/wp\/v2\/posts\/137351","targetHints":{"allow":["GET"]}}],"collection":[{"href":"https:\/\/enolife.com.ar\/es\/wp-json\/wp\/v2\/posts"}],"about":[{"href":"https:\/\/enolife.com.ar\/es\/wp-json\/wp\/v2\/types\/post"}],"author":[{"embeddable":true,"href":"https:\/\/enolife.com.ar\/es\/wp-json\/wp\/v2\/users\/2"}],"replies":[{"embeddable":true,"href":"https:\/\/enolife.com.ar\/es\/wp-json\/wp\/v2\/comments?post=137351"}],"version-history":[{"count":0,"href":"https:\/\/enolife.com.ar\/es\/wp-json\/wp\/v2\/posts\/137351\/revisions"}],"wp:featuredmedia":[{"embeddable":true,"href":"https:\/\/enolife.com.ar\/es\/wp-json\/wp\/v2\/media\/137394"}],"wp:attachment":[{"href":"https:\/\/enolife.com.ar\/es\/wp-json\/wp\/v2\/media?parent=137351"}],"wp:term":[{"taxonomy":"category","embeddable":true,"href":"https:\/\/enolife.com.ar\/es\/wp-json\/wp\/v2\/categories?post=137351"},{"taxonomy":"post_tag","embeddable":true,"href":"https:\/\/enolife.com.ar\/es\/wp-json\/wp\/v2\/tags?post=137351"}],"curies":[{"name":"wp","href":"https:\/\/api.w.org\/{rel}","templated":true}]}}