{"id":137325,"date":"2025-02-06T13:25:24","date_gmt":"2025-02-06T13:25:24","guid":{"rendered":"https:\/\/enolife.com.ar\/es\/?p=137325"},"modified":"2025-02-08T00:56:58","modified_gmt":"2025-02-08T00:56:58","slug":"soledad-y-jorge-rojas-seran-las-estrellas-de-la-2da-noche-de-vendimia-en-el-anfiteatro-de-los-cerros","status":"publish","type":"post","link":"https:\/\/enolife.com.ar\/es\/soledad-y-jorge-rojas-seran-las-estrellas-de-la-2da-noche-de-vendimia-en-el-anfiteatro-de-los-cerros\/","title":{"rendered":"Soledad y Jorge Rojas ser\u00e1n las estrellas de la 2da noche de Vendimia en el Anfiteatro de los cerros"},"content":{"rendered":"\n<h4 class=\"wp-block-heading\"><em><strong>Dos grandes de la canci\u00f3n popular argentina actuar\u00e1n en el teatro griego Frank Romero Day tras la repetici\u00f3n de la Fiesta m\u00e1xima de los mendocinos, el domingo 9 de marzo de 2025. Los tickets para esa segunda noche de fiesta cuestan entre $8.000 y $20.000 seg\u00fan la ubicaci\u00f3n. El lunes, en la tercera noche, estar\u00e1n en el escenario las bandas Ke Personajes, Q&#8217;Lokura y el artista local Gabi Nieto<\/strong><\/em><strong><em>.<\/em><\/strong><\/h4>\n\n\n\n<div style=\"height:35px\" aria-hidden=\"true\" class=\"wp-block-spacer\"><\/div>\n\n\n<a href=\"https:\/\/www.dellatoffola.com.ar\/es\/home\" aria-label=\"Banner Filtro Omnia_1700x500\"><img loading=\"lazy\" decoding=\"async\" src=\"https:\/\/enolife.com.ar\/es\/wp-content\/uploads\/2023\/10\/Banner-Filtro-Omnia_1700x500.png\" alt=\"\"  srcset=\"https:\/\/enolife.com.ar\/es\/wp-content\/uploads\/2023\/10\/Banner-Filtro-Omnia_1700x500.png 1699w, https:\/\/enolife.com.ar\/es\/wp-content\/uploads\/2023\/10\/Banner-Filtro-Omnia_1700x500-300x88.png 300w, https:\/\/enolife.com.ar\/es\/wp-content\/uploads\/2023\/10\/Banner-Filtro-Omnia_1700x500-1024x301.png 1024w, https:\/\/enolife.com.ar\/es\/wp-content\/uploads\/2023\/10\/Banner-Filtro-Omnia_1700x500-768x226.png 768w, https:\/\/enolife.com.ar\/es\/wp-content\/uploads\/2023\/10\/Banner-Filtro-Omnia_1700x500-1536x452.png 1536w, https:\/\/enolife.com.ar\/es\/wp-content\/uploads\/2023\/10\/Banner-Filtro-Omnia_1700x500-1170x344.png 1170w, https:\/\/enolife.com.ar\/es\/wp-content\/uploads\/2023\/10\/Banner-Filtro-Omnia_1700x500-585x172.png 585w\" sizes=\"auto, (max-width: 1699px) 100vw, 1699px\" width=\"1699\" height=\"500\"   \/><\/a>\n\n\n<div style=\"height:45px\" aria-hidden=\"true\" class=\"wp-block-spacer\"><\/div>\n\n\n\n<p><strong>Jorge Rojas<\/strong> y <strong>Soledad<\/strong> ser\u00e1n los encargados de cerrar la segunda noche de celebraci\u00f3n en el Frank Romero Day. <strong>Ke Personajes<\/strong>,<strong> Q\u2019 Lokura<\/strong> y el artista mendocino <strong>Gabi Nieto<\/strong> estar\u00e1n el lunes.<\/p>\n\n\n\n<p>De a poco se van develando las sorpresas que habr\u00e1 en el Acto Central de la Fiesta Nacional de la Vendimia 2025, titulado&nbsp;<em>\u00abGuardiana del vino eterno\u00bb,<\/em>&nbsp;que se presentar\u00e1 el 8 de marzo y tendr\u00e1 su segunda noche el domingo 9 de marzo.<\/p>\n\n\n\n<p>El subsecretario de Cultura, <strong>Diego Gareca<\/strong>, anunci\u00f3 en el mismo Teatro Griego Frank Romero Day qui\u00e9nes ser\u00e1n los artistas nacionales que se subir\u00e1n a ese escenario: <em>\u201cJorge Rojas y Soledad Pastorutti ser\u00e1n los artistas nacionales que se presentar\u00e1n en la noche del domingo en el teatro griego. Ambos tienen un ganado prestigio dentro de la m\u00fasica popular y ofrecer\u00e1n lo mejor de sus repertorios para todos los mendocinos\u201d<\/em>.<\/p>\n\n\n\n<p>En tanto, el lunes se presentar\u00e1n Gabi Nieto, Ke Personajes y Q\u2019 Lokura, en un espect\u00e1culo estrictamente musical que utilizar\u00e1 el gran escenario montado para la Vendimia.<\/p>\n\n\n\n<div style=\"height:30px\" aria-hidden=\"true\" class=\"wp-block-spacer\"><\/div>\n\n\n\n<figure class=\"wp-block-gallery has-nested-images columns-default is-cropped wp-block-gallery-1 is-layout-flex wp-block-gallery-is-layout-flex\">\n<figure class=\"wp-block-image size-full\"><a href=\"https:\/\/enolife.com.ar\/es\/wp-content\/uploads\/2025\/02\/Ke-Personajes.jpeg\" data-rel=\"penci-gallery-image-content\" ><img loading=\"lazy\" decoding=\"async\" width=\"551\" height=\"400\" data-id=\"137330\" src=\"https:\/\/enolife.com.ar\/es\/wp-content\/uploads\/2025\/02\/Ke-Personajes.jpeg\" alt=\"\" class=\"wp-image-137330\" srcset=\"https:\/\/enolife.com.ar\/es\/wp-content\/uploads\/2025\/02\/Ke-Personajes.jpeg 551w, https:\/\/enolife.com.ar\/es\/wp-content\/uploads\/2025\/02\/Ke-Personajes-300x218.jpeg 300w\" sizes=\"auto, (max-width: 551px) 100vw, 551px\" \/><\/a><figcaption class=\"wp-element-caption\"><strong><em>Ke Personajes<\/em><\/strong><\/figcaption><\/figure>\n\n\n\n<figure class=\"wp-block-image size-full\"><a href=\"https:\/\/enolife.com.ar\/es\/wp-content\/uploads\/2025\/02\/QLocura.jpeg\" data-rel=\"penci-gallery-image-content\" ><img loading=\"lazy\" decoding=\"async\" width=\"636\" height=\"500\" data-id=\"137331\" src=\"https:\/\/enolife.com.ar\/es\/wp-content\/uploads\/2025\/02\/QLocura.jpeg\" alt=\"\" class=\"wp-image-137331\" srcset=\"https:\/\/enolife.com.ar\/es\/wp-content\/uploads\/2025\/02\/QLocura.jpeg 636w, https:\/\/enolife.com.ar\/es\/wp-content\/uploads\/2025\/02\/QLocura-300x236.jpeg 300w, https:\/\/enolife.com.ar\/es\/wp-content\/uploads\/2025\/02\/QLocura-585x460.jpeg 585w\" sizes=\"auto, (max-width: 636px) 100vw, 636px\" \/><\/a><figcaption class=\"wp-element-caption\"><strong><em>QLocura<\/em><\/strong><\/figcaption><\/figure>\n<\/figure>\n\n\n\n<div style=\"height:35px\" aria-hidden=\"true\" class=\"wp-block-spacer\"><\/div>\n\n\n\n<p class=\"has-medium-font-size\"><strong>Artistas mendocinos<\/strong><\/p>\n\n\n\n<p>Tambi\u00e9n se dieron a conocer los artistas de Mendoza que subir\u00e1n el escenario del Teatro Griego Frank Romero Day. El s\u00e1bado ser\u00e1 el turno de Ballet Chacaymanta, D\u00fao Nuevo Cuyo, Mariana Lara, y los campeones y subcampeones nacionales de ritmos latinos.<\/p>\n\n\n\n<p>En tanto, el domingo ser\u00e1 el turno para Markama, Yasm\u00edn Gonz\u00e1lez y El Milongazo, con Enzo De Lucca, Walter Anselmi, Mario Galv\u00e1n, C\u00e9sar Constanza y Marcelo Narv\u00e1ez.<\/p>\n\n\n\n<div style=\"height:35px\" aria-hidden=\"true\" class=\"wp-block-spacer\"><\/div>\n\n\n\n<p class=\"has-medium-font-size\"><strong>Entradas<\/strong><\/p>\n\n\n\n<p class=\"has-background\" style=\"background-color:#abb7c263\"><strong>Las entradas estar\u00e1n a la venta desde este jueves 6 de febrero a las 18, en&nbsp;<a rel=\"noreferrer noopener\" href=\"http:\/\/www.entradaweb.com.ar\/\" target=\"_blank\">www.entradaweb.com.ar<\/a><\/strong><\/p>\n\n\n\n<p><strong>Venta de entradas para p\u00fablico mendocino<\/strong>: Cabe recordar que el p\u00fablico mendocino podr\u00e1 adquirir sus tickets entre el mi\u00e9rcoles 12 de febrero y el jueves 6 de marzo.<\/p>\n\n\n\n<p><strong>Los valores del Acto Central ser\u00e1n:<\/strong>&nbsp;sector Malbec, $30.000; Cabernet Sauvignon, $20.000; Chardonnay $15.000; Tempranillo 2, 3 y 4, $25.000; Tempranillo 1 y 5, $20.000 y para el sector Bonarda $10.000.<\/p>\n\n\n\n<p><strong>Los valores para la Repetici\u00f3n ser\u00e1n:<\/strong>&nbsp;para el sector Malbec, $20.000; Cabernet Sauvignon, $15.000; Chardonnay $10.000; Tempranillo 2, 3 y 4, $20.000; Tempranillo 1 y 5, $15.000, y para el sector Bonarda, $8.000.<\/p>\n\n\n\n<p><strong>Canje de entradas<\/strong>: Una vez adquiridas las entradas a trav\u00e9s de la plataforma digital, se deber\u00e1 realizar el canje por la entrada f\u00edsica, desde el lunes 3 al domingo 9 de marzo.<\/p>\n\n\n\n<div style=\"height:28px\" aria-hidden=\"true\" class=\"wp-block-spacer\"><\/div>\n","protected":false},"excerpt":{"rendered":"<p>Dos grandes de la canci\u00f3n popular argentina actuar\u00e1n en el teatro griego Frank Romero Day&hellip;<\/p>\n","protected":false},"author":2,"featured_media":137329,"comment_status":"open","ping_status":"open","sticky":false,"template":"","format":"standard","meta":{"footnotes":""},"categories":[14],"tags":[],"class_list":["post-137325","post","type-post","status-publish","format-standard","has-post-thumbnail","hentry","category-news"],"_links":{"self":[{"href":"https:\/\/enolife.com.ar\/es\/wp-json\/wp\/v2\/posts\/137325","targetHints":{"allow":["GET"]}}],"collection":[{"href":"https:\/\/enolife.com.ar\/es\/wp-json\/wp\/v2\/posts"}],"about":[{"href":"https:\/\/enolife.com.ar\/es\/wp-json\/wp\/v2\/types\/post"}],"author":[{"embeddable":true,"href":"https:\/\/enolife.com.ar\/es\/wp-json\/wp\/v2\/users\/2"}],"replies":[{"embeddable":true,"href":"https:\/\/enolife.com.ar\/es\/wp-json\/wp\/v2\/comments?post=137325"}],"version-history":[{"count":0,"href":"https:\/\/enolife.com.ar\/es\/wp-json\/wp\/v2\/posts\/137325\/revisions"}],"wp:featuredmedia":[{"embeddable":true,"href":"https:\/\/enolife.com.ar\/es\/wp-json\/wp\/v2\/media\/137329"}],"wp:attachment":[{"href":"https:\/\/enolife.com.ar\/es\/wp-json\/wp\/v2\/media?parent=137325"}],"wp:term":[{"taxonomy":"category","embeddable":true,"href":"https:\/\/enolife.com.ar\/es\/wp-json\/wp\/v2\/categories?post=137325"},{"taxonomy":"post_tag","embeddable":true,"href":"https:\/\/enolife.com.ar\/es\/wp-json\/wp\/v2\/tags?post=137325"}],"curies":[{"name":"wp","href":"https:\/\/api.w.org\/{rel}","templated":true}]}}