{"id":13731,"date":"2020-06-10T02:24:05","date_gmt":"2020-06-10T02:24:05","guid":{"rendered":"http:\/\/enolife.com.ar\/es\/?p=13731"},"modified":"2020-06-10T02:24:06","modified_gmt":"2020-06-10T02:24:06","slug":"en-busca-de-implantar-mas-vinedos-sigue-el-programa-de-capacitacion-viticola-de-la-pampa","status":"publish","type":"post","link":"https:\/\/enolife.com.ar\/es\/en-busca-de-implantar-mas-vinedos-sigue-el-programa-de-capacitacion-viticola-de-la-pampa\/","title":{"rendered":"En busca de implantar m\u00e1s vi\u00f1edos, sigue el programa de capacitaci\u00f3n vit\u00edcola de La Pampa"},"content":{"rendered":"\n<h4 class=\"wp-block-heading\"><em><strong>El ciclo educativo sobre viticultura coordinado por la Facultad de Agronom\u00eda de la Universidad Nacional de La Pampa y dictado por el ingeniero agr\u00f3nomo y en\u00f3logo mendocino Enzo Mugnani, contin\u00faa con el tema \u00abDise\u00f1o y plantaci\u00f3n de vi\u00f1edos\u00bb.<\/strong><\/em> <em><strong>Con 335 hect\u00e1reas de vi\u00f1edos y una producci\u00f3n en la \u00faltima cosecha de unos 2 millones de kilos de uva, de los cuales la mitad se elabor\u00f3 en la provincia, La Pampa tiene una actividad vitivin\u00edcola incipiente pero prometedora, comparada con los 1.450 millones de kilos de uva que cosech\u00f3 Mendoza este a\u00f1o, o los 322.000 de Buenos Aires.<\/strong><\/em> <\/h4>\n\n\n\n<div style=\"height:20px\" aria-hidden=\"true\" class=\"wp-block-spacer\"><\/div>\n\n\n\n<p>Ya hemos abordado desde Enolife estas capacitaciones de La Pampa y su intenci\u00f3n de posicionar sus regiones vit\u00edcolas. <\/p>\n\n\n\n<div style=\"height:20px\" aria-hidden=\"true\" class=\"wp-block-spacer\"><\/div>\n\n\n\n<p class=\"has-background has-luminous-vivid-amber-background-color\"><strong>Para ver la nota anterior al respecto clike\u00e1: <a href=\"https:\/\/enolife.com.ar\/es\/la-pampa-impulsa-la-vitivinicultura-con-capacitaciones-online-para-enologos-y-agronomos\/\">La Pampa impulsa la vitivinicultura con capacitaciones online para en\u00f3logos y agr\u00f3nomos<\/a><\/strong><\/p>\n\n\n\n<div style=\"height:20px\" aria-hidden=\"true\" class=\"wp-block-spacer\"><\/div>\n\n\n\n<p>Despu\u00e9s de la capacitaci\u00f3n sobre \u00abPoda de la vid\u00bb en el mes de mayo, se viene la segunda fecha bajo el t\u00edtulo \u00abDise\u00f1o y plantaci\u00f3n de vi\u00f1edos\u00bb, cuyos ejes tem\u00e1ticos ser\u00e1n:<\/p>\n\n\n\n<ul class=\"wp-block-list\"><li>Elecci\u00f3n del sitio<\/li><li>Factores a tener en cuenta <\/li><li>Materiales necesarios<\/li><li>Armado del sistema de conducci\u00f3n y del riego<\/li><li>Plantaci\u00f3n<\/li><\/ul>\n\n\n\n<p class=\"has-background has-very-light-gray-background-color\"> &#8211; <strong>La cita es para el viernes 12 de junio de 2020 a las 16 hs por Zoom<\/strong>.<br>&#8211; <strong>La participaci\u00f3n es gratuita<\/strong>.<br>&#8211; <strong>Para informaci\u00f3n sobre inscripciones y horarios, enviar un whatsapp al +54 9 2954 569037 de Luciana Girotti (vicepresidenta del Ente Provincial R\u00edo Colorado, sede Casa de Piedra).<\/strong><\/p>\n\n\n\n<hr class=\"wp-block-separator\"\/>\n\n\n\n<div style=\"height:20px\" aria-hidden=\"true\" class=\"wp-block-spacer\"><\/div>\n\n\n\n<p><strong>Las pr\u00f3ximas fechas del ciclo son:<\/strong><\/p>\n\n\n\n<div style=\"height:20px\" aria-hidden=\"true\" class=\"wp-block-spacer\"><\/div>\n\n\n\n<ul class=\"wp-block-list\"><li><strong>Fenolog\u00eda de la vid + aspectos sanitarios<\/strong>: Fenolog\u00eda aplicada. Descripci\u00f3n de plagas y enfermedades de la vid. En el mes de agosto<\/li><li><strong>Manejo del vi\u00f1edo:&nbsp;<\/strong>Descripci\u00f3n de tareas, tareas manuales y tareas mec\u00e1nicas. Pautas organizativas, recursos necesarios, costos, etc. Respuesta fisiol\u00f3gica de la planta. En el mes de septiembre.<\/li><li><strong>Cosecha y t\u00e9cnicas de vinificaci\u00f3n:&nbsp;<\/strong>Conceptos de cosecha manual, cosecha mec\u00e1nica. T\u00e9cnica b\u00e1sicas de elaboraci\u00f3n de vinos. En el mes de Octubre<\/li><\/ul>\n\n\n\n<div class=\"wp-block-image\"><figure class=\"aligncenter size-large is-resized\"><img loading=\"lazy\" decoding=\"async\" src=\"https:\/\/enolife.com.ar\/es\/wp-content\/uploads\/2020\/06\/image.png\" alt=\"\" class=\"wp-image-13732\" width=\"476\" height=\"284\" srcset=\"https:\/\/enolife.com.ar\/es\/wp-content\/uploads\/2020\/06\/image.png 699w, https:\/\/enolife.com.ar\/es\/wp-content\/uploads\/2020\/06\/image-300x179.png 300w, https:\/\/enolife.com.ar\/es\/wp-content\/uploads\/2020\/06\/image-585x349.png 585w\" sizes=\"auto, (max-width: 476px) 100vw, 476px\" \/><\/figure><\/div>\n","protected":false},"excerpt":{"rendered":"<p>El ciclo educativo sobre viticultura coordinado por la Facultad de Agronom\u00eda de la Universidad Nacional&hellip;<\/p>\n","protected":false},"author":3,"featured_media":13738,"comment_status":"open","ping_status":"open","sticky":false,"template":"","format":"standard","meta":{"footnotes":""},"categories":[47],"tags":[],"class_list":["post-13731","post","type-post","status-publish","format-standard","has-post-thumbnail","hentry","category-agenda"],"_links":{"self":[{"href":"https:\/\/enolife.com.ar\/es\/wp-json\/wp\/v2\/posts\/13731","targetHints":{"allow":["GET"]}}],"collection":[{"href":"https:\/\/enolife.com.ar\/es\/wp-json\/wp\/v2\/posts"}],"about":[{"href":"https:\/\/enolife.com.ar\/es\/wp-json\/wp\/v2\/types\/post"}],"author":[{"embeddable":true,"href":"https:\/\/enolife.com.ar\/es\/wp-json\/wp\/v2\/users\/3"}],"replies":[{"embeddable":true,"href":"https:\/\/enolife.com.ar\/es\/wp-json\/wp\/v2\/comments?post=13731"}],"version-history":[{"count":0,"href":"https:\/\/enolife.com.ar\/es\/wp-json\/wp\/v2\/posts\/13731\/revisions"}],"wp:featuredmedia":[{"embeddable":true,"href":"https:\/\/enolife.com.ar\/es\/wp-json\/wp\/v2\/media\/13738"}],"wp:attachment":[{"href":"https:\/\/enolife.com.ar\/es\/wp-json\/wp\/v2\/media?parent=13731"}],"wp:term":[{"taxonomy":"category","embeddable":true,"href":"https:\/\/enolife.com.ar\/es\/wp-json\/wp\/v2\/categories?post=13731"},{"taxonomy":"post_tag","embeddable":true,"href":"https:\/\/enolife.com.ar\/es\/wp-json\/wp\/v2\/tags?post=13731"}],"curies":[{"name":"wp","href":"https:\/\/api.w.org\/{rel}","templated":true}]}}