{"id":137198,"date":"2025-02-08T15:09:19","date_gmt":"2025-02-08T15:09:19","guid":{"rendered":"https:\/\/enolife.com.ar\/es\/?p=137198"},"modified":"2025-02-09T15:36:17","modified_gmt":"2025-02-09T15:36:17","slug":"mendoza-privados-y-wofa-impulsan-una-mayor-presencia-de-pymes-vitivinicolas-en-el-mundo","status":"publish","type":"post","link":"https:\/\/enolife.com.ar\/es\/mendoza-privados-y-wofa-impulsan-una-mayor-presencia-de-pymes-vitivinicolas-en-el-mundo\/","title":{"rendered":"Mendoza, privados y Wofa impulsan una mayor presencia de pymes vitivin\u00edcolas en el mundo"},"content":{"rendered":"\n<h4 class=\"wp-block-heading\"><em><strong>A principios de febrero de 2025, representantes de la Agencia Argentina de Inversiones y Comercio Internacional y de Wines of Argentina (WofA), firmaron un convenio para impulsar que m\u00e1s bodegas mendocinas participen en eventos internacionales bajo el paraguas de \u00abMarca Argentina\u00bb. El gobierno local, encabezado por Alfredo Cornejo, apoya fuertemente con distintas acciones esta iniciativa.<\/strong><\/em><\/h4>\n\n\n\n<div style=\"height:35px\" aria-hidden=\"true\" class=\"wp-block-spacer\"><\/div>\n\n\n<a href=\"https:\/\/altieri.com.ar\/\" aria-label=\"ALTIERI-1700X500\"><img loading=\"lazy\" decoding=\"async\" src=\"https:\/\/enolife.com.ar\/es\/wp-content\/uploads\/2025\/02\/ALTIERI-1700X500.jpg\" alt=\"\"  srcset=\"https:\/\/enolife.com.ar\/es\/wp-content\/uploads\/2025\/02\/ALTIERI-1700X500.jpg 1700w, https:\/\/enolife.com.ar\/es\/wp-content\/uploads\/2025\/02\/ALTIERI-1700X500-300x88.jpg 300w, https:\/\/enolife.com.ar\/es\/wp-content\/uploads\/2025\/02\/ALTIERI-1700X500-1024x301.jpg 1024w, https:\/\/enolife.com.ar\/es\/wp-content\/uploads\/2025\/02\/ALTIERI-1700X500-768x226.jpg 768w, https:\/\/enolife.com.ar\/es\/wp-content\/uploads\/2025\/02\/ALTIERI-1700X500-1536x452.jpg 1536w, https:\/\/enolife.com.ar\/es\/wp-content\/uploads\/2025\/02\/ALTIERI-1700X500-1170x344.jpg 1170w, https:\/\/enolife.com.ar\/es\/wp-content\/uploads\/2025\/02\/ALTIERI-1700X500-585x172.jpg 585w\" sizes=\"auto, (max-width: 1700px) 100vw, 1700px\" width=\"1700\" height=\"500\"   \/><\/a>\n\n\n<div style=\"height:45px\" aria-hidden=\"true\" class=\"wp-block-spacer\"><\/div>\n\n\n\n<p>El gobernador de <strong>Mendoza<\/strong>, <strong>Alfredo Cornej<\/strong>o, recibi\u00f3 en los primeros d\u00edas de febrero de 2025 a <strong>Diego Sucalesca<\/strong>, presidente ejecutivo de la <strong>Agencia Argentina de Inversiones y Comercio Internacional (Aaici)<\/strong> y lo acompa\u00f1\u00f3 en la r\u00fabrica de un convenio con <strong>Wines of Argentina (WofA)<\/strong>, que busca posibilitar que las empresas vitivin\u00edcolas participen nuevamente en eventos internacionales bajo la <strong>\u201cMarca Argentina\u201d <\/strong>que impulsa esa entidad.<\/p>\n\n\n\n<p>Durante el acto que se desarroll\u00f3 en <strong>La Enoteca<\/strong> -centro tem\u00e1tico del vino de la Ciudad de Mendoza-, con la presencia del presidente del directorio de WofA, <strong>Alejandro Vigil <\/strong>y la titular de ProMendoza, <strong>Patricia Gim\u00e9nez<\/strong>, se dialog\u00f3 sobre los productos mendocinos, principalmente el vino y el cobre, y sobre la agenda 2025, enfocada en ferias internacionales que promuevan las exportaciones y las inversiones en Argentina y al mismo tiempo acompa\u00f1en a las pymes en su expansi\u00f3n global.<\/p>\n\n\n\n<div style=\"height:30px\" aria-hidden=\"true\" class=\"wp-block-spacer\"><\/div>\n\n\n<div class=\"wp-block-image\">\n<figure class=\"aligncenter size-full is-resized\"><a href=\"https:\/\/enolife.com.ar\/es\/wp-content\/uploads\/2025\/02\/1DSC_8318.jpg\" data-rel=\"penci-gallery-image-content\" ><img loading=\"lazy\" decoding=\"async\" src=\"https:\/\/enolife.com.ar\/es\/wp-content\/uploads\/2025\/02\/1DSC_8318.jpg\" alt=\"\" class=\"wp-image-137202\" width=\"577\" height=\"363\" srcset=\"https:\/\/enolife.com.ar\/es\/wp-content\/uploads\/2025\/02\/1DSC_8318.jpg 794w, https:\/\/enolife.com.ar\/es\/wp-content\/uploads\/2025\/02\/1DSC_8318-300x189.jpg 300w, https:\/\/enolife.com.ar\/es\/wp-content\/uploads\/2025\/02\/1DSC_8318-768x484.jpg 768w, https:\/\/enolife.com.ar\/es\/wp-content\/uploads\/2025\/02\/1DSC_8318-585x368.jpg 585w\" sizes=\"auto, (max-width: 577px) 100vw, 577px\" \/><\/a><figcaption class=\"wp-element-caption\"><em><strong>Diego Sucalesca y Alejandro Vigil.<\/strong><\/em><\/figcaption><\/figure><\/div>\n\n\n<div style=\"height:30px\" aria-hidden=\"true\" class=\"wp-block-spacer\"><\/div>\n\n\n\n<p>La Agencia Argentina de Inversiones y Comercio Internacional promueve las exportaciones y las inversiones del pa\u00eds, asistiendo a las pymes en su salida al mundo y facilitando proyectos de inversi\u00f3n productiva a lo largo del territorio nacional.<\/p>\n\n\n\n<p>Al compartir similares objetivos, la agencia nacional y la <strong>Fundaci\u00f3n ProMendoza<\/strong> desarrollan desde hace tiempo en una agenda de trabajo com\u00fan, que incluye la participaci\u00f3n de empresas mendocinas en ferias internacionales y otros eventos que sirven a la promoci\u00f3n de los productos y servicios locales.<\/p>\n\n\n\n<div style=\"height:30px\" aria-hidden=\"true\" class=\"wp-block-spacer\"><\/div>\n","protected":false},"excerpt":{"rendered":"<p>A principios de febrero de 2025, representantes de la Agencia Argentina de Inversiones y Comercio&hellip;<\/p>\n","protected":false},"author":2,"featured_media":137200,"comment_status":"open","ping_status":"open","sticky":false,"template":"","format":"standard","meta":{"footnotes":""},"categories":[14],"tags":[],"class_list":["post-137198","post","type-post","status-publish","format-standard","has-post-thumbnail","hentry","category-news"],"_links":{"self":[{"href":"https:\/\/enolife.com.ar\/es\/wp-json\/wp\/v2\/posts\/137198","targetHints":{"allow":["GET"]}}],"collection":[{"href":"https:\/\/enolife.com.ar\/es\/wp-json\/wp\/v2\/posts"}],"about":[{"href":"https:\/\/enolife.com.ar\/es\/wp-json\/wp\/v2\/types\/post"}],"author":[{"embeddable":true,"href":"https:\/\/enolife.com.ar\/es\/wp-json\/wp\/v2\/users\/2"}],"replies":[{"embeddable":true,"href":"https:\/\/enolife.com.ar\/es\/wp-json\/wp\/v2\/comments?post=137198"}],"version-history":[{"count":0,"href":"https:\/\/enolife.com.ar\/es\/wp-json\/wp\/v2\/posts\/137198\/revisions"}],"wp:featuredmedia":[{"embeddable":true,"href":"https:\/\/enolife.com.ar\/es\/wp-json\/wp\/v2\/media\/137200"}],"wp:attachment":[{"href":"https:\/\/enolife.com.ar\/es\/wp-json\/wp\/v2\/media?parent=137198"}],"wp:term":[{"taxonomy":"category","embeddable":true,"href":"https:\/\/enolife.com.ar\/es\/wp-json\/wp\/v2\/categories?post=137198"},{"taxonomy":"post_tag","embeddable":true,"href":"https:\/\/enolife.com.ar\/es\/wp-json\/wp\/v2\/tags?post=137198"}],"curies":[{"name":"wp","href":"https:\/\/api.w.org\/{rel}","templated":true}]}}