{"id":137171,"date":"2025-02-04T14:48:32","date_gmt":"2025-02-04T14:48:32","guid":{"rendered":"https:\/\/enolife.com.ar\/es\/?p=137171"},"modified":"2025-02-05T21:16:55","modified_gmt":"2025-02-05T21:16:55","slug":"vinateros-de-san-juan-con-el-precio-que-ofrecen-por-la-uva-no-cubrimos-ni-el-50-de-los-costos","status":"publish","type":"post","link":"https:\/\/enolife.com.ar\/es\/vinateros-de-san-juan-con-el-precio-que-ofrecen-por-la-uva-no-cubrimos-ni-el-50-de-los-costos\/","title":{"rendered":"Vi\u00f1ateros de San Juan: \u00abCon el precio que ofrecen por la uva, no cubrimos ni el 50% de los costos\u00bb"},"content":{"rendered":"\n<h4 class=\"wp-block-heading\"><em><strong>El 3\/2, la Asociaci\u00f3n de Vi\u00f1ateros Independientes de San Juan tuvo una reuni\u00f3n con el ministro de Producci\u00f3n de dicha provincia, Gustavo Fern\u00e1ndez, en la que le plantearon la necesidad de implementar medidas para mejorar el precio de la uva porque \u00abcon los valores que se ofrecen no se puede cubrir ni el 50% del costo de producci\u00f3n\u00bb. Tambi\u00e9n se habl\u00f3 durante la reuni\u00f3n de la declaraci\u00f3n de la emergencia agropecuaria, el acuerdo Mendoza-San Juan y el acceso a cr\u00e9ditos.<\/strong><\/em><\/h4>\n\n\n\n<div style=\"height:35px\" aria-hidden=\"true\" class=\"wp-block-spacer\"><\/div>\n\n\n<a href=\"https:\/\/www.linkedin.com\/company\/agrinet-sa\/?originalSubdomain=ar\" aria-label=\"1700X500\"><img loading=\"lazy\" decoding=\"async\" src=\"https:\/\/enolife.com.ar\/es\/wp-content\/uploads\/2021\/11\/1700X500.gif\" alt=\"\"  width=\"1700\" height=\"500\"   \/><\/a>\n\n\n<div style=\"height:45px\" aria-hidden=\"true\" class=\"wp-block-spacer\"><\/div>\n\n\n\n<p>De la reuni\u00f3n participaron el ministro de Producci\u00f3n de San Juan, Gustavo Fern\u00e1ndez; el secretario de Agricultura, Ganader\u00eda y Agroindustria, Miguel Moreno; el secretario de Coordinaci\u00f3n para el Desarrollo Econ\u00f3mico Alfredo Aciar; el director de Desarrollo Vitivin\u00edcola, Juan Carlos Hidalgo; y los productores agr\u00edcolas Juan Manuel Colpas, Pablo Pic\u00f3n, Rafael Vargas, Jorge Robledo y el presidente de la Asociaci\u00f3n de Vi\u00f1ateros Independientes, Ing. Juan Jos\u00e9 Ramos.<\/p>\n\n\n\n<div style=\"height:30px\" aria-hidden=\"true\" class=\"wp-block-spacer\"><\/div>\n\n\n<div class=\"wp-block-image\">\n<figure class=\"aligncenter\"><a href=\"https:\/\/www.facebook.com\/photo\/?fbid=1051501423657272&amp;set=pcb.1051501490323932&amp;__cft__[0]=AZWpxluEn4gyCYwIJd4UO-5SWlTZD5baxsa74dXtwW0Tx1spWvbaRlLL4YJBJCP74CK_M5yp126sL8ot6QqgDgHyWZfOTu2uuvNMUDKsXnlZrfECz5B-BYjfhWFfAzpePq666GBHUXnBaIOME1P9bLwX9ZYUSx23FQmQcHRGinL82A&amp;__tn__=*bH-R\"><img decoding=\"async\" src=\"https:\/\/scontent.faep24-1.fna.fbcdn.net\/v\/t39.30808-6\/475380260_1051501426990605_7161926741323192912_n.jpg?stp=dst-jpg_s600x600_tt6&amp;_nc_cat=100&amp;ccb=1-7&amp;_nc_sid=833d8c&amp;_nc_ohc=aEetJETtx44Q7kNvgHsXK47&amp;_nc_oc=AdhzcuxAh_2WWapzKgTeq2HJ9CRjXldx7FrbOxdlMCFUu0B9WODj28TIZkOmf00lEQE&amp;_nc_zt=23&amp;_nc_ht=scontent.faep24-1.fna&amp;_nc_gid=AMXLmQgu6XmmkVKbErmfd_1&amp;oh=00_AYCeHzi676jOqDYx6PDjXDynNKlxKY-uzRWgUFE6B0u5IQ&amp;oe=67A7DBE7\" alt=\"\"\/><\/a><\/figure><\/div>\n\n\n<div style=\"height:30px\" aria-hidden=\"true\" class=\"wp-block-spacer\"><\/div>\n\n\n\n<p>Desde la asociaci\u00f3n dijeron que <em>\u00abEn el encuentro planteamos la necesidad de implementar medidas para mejorar el precio de la uva de la presente cosecha ya que los valores que se ofrecen no cubren el 50% del costo de producci\u00f3n. El ministro nos inform\u00f3 que est\u00e1 previsto entregar cr\u00e9ditos de cosecha, acarreo y elaboraci\u00f3n por 7 mil millones de pesos a trav\u00e9s del Banco San Juan, Fiduciaria San Juan y la Agencia Calidad San Juan. Tambi\u00e9n se estar\u00eda evaluando que un cupo del mismo sea cancelado con uva.\u00bb<\/em><\/p>\n\n\n\n<p>Adem\u00e1s, solicitaron que el Estado intervenga ante el INV para que deje sin efecto la resoluci\u00f3n de liberar al consumo el vino resultante de las variedades finas a los 40 d\u00edas de ingresada la uva a bodega, anticipando la liberaci\u00f3n en junio, <em>\u00abprovocando en consecuencia el desinter\u00e9s de la industria en la uva varietal, perjudicando a los productores que con gran esfuerzo reconvirtieron sus uvas comunes\u00bb<\/em>, tal como indicaron desde la entidad.<\/p>\n\n\n\n<p>Con respecto al acuerdo de mosto que se firma anualmente, los vi\u00f1ateros propusieron que sea de 0%.<\/p>\n\n\n\n<p>Por otro lado, tuvieron la oportunidad de plantear el tema de la declaraci\u00f3n de emergencia agropecuaria. al respecto expresaron que <em>\u00abse nos inform\u00f3 que est\u00e1n a la espera de que finalicen los eventos clim\u00e1ticos de esta \u00e9poca para poder comenzar a gestionar las solicitudes. En este punto nos solicitaron que los productores que hayan visto da\u00f1ada su producci\u00f3n que hagan la denuncia correspondiente.\u00bb<\/em><\/p>\n\n\n\n<p>Desde el gobiernos adelantaron que est\u00e1n estudiando la posibilidad de otorgar cr\u00e9ditos para capital de trabajo a 18 meses con 9 meses de gracia para quienes vieron afectados sus cultivos por inclemencias clim\u00e1ticas. Finalmente, <em>\u00ablas propuestas se tendr\u00e1n en cuenta en esta semana cuando las autoridades de San Juan se re\u00fanan con sus pares de Mendoza.\u00bb <\/em>concluyeron los vi\u00f1ateros.<a href=\"https:\/\/www.facebook.com\/photo\/?fbid=1051501423657272&amp;set=pcb.1051501490323932&amp;__cft__[0]=AZWpxluEn4gyCYwIJd4UO-5SWlTZD5baxsa74dXtwW0Tx1spWvbaRlLL4YJBJCP74CK_M5yp126sL8ot6QqgDgHyWZfOTu2uuvNMUDKsXnlZrfECz5B-BYjfhWFfAzpePq666GBHUXnBaIOME1P9bLwX9ZYUSx23FQmQcHRGinL82A&amp;__tn__=*bH-R\"><\/a><\/p>\n\n\n\n<div style=\"height:35px\" aria-hidden=\"true\" class=\"wp-block-spacer\"><\/div>\n","protected":false},"excerpt":{"rendered":"<p>El 3\/2, la Asociaci\u00f3n de Vi\u00f1ateros Independientes de San Juan tuvo una reuni\u00f3n con el&hellip;<\/p>\n","protected":false},"author":2,"featured_media":137179,"comment_status":"open","ping_status":"open","sticky":false,"template":"","format":"standard","meta":{"footnotes":""},"categories":[56,14],"tags":[],"class_list":["post-137171","post","type-post","status-publish","format-standard","has-post-thumbnail","hentry","category-destacado","category-news"],"_links":{"self":[{"href":"https:\/\/enolife.com.ar\/es\/wp-json\/wp\/v2\/posts\/137171","targetHints":{"allow":["GET"]}}],"collection":[{"href":"https:\/\/enolife.com.ar\/es\/wp-json\/wp\/v2\/posts"}],"about":[{"href":"https:\/\/enolife.com.ar\/es\/wp-json\/wp\/v2\/types\/post"}],"author":[{"embeddable":true,"href":"https:\/\/enolife.com.ar\/es\/wp-json\/wp\/v2\/users\/2"}],"replies":[{"embeddable":true,"href":"https:\/\/enolife.com.ar\/es\/wp-json\/wp\/v2\/comments?post=137171"}],"version-history":[{"count":0,"href":"https:\/\/enolife.com.ar\/es\/wp-json\/wp\/v2\/posts\/137171\/revisions"}],"wp:featuredmedia":[{"embeddable":true,"href":"https:\/\/enolife.com.ar\/es\/wp-json\/wp\/v2\/media\/137179"}],"wp:attachment":[{"href":"https:\/\/enolife.com.ar\/es\/wp-json\/wp\/v2\/media?parent=137171"}],"wp:term":[{"taxonomy":"category","embeddable":true,"href":"https:\/\/enolife.com.ar\/es\/wp-json\/wp\/v2\/categories?post=137171"},{"taxonomy":"post_tag","embeddable":true,"href":"https:\/\/enolife.com.ar\/es\/wp-json\/wp\/v2\/tags?post=137171"}],"curies":[{"name":"wp","href":"https:\/\/api.w.org\/{rel}","templated":true}]}}