{"id":137162,"date":"2025-02-04T17:45:35","date_gmt":"2025-02-04T17:45:35","guid":{"rendered":"https:\/\/enolife.com.ar\/es\/?p=137162"},"modified":"2025-02-04T23:15:29","modified_gmt":"2025-02-04T23:15:29","slug":"atencion-fanas-de-vendimia-salio-a-100-000-el-kit-de-la-fiesta-con-vino-y-todos-los-chiches","status":"publish","type":"post","link":"https:\/\/enolife.com.ar\/es\/atencion-fanas-de-vendimia-salio-a-100-000-el-kit-de-la-fiesta-con-vino-y-todos-los-chiches\/","title":{"rendered":"\u00a1Atenci\u00f3n fanas de Vendimia: sali\u00f3 a $100.000 el Kit de la Fiesta, con vino y todos los chiches!"},"content":{"rendered":"\n<h4 class=\"wp-block-heading\"><em><strong>La Subsecretar\u00eda de Cultura del Gobierno de Mendoza present\u00f3 su programa por Youtube \u00abStreaming de Vendimia\u00bb, que se puede ver todos los lunes a las 17, conducido por reconocidos periodistas especializados y con invitados de lujo: una reina de la Vendimia y un profe capo en historia vendimial. De paso, anunci\u00f3 el lanzamiento de un atractivo combo para hinchas de Fiesta m\u00e1xima de los mendocinos e incluso para coleccionistas. Enterate qu\u00e9 contiene el bolso artesanal con los souvenirs para guardar o regalar<\/strong><\/em><strong><em>.<\/em><\/strong><\/h4>\n\n\n\n<div style=\"height:35px\" aria-hidden=\"true\" class=\"wp-block-spacer\"><\/div>\n\n\n<a href=\"https:\/\/instagram.com\/labelsolutions?igshid=YmMyMTA2M2Y=\" aria-label=\"Banner Palero 1700&#215;500\"><img loading=\"lazy\" decoding=\"async\" src=\"https:\/\/enolife.com.ar\/es\/wp-content\/uploads\/2021\/09\/Banner-Palero-1700x500-1.gif\" alt=\"\"  width=\"1700\" height=\"500\"   \/><\/a>\n\n\n<div style=\"height:45px\" aria-hidden=\"true\" class=\"wp-block-spacer\"><\/div>\n\n\n\n<p>El lunes 3\/2\/25 sali\u00f3 al aire por <strong>Youtube<\/strong> el programa <strong>\u00abStreaming de Vendimia\u00bb<em>&nbsp;<\/em><\/strong>y se conocieron novedades sobre la Fiesta mayor de los mendocinos.<\/p>\n\n\n\n<p>\u00abStreaming de Vendimia\u00bb&nbsp;es conducido por <strong>Rebeca Rodr\u00edguez Vi\u00f1olo<\/strong> y <strong>Mauricio Morello<\/strong>, dos comunicadores mendocinos de larga experiencia en materia vendimial. A ellos se les uni\u00f3 en esta entrega, como soberana invitada, <strong>Agostina Saua<\/strong>, reina nacional de la Vendimia 2024. La producci\u00f3n general est\u00e1 a cargo del equipo de <strong>Prensa de Cultura de Mendoza.<\/strong><\/p>\n\n\n\n<div style=\"height:30px\" aria-hidden=\"true\" class=\"wp-block-spacer\"><\/div>\n\n\n<div class=\"wp-block-image\">\n<figure class=\"aligncenter size-full is-resized\"><a href=\"https:\/\/enolife.com.ar\/es\/wp-content\/uploads\/2025\/02\/WhatsApp-Image-2025-02-03-at-19.16.23-2.jpeg\" data-rel=\"penci-gallery-image-content\" ><img loading=\"lazy\" decoding=\"async\" src=\"https:\/\/enolife.com.ar\/es\/wp-content\/uploads\/2025\/02\/WhatsApp-Image-2025-02-03-at-19.16.23-2.jpeg\" alt=\"\" class=\"wp-image-137168\" width=\"633\" height=\"376\" srcset=\"https:\/\/enolife.com.ar\/es\/wp-content\/uploads\/2025\/02\/WhatsApp-Image-2025-02-03-at-19.16.23-2.jpeg 841w, https:\/\/enolife.com.ar\/es\/wp-content\/uploads\/2025\/02\/WhatsApp-Image-2025-02-03-at-19.16.23-2-300x178.jpeg 300w, https:\/\/enolife.com.ar\/es\/wp-content\/uploads\/2025\/02\/WhatsApp-Image-2025-02-03-at-19.16.23-2-768x457.jpeg 768w, https:\/\/enolife.com.ar\/es\/wp-content\/uploads\/2025\/02\/WhatsApp-Image-2025-02-03-at-19.16.23-2-585x348.jpeg 585w\" sizes=\"auto, (max-width: 633px) 100vw, 633px\" \/><\/a><\/figure><\/div>\n\n\n<div style=\"height:30px\" aria-hidden=\"true\" class=\"wp-block-spacer\"><\/div>\n\n\n\n<p>Por el espacio pas\u00f3 <strong>Sebasti\u00e1n Ladr\u00f3n de Guevara<\/strong>, director de <strong>Industrias Creativas<\/strong> de la Subsecretar\u00eda de Cultura, quien cont\u00f3 detalles sobre el movimiento econ\u00f3mico que genera la Vendimia. Y, aprovechando la ocasi\u00f3n, present\u00f3 de manera oficial el \u201cKit Vendimia\u201d.<\/p>\n\n\n\n<div style=\"height:35px\" aria-hidden=\"true\" class=\"wp-block-spacer\"><\/div>\n\n\n<div class=\"wp-block-image\">\n<figure class=\"alignleft size-full is-resized\"><a href=\"https:\/\/enolife.com.ar\/es\/wp-content\/uploads\/2025\/02\/WhatsApp-Image-2025-02-03-at-19.20.08-1-1.jpeg\" data-rel=\"penci-gallery-image-content\" ><img loading=\"lazy\" decoding=\"async\" src=\"https:\/\/enolife.com.ar\/es\/wp-content\/uploads\/2025\/02\/WhatsApp-Image-2025-02-03-at-19.20.08-1-1.jpeg\" alt=\"\" class=\"wp-image-137169\" width=\"245\" height=\"335\" srcset=\"https:\/\/enolife.com.ar\/es\/wp-content\/uploads\/2025\/02\/WhatsApp-Image-2025-02-03-at-19.20.08-1-1.jpeg 400w, https:\/\/enolife.com.ar\/es\/wp-content\/uploads\/2025\/02\/WhatsApp-Image-2025-02-03-at-19.20.08-1-1-219x300.jpeg 219w\" sizes=\"auto, (max-width: 245px) 100vw, 245px\" \/><\/a><\/figure><\/div>\n\n\n<p class=\"has-background\" style=\"background-color:#abb7c257\"><strong>Qu\u00e9 tiene el Kit<\/strong><br><br>El \u201cKit Vendimia\u201d es un bolso artesanal que contiene una <strong>lona, calcos, postales, dos copones, una botella de vino (de diferentes productores de Mendoza), un sacacorchos y una gorra. <\/strong><br><br>Vale aclarar que es una edici\u00f3n limitada. Tiene un valor de $100.000 y se puede reservar abonando una se\u00f1a en C\u00f3digo Vinario (Col\u00f3n 701, Ciudad) o en C\u00f3ndor Wear (Planta Uno, Ceretti 244, Godoy Cruz).<br><br>Los emprendedores mendocinos que participan en el bolso son Viejas al Hilo, C\u00f3ndor Wear, Postal Identidad Maravilla y Punto Bodega.<\/p>\n\n\n\n<div style=\"height:35px\" aria-hidden=\"true\" class=\"wp-block-spacer\"><\/div>\n\n\n\n<p class=\"has-medium-font-size\"><strong>De turismo e historia<\/strong><\/p>\n\n\n\n<p>El panel tambi\u00e9n comparti\u00f3 con <strong>Gustavo Capone<\/strong>, historiador, que dio un recorrido por la historia de la Fiesta, con detalles poco conocidos. Fueron tan interesantes los datos que aport\u00f3 el profesor Capone, que el pr\u00f3ximo lunes continuar\u00e1 con la charla.<\/p>\n\n\n\n<p>Adem\u00e1s, se sum\u00f3 la presidenta del Ente Mendoza Turismo, <strong>Gabriela Testa<\/strong>, quien ofreci\u00f3 una mirada tur\u00edstica sobre nuestra mayor celebraci\u00f3n, de c\u00f3mo la ven en el exterior y lo que significa Mendoza en la aldea global. Tambi\u00e9n hubo agenda vendimial y noticias de lo que se viene.<\/p>\n\n\n\n<div style=\"height:20px\" aria-hidden=\"true\" class=\"wp-block-spacer\"><\/div>\n\n\n\n<p class=\"has-background\" style=\"background-color:#abb7c270\"><strong>Streaming de Vendimia&nbsp;<\/strong>se puede ver en vivo todo lunes a las 17 y despu\u00e9s de podr\u00e1 ver, en cualquier momento, en el canal<strong>&nbsp;<a href=\"http:\/\/www.youtube.com\/@mendozagob\">www.youtube.com\/@mendozagob<\/a>.<\/strong><\/p>\n\n\n\n<div style=\"height:30px\" aria-hidden=\"true\" class=\"wp-block-spacer\"><\/div>\n","protected":false},"excerpt":{"rendered":"<p>La Subsecretar\u00eda de Cultura del Gobierno de Mendoza present\u00f3 su programa por Youtube \u00abStreaming de&hellip;<\/p>\n","protected":false},"author":2,"featured_media":137167,"comment_status":"open","ping_status":"open","sticky":false,"template":"","format":"standard","meta":{"footnotes":""},"categories":[14],"tags":[],"class_list":["post-137162","post","type-post","status-publish","format-standard","has-post-thumbnail","hentry","category-news"],"_links":{"self":[{"href":"https:\/\/enolife.com.ar\/es\/wp-json\/wp\/v2\/posts\/137162","targetHints":{"allow":["GET"]}}],"collection":[{"href":"https:\/\/enolife.com.ar\/es\/wp-json\/wp\/v2\/posts"}],"about":[{"href":"https:\/\/enolife.com.ar\/es\/wp-json\/wp\/v2\/types\/post"}],"author":[{"embeddable":true,"href":"https:\/\/enolife.com.ar\/es\/wp-json\/wp\/v2\/users\/2"}],"replies":[{"embeddable":true,"href":"https:\/\/enolife.com.ar\/es\/wp-json\/wp\/v2\/comments?post=137162"}],"version-history":[{"count":0,"href":"https:\/\/enolife.com.ar\/es\/wp-json\/wp\/v2\/posts\/137162\/revisions"}],"wp:featuredmedia":[{"embeddable":true,"href":"https:\/\/enolife.com.ar\/es\/wp-json\/wp\/v2\/media\/137167"}],"wp:attachment":[{"href":"https:\/\/enolife.com.ar\/es\/wp-json\/wp\/v2\/media?parent=137162"}],"wp:term":[{"taxonomy":"category","embeddable":true,"href":"https:\/\/enolife.com.ar\/es\/wp-json\/wp\/v2\/categories?post=137162"},{"taxonomy":"post_tag","embeddable":true,"href":"https:\/\/enolife.com.ar\/es\/wp-json\/wp\/v2\/tags?post=137162"}],"curies":[{"name":"wp","href":"https:\/\/api.w.org\/{rel}","templated":true}]}}