{"id":137126,"date":"2025-02-07T13:46:44","date_gmt":"2025-02-07T13:46:44","guid":{"rendered":"https:\/\/enolife.com.ar\/es\/?p=137126"},"modified":"2025-02-08T15:09:02","modified_gmt":"2025-02-08T15:09:02","slug":"con-nuevo-gobierno-uruguay-renovo-la-conduccion-de-su-instituto-nacional-de-vitivinicultura","status":"publish","type":"post","link":"https:\/\/enolife.com.ar\/es\/con-nuevo-gobierno-uruguay-renovo-la-conduccion-de-su-instituto-nacional-de-vitivinicultura\/","title":{"rendered":"Con nuevo gobierno, Uruguay renov\u00f3 la conducci\u00f3n de su Instituto Nacional de Vitivinicultura"},"content":{"rendered":"\n<h4 class=\"wp-block-heading\"><em><strong>Tras el cambio de presidente en el vecino pa\u00eds rioplatense, con la reciente asunci\u00f3n del izquierdista Yamand\u00fa Orsi (Frente Amplio) en lugar del centroderechista Luis Lacalle Pou (Partido Nacional), tambi\u00e9n se produjo el cambio de funcionarios t\u00e9cnico-pol\u00edticos al frente del Instituto Nacional de Vitivinicultura (Inavi) de Uruguay. Tal como en Argentina en su INV, estos cargos son designados por el poder pol\u00edtico, en nuestro pa\u00eds por el propio presidente y en la naci\u00f3n charr\u00faa por el ministro de Ganader\u00eda, Agricultura y Pesca. Estar\u00e1n en sus puestos mientras dure el per\u00edodo democr\u00e1tico de la presente administraci\u00f3n.<\/strong><\/em><\/h4>\n\n\n\n<div style=\"height:35px\" aria-hidden=\"true\" class=\"wp-block-spacer\"><\/div>\n\n\n<a href=\"http:\/\/www.quiminsa.com.ar\/\" aria-label=\"banner quiminsa b 1700&#215;500\"><img loading=\"lazy\" decoding=\"async\" src=\"https:\/\/enolife.com.ar\/es\/wp-content\/uploads\/2022\/04\/banner-quiminsa-b-1700x500-1.jpg\" alt=\"\"  srcset=\"https:\/\/enolife.com.ar\/es\/wp-content\/uploads\/2022\/04\/banner-quiminsa-b-1700x500-1.jpg 1700w, https:\/\/enolife.com.ar\/es\/wp-content\/uploads\/2022\/04\/banner-quiminsa-b-1700x500-1-300x88.jpg 300w, https:\/\/enolife.com.ar\/es\/wp-content\/uploads\/2022\/04\/banner-quiminsa-b-1700x500-1-1024x301.jpg 1024w, https:\/\/enolife.com.ar\/es\/wp-content\/uploads\/2022\/04\/banner-quiminsa-b-1700x500-1-768x226.jpg 768w, https:\/\/enolife.com.ar\/es\/wp-content\/uploads\/2022\/04\/banner-quiminsa-b-1700x500-1-1536x452.jpg 1536w, https:\/\/enolife.com.ar\/es\/wp-content\/uploads\/2022\/04\/banner-quiminsa-b-1700x500-1-1170x344.jpg 1170w, https:\/\/enolife.com.ar\/es\/wp-content\/uploads\/2022\/04\/banner-quiminsa-b-1700x500-1-585x172.jpg 585w\" sizes=\"auto, (max-width: 1700px) 100vw, 1700px\" width=\"1700\" height=\"500\"   \/><\/a>\n\n\n<div style=\"height:45px\" aria-hidden=\"true\" class=\"wp-block-spacer\"><\/div>\n\n\n\n<p>El 31 de enero pasado el Ministerio de Ganader\u00eda, Agricultura y Pesca design\u00f3 las nuevas autoridades que conformar\u00e1n su equipo de gobierno a partir del 1\u00b0 de marzo. <strong>Diego Spinoglio<\/strong> (foto principal) asumir\u00e1 como presidente del Instituto Nacional de Vitivinicultura (Inavi) de Uruguay, mientras que <strong>Nicol\u00e1s Monforte <\/strong>ser\u00e1 el vicepresidente.<\/p>\n\n\n\n<div style=\"height:30px\" aria-hidden=\"true\" class=\"wp-block-spacer\"><\/div>\n\n\n<div class=\"wp-block-image\">\n<figure class=\"aligncenter size-full is-resized\"><a href=\"https:\/\/enolife.com.ar\/es\/wp-content\/uploads\/2025\/02\/1616108028596webp.jpg\" data-rel=\"penci-gallery-image-content\" ><img loading=\"lazy\" decoding=\"async\" src=\"https:\/\/enolife.com.ar\/es\/wp-content\/uploads\/2025\/02\/1616108028596webp.jpg\" alt=\"\" class=\"wp-image-137436\" width=\"670\" height=\"387\" srcset=\"https:\/\/enolife.com.ar\/es\/wp-content\/uploads\/2025\/02\/1616108028596webp.jpg 865w, https:\/\/enolife.com.ar\/es\/wp-content\/uploads\/2025\/02\/1616108028596webp-300x173.jpg 300w, https:\/\/enolife.com.ar\/es\/wp-content\/uploads\/2025\/02\/1616108028596webp-768x444.jpg 768w, https:\/\/enolife.com.ar\/es\/wp-content\/uploads\/2025\/02\/1616108028596webp-585x338.jpg 585w\" sizes=\"auto, (max-width: 670px) 100vw, 670px\" \/><\/a><figcaption class=\"wp-element-caption\"><em><strong>Nicol\u00e1s Monforte<\/strong><\/em><\/figcaption><\/figure><\/div>\n\n\n<div style=\"height:30px\" aria-hidden=\"true\" class=\"wp-block-spacer\"><\/div>\n\n\n\n<p>El saliente titular del Inavi, <strong>Ricardo Cabrera<\/strong>, felicit\u00f3 a los nuevos mandatarios y destac\u00f3 de ambos la visi\u00f3n de futuro, experiencia y juventud.<\/p>\n\n\n\n<p><em>\u201cEn lo que nos es personal, aquilatado en nuestra tarea conjunta en el directorio de Inavi, quisiera resaltar la capacidad de trabajo de ambos, su visi\u00f3n de futuro, las probadas innovaciones en sus respectivas empresas adecu\u00e1ndose a los tiempos de cambios comerciales, en sus modelos de negocios, as\u00ed como la experiencia y juventud\u201d<\/em>, dijo <strong>Cabrera. &nbsp;<\/strong><\/p>\n\n\n\n<p><em>\u201cConjugan, asimismo, tres condiciones m\u00e1s que destacables entre otras: producci\u00f3n, industrializaci\u00f3n y enoturismo. Dos emprendedores que seguramente sabr\u00e1n apreciar y continuar la l\u00ednea de conducci\u00f3n instalada, tanto en la gesti\u00f3n anterior como en la presente\u201d, <\/em>agreg\u00f3 el ahora ex funcionario.<\/p>\n\n\n\n<p>Finalmente, manifest\u00f3 Cabrera: <em>\u00abLes deseo el mayor de los \u00e9xitos al frente de un sector de gran trascendencia en la vida nacional\u00bb.<\/em><\/p>\n\n\n\n<p><strong>Diego Spinoglio<\/strong>: Es productor vitivin\u00edcola de cuarta generaci\u00f3n en Uruguay. Creci\u00f3 vincul\u00e1ndose en todas las \u00e1reas, desde el vi\u00f1edo hasta la comercializaci\u00f3n del vino, y tiene una fuerte conciencia del valor colectivo de esta actividad. Tiene experiencia en la gesti\u00f3n vitivin\u00edcola y en el desarrollo de proyectos sostenibles.<\/p>\n\n\n\n<p><strong>Nicol\u00e1s Monforte<\/strong>: T\u00e9cnico en enolog\u00eda. Hijo de viticultor, con una pasi\u00f3n innata por el sector vitivin\u00edcola y todo lo relacionado a \u00e9l. Como t\u00e9cnico, desarroll\u00f3 diversos proyectos enfocados en vinos y vi\u00f1edos, combinando tradici\u00f3n e innovaci\u00f3n y colocando al vino uruguayo en nueve pa\u00edses. Su principal motivaci\u00f3n es contribuir y sumar en todos los \u00e1mbitos relacionados al sector.<\/p>\n\n\n\n<div style=\"height:30px\" aria-hidden=\"true\" class=\"wp-block-spacer\"><\/div>\n","protected":false},"excerpt":{"rendered":"<p>Tras el cambio de presidente en el vecino pa\u00eds rioplatense, con la reciente asunci\u00f3n del&hellip;<\/p>\n","protected":false},"author":2,"featured_media":137435,"comment_status":"open","ping_status":"open","sticky":false,"template":"","format":"standard","meta":{"footnotes":""},"categories":[14],"tags":[],"class_list":["post-137126","post","type-post","status-publish","format-standard","has-post-thumbnail","hentry","category-news"],"_links":{"self":[{"href":"https:\/\/enolife.com.ar\/es\/wp-json\/wp\/v2\/posts\/137126","targetHints":{"allow":["GET"]}}],"collection":[{"href":"https:\/\/enolife.com.ar\/es\/wp-json\/wp\/v2\/posts"}],"about":[{"href":"https:\/\/enolife.com.ar\/es\/wp-json\/wp\/v2\/types\/post"}],"author":[{"embeddable":true,"href":"https:\/\/enolife.com.ar\/es\/wp-json\/wp\/v2\/users\/2"}],"replies":[{"embeddable":true,"href":"https:\/\/enolife.com.ar\/es\/wp-json\/wp\/v2\/comments?post=137126"}],"version-history":[{"count":0,"href":"https:\/\/enolife.com.ar\/es\/wp-json\/wp\/v2\/posts\/137126\/revisions"}],"wp:featuredmedia":[{"embeddable":true,"href":"https:\/\/enolife.com.ar\/es\/wp-json\/wp\/v2\/media\/137435"}],"wp:attachment":[{"href":"https:\/\/enolife.com.ar\/es\/wp-json\/wp\/v2\/media?parent=137126"}],"wp:term":[{"taxonomy":"category","embeddable":true,"href":"https:\/\/enolife.com.ar\/es\/wp-json\/wp\/v2\/categories?post=137126"},{"taxonomy":"post_tag","embeddable":true,"href":"https:\/\/enolife.com.ar\/es\/wp-json\/wp\/v2\/tags?post=137126"}],"curies":[{"name":"wp","href":"https:\/\/api.w.org\/{rel}","templated":true}]}}