{"id":137030,"date":"2025-02-03T22:59:54","date_gmt":"2025-02-03T22:59:54","guid":{"rendered":"https:\/\/enolife.com.ar\/es\/?p=137030"},"modified":"2025-02-04T21:58:45","modified_gmt":"2025-02-04T21:58:45","slug":"se-mudaron-de-usuahia-a-lago-puelo-para-fundar-una-bodega-enoturistica-con-6-000-botellas-al-ano","status":"publish","type":"post","link":"https:\/\/enolife.com.ar\/es\/se-mudaron-de-usuahia-a-lago-puelo-para-fundar-una-bodega-enoturistica-con-6-000-botellas-al-ano\/","title":{"rendered":"Se mudaron de Usuahia a Lago Puelo para fundar una bodega enotur\u00edstica con 6.000 botellas al a\u00f1o"},"content":{"rendered":"\n<h4 class=\"wp-block-heading\"><em><strong>La historia de Pedro Adamow y Carina Noya es la de una pareja emprendedora que por amor a sus hijos dej\u00f3 su buen pasar en la ciudad m\u00e1s austral del mundo y trasladarse al norte, m\u00e1s cerca de universidades para los chicos. Como de algo ten\u00edan que vivir en su nueva vida, decidieron comprar un terreno en los cerros cerca de la localidad chubutense de Lago Puelo y plantar all\u00ed una vi\u00f1a en terraza. El primer a\u00f1o completo lo dedicaron a limpiar las arraigadas malezas y arbustos del lugar. Luego implantaron las vides y durante 5 a\u00f1os las cuidaron de las fuertes heladas gracias a un costoso pero necesario sistema antiheladas. En 2024 tuvieron su primer cosecha y elaboraron 5.000 botellas de pinot noir y sauvignon blanc. Hoy, crecen gracias al enoturismo que llega desde todo el mundo a su peque\u00f1o pero \u00fanico vi\u00f1edo, tambi\u00e9n del fin del mundo.<\/strong><\/em><\/h4>\n\n\n\n<div style=\"height:35px\" aria-hidden=\"true\" class=\"wp-block-spacer\"><\/div>\n\n\n<a href=\"https:\/\/www.dellatoffola.com.ar\/es\/home\" aria-label=\"Banner Filtro Omnia_1700x500\"><img loading=\"lazy\" decoding=\"async\" src=\"https:\/\/enolife.com.ar\/es\/wp-content\/uploads\/2023\/10\/Banner-Filtro-Omnia_1700x500.png\" alt=\"\"  srcset=\"https:\/\/enolife.com.ar\/es\/wp-content\/uploads\/2023\/10\/Banner-Filtro-Omnia_1700x500.png 1699w, https:\/\/enolife.com.ar\/es\/wp-content\/uploads\/2023\/10\/Banner-Filtro-Omnia_1700x500-300x88.png 300w, https:\/\/enolife.com.ar\/es\/wp-content\/uploads\/2023\/10\/Banner-Filtro-Omnia_1700x500-1024x301.png 1024w, https:\/\/enolife.com.ar\/es\/wp-content\/uploads\/2023\/10\/Banner-Filtro-Omnia_1700x500-768x226.png 768w, https:\/\/enolife.com.ar\/es\/wp-content\/uploads\/2023\/10\/Banner-Filtro-Omnia_1700x500-1536x452.png 1536w, https:\/\/enolife.com.ar\/es\/wp-content\/uploads\/2023\/10\/Banner-Filtro-Omnia_1700x500-1170x344.png 1170w, https:\/\/enolife.com.ar\/es\/wp-content\/uploads\/2023\/10\/Banner-Filtro-Omnia_1700x500-585x172.png 585w\" sizes=\"auto, (max-width: 1699px) 100vw, 1699px\" width=\"1699\" height=\"500\"   \/><\/a>\n\n\n<div style=\"height:45px\" aria-hidden=\"true\" class=\"wp-block-spacer\"><\/div>\n\n\n\n<p><strong>Pedro Adamow<\/strong> y <strong>Carina Noya<\/strong> hace 15 a\u00f1os se mudaron a la zona de la Cordillera patag\u00f3nica argentina para poder estar cerca de sus hijos. En la localidad andina de <strong>Lago Puelo, al noroeste de la provincia de Chubut, <\/strong>decidieron construir una de las primeras bodegas del pueblo, incluido un proyecto de enoturismo que en la temporada 2024-2025 est\u00e1 recibiendo a visitantes de todo el mundo. <\/p>\n\n\n\n<div style=\"height:30px\" aria-hidden=\"true\" class=\"wp-block-spacer\"><\/div>\n\n\n<div class=\"wp-block-image\">\n<figure class=\"aligncenter size-large is-resized\"><a href=\"https:\/\/enolife.com.ar\/es\/wp-content\/uploads\/2025\/02\/ellos.jpg\" data-rel=\"penci-gallery-image-content\" ><img loading=\"lazy\" decoding=\"async\" src=\"https:\/\/enolife.com.ar\/es\/wp-content\/uploads\/2025\/02\/ellos-1024x683.jpg\" alt=\"\" class=\"wp-image-137036\" width=\"590\" height=\"394\" srcset=\"https:\/\/enolife.com.ar\/es\/wp-content\/uploads\/2025\/02\/ellos-1024x683.jpg 1024w, https:\/\/enolife.com.ar\/es\/wp-content\/uploads\/2025\/02\/ellos-300x200.jpg 300w, https:\/\/enolife.com.ar\/es\/wp-content\/uploads\/2025\/02\/ellos-768x512.jpg 768w, https:\/\/enolife.com.ar\/es\/wp-content\/uploads\/2025\/02\/ellos-585x390.jpg 585w, https:\/\/enolife.com.ar\/es\/wp-content\/uploads\/2025\/02\/ellos.jpg 1080w\" sizes=\"auto, (max-width: 590px) 100vw, 590px\" \/><\/a><\/figure><\/div>\n\n\n<div style=\"height:30px\" aria-hidden=\"true\" class=\"wp-block-spacer\"><\/div>\n\n\n\n<p><em>\u201cEstamos teniendo una temporada bastante activa\u201d, <\/em>dice&nbsp;Pedro Adamow, y cuenta c\u00f3mo viene el a\u00f1o 2025 en la bodega que lleva su apellido. Es el tercer a\u00f1o que reciben turistas con Carina, su esposa, y a\u00fan se sorprende por la llegada de visitantes de todas partes del mundo. S\u00f3lo este verano, el emprendimiento recibi\u00f3 a turistas de&nbsp;Europa, Brasil, Uruguay, Israel y diferentes puntos de Argentina, desde Comodoro a Catamarca. <em>\u201cTenemos mucho turista de la costa de Chubut, el turismo es muy variado\u201d<\/em>, dice entusiasmado.<\/p>\n\n\n\n<p>Bodega Adamow est\u00e1 ubicada en&nbsp;<strong>Cerro Radal<\/strong>,&nbsp;un valle productivo de Lago Puelo que se encuentra&nbsp;entre el <strong>Cerro Currumahuida<\/strong> y la <strong>Ruta Nacional 40<\/strong>, a 3.000 metros de la rotonda que conecta al pueblo con la ruta 40, una de las arterias m\u00e1s importantes del pa\u00eds.&nbsp;<\/p>\n\n\n<div class=\"wp-block-image\">\n<figure class=\"alignleft size-full is-resized\"><a href=\"https:\/\/enolife.com.ar\/es\/wp-content\/uploads\/2025\/02\/461728943_7787550534678403_7142684572142602582_n-1.jpg\" data-rel=\"penci-gallery-image-content\" ><img loading=\"lazy\" decoding=\"async\" src=\"https:\/\/enolife.com.ar\/es\/wp-content\/uploads\/2025\/02\/461728943_7787550534678403_7142684572142602582_n-1.jpg\" alt=\"\" class=\"wp-image-137040\" width=\"368\" height=\"368\" srcset=\"https:\/\/enolife.com.ar\/es\/wp-content\/uploads\/2025\/02\/461728943_7787550534678403_7142684572142602582_n-1.jpg 400w, https:\/\/enolife.com.ar\/es\/wp-content\/uploads\/2025\/02\/461728943_7787550534678403_7142684572142602582_n-1-300x300.jpg 300w, https:\/\/enolife.com.ar\/es\/wp-content\/uploads\/2025\/02\/461728943_7787550534678403_7142684572142602582_n-1-150x150.jpg 150w\" sizes=\"auto, (max-width: 368px) 100vw, 368px\" \/><\/a><\/figure><\/div>\n\n\n<p>En un predio de 7 hect\u00e1reas, Pedro y su familia&nbsp;construyeron el sue\u00f1o del vi\u00f1edo propio,&nbsp;pensando en un proyecto de etnoturismo que les permitiera vivir en una zona que consideran un para\u00edso.&nbsp;&nbsp;<\/p>\n\n\n\n<p>Pedro y Carina son oriundos de&nbsp;Mar del Plata, uno de los sitios hist\u00f3ricos que tiene el turismo en Argentina. En \u201cLa Feliz\u201d se conocieron, se pusieron de novios, y en un momento decidieron emigrar por trabajo. Ushuaia, la tierra del Fin del Mundo, donde se respira un turismo distinto, fue su hogar durante 15 a\u00f1os. All\u00ed se formaron profesionalmente y desarrollaron su vida. Tambi\u00e9n nacieron sus tres hijos y construyeron gran parte de su vida, hasta que sintieron que era momento de cambiar de aires para poder estar cerca de&nbsp;<strong>Joshua, Marcos y Sof\u00eda.&nbsp;<\/strong><\/p>\n\n\n\n<p><em>\u201cVinimos por una cuesti\u00f3n de planificaci\u00f3n familiar\u201d,<\/em>&nbsp;dice Pedro al explicar la decisi\u00f3n de migrar.<em> \u201cEl que vive en un lugar chico con hijos adolescentes, sabe que en alg\u00fan momento se van a ir a la universidad, que no se van a quedar en la zona y Tierra del Fuego estaba muy distante de un lugar donde ellos podr\u00edan ir a estudiar\u201d<\/em>, recuerda.<\/p>\n\n\n\n<p>Pedro admite que <em>\u201csiempre la idea original fue que los chicos vayan a estudiar a C\u00f3rdoba y pensamos: \u2018era doble vuelo, mucha distancia\u2019, y nos empez\u00f3 a movilizar que si necesitaban algo no \u00edbamos a poder asistirlos. As\u00ed empezamos a planificar un punto medio\u201d.<\/em><\/p>\n\n\n\n<p>La Cordillera de Chubut fue el lugar perfecto. Estaba a mitad de camino de cualquier universidad, ten\u00eda un clima ameno e ideal para disfrutar en verano y pod\u00edan proyectar un emprendimiento productivo.<\/p>\n\n\n\n<p>As\u00ed, en <strong>2007<\/strong>, Pedro y Carina compraron la propiedad y comenz\u00f3 el trabajo, un largo trayecto que tuvo su <strong>punto culminante en 2022<\/strong> cuando pudieron comercializar la primera botella de vino.&nbsp;<\/p>\n\n\n\n<p><em>\u201cApenas 13 a\u00f1os estuvimos para poder vender una botella de vino\u201d,<\/em>&nbsp;dice el emprendedor entre risas. <em>\u201cPas\u00f3 mucho tiempo, es verdad, pero fue mucho trabajo. En 2008 comenzamos a limpiar el terreno. Ac\u00e1 no hab\u00eda nada, era un bosque de cipr\u00e9s talado. Lo hab\u00edan cortado y arriba hab\u00eda murra, mosqueta y maqui. Estuvimos un a\u00f1o limpiando el lote y una vez que terminamos se plant\u00f3 el vi\u00f1edo, pero necesit\u00e1bamos el sistema antihelada y no estaba la infraestructura:&nbsp;no hab\u00eda luz trif\u00e1sica, no hab\u00eda agua, no hab\u00eda nada y todo eso hubo que desarrollarlo.&nbsp;Nos llev\u00f3 seis o siete a\u00f1os, hasta que hicimos toda la infraestructura para poder tener antihelada\u201d.<\/em><\/p>\n\n\n\n<div style=\"height:30px\" aria-hidden=\"true\" class=\"wp-block-spacer\"><\/div>\n\n\n\n<figure class=\"wp-block-gallery has-nested-images columns-default is-cropped wp-block-gallery-1 is-layout-flex wp-block-gallery-is-layout-flex\"><div class=\"wp-block-image\">\n<figure class=\"aligncenter size-full\"><a href=\"https:\/\/enolife.com.ar\/es\/wp-content\/uploads\/2025\/02\/469940935_18156574591328551_7514695054191113371_n.jpg\" data-rel=\"penci-gallery-image-content\" ><img loading=\"lazy\" decoding=\"async\" width=\"400\" height=\"364\" data-id=\"137042\" src=\"https:\/\/enolife.com.ar\/es\/wp-content\/uploads\/2025\/02\/469940935_18156574591328551_7514695054191113371_n.jpg\" alt=\"\" class=\"wp-image-137042\" srcset=\"https:\/\/enolife.com.ar\/es\/wp-content\/uploads\/2025\/02\/469940935_18156574591328551_7514695054191113371_n.jpg 400w, https:\/\/enolife.com.ar\/es\/wp-content\/uploads\/2025\/02\/469940935_18156574591328551_7514695054191113371_n-300x273.jpg 300w\" sizes=\"auto, (max-width: 400px) 100vw, 400px\" \/><\/a><\/figure><\/div>\n\n\n<figure class=\"wp-block-image size-full\"><a href=\"https:\/\/enolife.com.ar\/es\/wp-content\/uploads\/2025\/02\/469930555_18156574957328551_3344745783754231732_n.jpg\" data-rel=\"penci-gallery-image-content\" ><img loading=\"lazy\" decoding=\"async\" width=\"427\" height=\"400\" data-id=\"137043\" src=\"https:\/\/enolife.com.ar\/es\/wp-content\/uploads\/2025\/02\/469930555_18156574957328551_3344745783754231732_n.jpg\" alt=\"\" class=\"wp-image-137043\" srcset=\"https:\/\/enolife.com.ar\/es\/wp-content\/uploads\/2025\/02\/469930555_18156574957328551_3344745783754231732_n.jpg 427w, https:\/\/enolife.com.ar\/es\/wp-content\/uploads\/2025\/02\/469930555_18156574957328551_3344745783754231732_n-300x281.jpg 300w\" sizes=\"auto, (max-width: 427px) 100vw, 427px\" \/><\/a><\/figure>\n<\/figure>\n\n\n\n<div style=\"height:30px\" aria-hidden=\"true\" class=\"wp-block-spacer\"><\/div>\n\n\n\n<p>Con orgullo, Pedro cuenta que fueron uno de los primeros productores que arrancaron en la zona con vi\u00f1edos. Cuando comenzaron, hab\u00eda solo unos pocos proyectos en desarrollo, entre ellos<strong>&nbsp;Patagonia Wines, la primera bodega de Chubut<\/strong> que, de alguna forma, marc\u00f3 el camino del resto.<\/p>\n\n\n\n<p><em>\u201cNo hab\u00eda d\u00f3nde asesorarse o c\u00f3mo averiguar una experiencia en la zona, pero nos atrajo que pod\u00edamos recorrer todo el ciclo productivo<\/em>\u201d, recuerda. <em>\u00abEn la zona se da muy bien el tema de la fruta fina y la cereza, pero como cadena primaria de comercializaci\u00f3n a veces es bastante ingrato. Pasa en el valle y en otros lugares donde se comercializa fruta y vos no hac\u00e9s una elaboraci\u00f3n del producto, as\u00ed que lo que nos entusiasm\u00f3 y nos llev\u00f3 a decidirnos por este tipo de producci\u00f3n es que pod\u00edamos realizar&nbsp;la elaboraci\u00f3n primaria, la producci\u00f3n industrial y despu\u00e9s la comercializaci\u00f3n\u201d.&nbsp;<\/em><\/p>\n\n\n\n<div style=\"height:30px\" aria-hidden=\"true\" class=\"wp-block-spacer\"><\/div>\n\n\n<div class=\"wp-block-image\">\n<figure class=\"aligncenter size-full is-resized\"><a href=\"https:\/\/enolife.com.ar\/es\/wp-content\/uploads\/2025\/02\/469678663_18156572815328551_2099920633841581614_n.jpg\" data-rel=\"penci-gallery-image-content\" ><img loading=\"lazy\" decoding=\"async\" src=\"https:\/\/enolife.com.ar\/es\/wp-content\/uploads\/2025\/02\/469678663_18156572815328551_2099920633841581614_n.jpg\" alt=\"\" class=\"wp-image-137052\" width=\"534\" height=\"415\" srcset=\"https:\/\/enolife.com.ar\/es\/wp-content\/uploads\/2025\/02\/469678663_18156572815328551_2099920633841581614_n.jpg 644w, https:\/\/enolife.com.ar\/es\/wp-content\/uploads\/2025\/02\/469678663_18156572815328551_2099920633841581614_n-300x233.jpg 300w, https:\/\/enolife.com.ar\/es\/wp-content\/uploads\/2025\/02\/469678663_18156572815328551_2099920633841581614_n-585x454.jpg 585w\" sizes=\"auto, (max-width: 534px) 100vw, 534px\" \/><\/a><\/figure><\/div>\n\n\n<div style=\"height:35px\" aria-hidden=\"true\" class=\"wp-block-spacer\"><\/div>\n\n\n\n<p><strong>Un proyecto integral<\/strong><\/p>\n\n\n\n<p>El proyecto original contempla&nbsp;10.000 plantas en 2 hect\u00e1reas de vi\u00f1edo. En la actualidad, el emprendimiento ya tiene 8.500 vides plantadas, de las cuales 5.500 est\u00e1n en producci\u00f3n plena, con una cosecha de 6.500 kilos de uva anuales que permiten producir cerca de 6.000 botellas: 2.000 de <strong>pinot noir <\/strong>y 4.000 de <strong>sauvignon blanc.&nbsp;<\/strong><\/p>\n\n\n\n<div style=\"height:30px\" aria-hidden=\"true\" class=\"wp-block-spacer\"><\/div>\n\n\n<div class=\"wp-block-image\">\n<figure class=\"aligncenter size-large is-resized\"><a href=\"https:\/\/enolife.com.ar\/es\/wp-content\/uploads\/2025\/02\/461711732_7787550541345069_69194592517731637_n.jpg\" data-rel=\"penci-gallery-image-content\" ><img loading=\"lazy\" decoding=\"async\" src=\"https:\/\/enolife.com.ar\/es\/wp-content\/uploads\/2025\/02\/461711732_7787550541345069_69194592517731637_n-1024x1024.jpg\" alt=\"\" class=\"wp-image-137045\" width=\"576\" height=\"576\" srcset=\"https:\/\/enolife.com.ar\/es\/wp-content\/uploads\/2025\/02\/461711732_7787550541345069_69194592517731637_n-1024x1024.jpg 1024w, https:\/\/enolife.com.ar\/es\/wp-content\/uploads\/2025\/02\/461711732_7787550541345069_69194592517731637_n-300x300.jpg 300w, https:\/\/enolife.com.ar\/es\/wp-content\/uploads\/2025\/02\/461711732_7787550541345069_69194592517731637_n-150x150.jpg 150w, https:\/\/enolife.com.ar\/es\/wp-content\/uploads\/2025\/02\/461711732_7787550541345069_69194592517731637_n-768x768.jpg 768w, https:\/\/enolife.com.ar\/es\/wp-content\/uploads\/2025\/02\/461711732_7787550541345069_69194592517731637_n-1170x1170.jpg 1170w, https:\/\/enolife.com.ar\/es\/wp-content\/uploads\/2025\/02\/461711732_7787550541345069_69194592517731637_n-585x585.jpg 585w, https:\/\/enolife.com.ar\/es\/wp-content\/uploads\/2025\/02\/461711732_7787550541345069_69194592517731637_n.jpg 1440w\" sizes=\"auto, (max-width: 576px) 100vw, 576px\" \/><\/a><\/figure><\/div>\n\n\n<div style=\"height:30px\" aria-hidden=\"true\" class=\"wp-block-spacer\"><\/div>\n\n\n\n<p>El proyecto cuenta con el asesoramiento del ingeniero agr\u00f3nomo&nbsp;<strong>Christian Siaglo<\/strong>&nbsp;y la asesora comercial&nbsp;<strong>Carolina L\u00f3pez Bueno.<\/strong> \u201c<em>Todo ese grupo de profesionales nos jerarquiza y nos da un nivel para trabajar que nos tira para arriba\u201d<\/em>, dice Pedro, agradecido.&nbsp;<\/p>\n\n\n\n<p>Por el tama\u00f1o de la bodega, es imposible depender s\u00f3lo de la comercializaci\u00f3n de vino. Por eso,<em> \u201cel proyecto etnotur\u00edstico incluye el armado&nbsp;de un patio de comidas&nbsp;que podr\u00eda estar funcionando el pr\u00f3ximo a\u00f1o y&nbsp;un sector de alojamiento, unas peque\u00f1as caba\u00f1as que completar\u00e1n el proyecto\u201d.<\/em><\/p>\n\n\n\n<div style=\"height:30px\" aria-hidden=\"true\" class=\"wp-block-spacer\"><\/div>\n\n\n<div class=\"wp-block-image\">\n<figure class=\"aligncenter size-full\"><a href=\"https:\/\/enolife.com.ar\/es\/wp-content\/uploads\/2025\/02\/469675376_18156570229328551_6119441734689662326_n.jpg\" data-rel=\"penci-gallery-image-content\" ><img loading=\"lazy\" decoding=\"async\" width=\"527\" height=\"400\" src=\"https:\/\/enolife.com.ar\/es\/wp-content\/uploads\/2025\/02\/469675376_18156570229328551_6119441734689662326_n.jpg\" alt=\"\" class=\"wp-image-137046\" srcset=\"https:\/\/enolife.com.ar\/es\/wp-content\/uploads\/2025\/02\/469675376_18156570229328551_6119441734689662326_n.jpg 527w, https:\/\/enolife.com.ar\/es\/wp-content\/uploads\/2025\/02\/469675376_18156570229328551_6119441734689662326_n-300x228.jpg 300w\" sizes=\"auto, (max-width: 527px) 100vw, 527px\" \/><\/a><\/figure><\/div>\n\n\n<div style=\"height:30px\" aria-hidden=\"true\" class=\"wp-block-spacer\"><\/div>\n\n\n\n<p>A\u00fan recuerdan c\u00f3mo era el lugar cuando llegaron y el desarrollo que ha tenido hasta la actualidad: <em>\u201cEs algo muy gratificante, no s\u00f3lo por haber logrado el resultado de la calidad del vino que logramos, sino tambi\u00e9n por haber llevado a cabo el proyecto en casa, porque desde que lo planificamos hasta poder llevarlo a la pr\u00e1ctica cost\u00f3 mucho. Hoy, tener un volumen de 6.000 u 8.000 kilos de fruta de calidad y poder elaborar los vinos de la calidad que elaboramos es muy reconfortante, porque se hizo todo desde cero\u201d.<\/em><\/p>\n\n\n\n<p>El camino no fue f\u00e1cil, pasaron por volcanes, la pandemia, incendios y un mont\u00f3n de situaciones que m\u00e1s de una vez hicieron tambalear el proyecto. Sin embargo, continuaron a paso firme y hoy es una realidad.&nbsp;<\/p>\n\n\n\n<div style=\"height:30px\" aria-hidden=\"true\" class=\"wp-block-spacer\"><\/div>\n\n\n<div class=\"wp-block-image\">\n<figure class=\"aligncenter size-full is-resized\"><a href=\"https:\/\/enolife.com.ar\/es\/wp-content\/uploads\/2025\/02\/469676305_18156570232328551_6336897798751705716_n.jpg\" data-rel=\"penci-gallery-image-content\" ><img loading=\"lazy\" decoding=\"async\" src=\"https:\/\/enolife.com.ar\/es\/wp-content\/uploads\/2025\/02\/469676305_18156570232328551_6336897798751705716_n.jpg\" alt=\"\" class=\"wp-image-137047\" width=\"481\" height=\"369\" srcset=\"https:\/\/enolife.com.ar\/es\/wp-content\/uploads\/2025\/02\/469676305_18156570232328551_6336897798751705716_n.jpg 651w, https:\/\/enolife.com.ar\/es\/wp-content\/uploads\/2025\/02\/469676305_18156570232328551_6336897798751705716_n-300x230.jpg 300w, https:\/\/enolife.com.ar\/es\/wp-content\/uploads\/2025\/02\/469676305_18156570232328551_6336897798751705716_n-585x449.jpg 585w\" sizes=\"auto, (max-width: 481px) 100vw, 481px\" \/><\/a><\/figure><\/div>\n\n\n<div style=\"height:30px\" aria-hidden=\"true\" class=\"wp-block-spacer\"><\/div>\n\n\n\n<p><em>\u201cEst\u00e1 llegando gente de muchos lados.&nbsp;La gente est\u00e1 conociendo que al sur de Bariloche hay bodegas y vi\u00f1edos, cosa que hace tres o cuatro a\u00f1os no estaba tan comunicado&nbsp;y, por suerte, se trabaja bastante. Solo somos Carina y yo. Por la ma\u00f1ana atendemos el vi\u00f1edo, los env\u00edos, los pedidos y la administraci\u00f3n, y por la tarde recibimos a las visitas\u201d<\/em>, dice con alegr\u00eda.<\/p>\n\n\n\n<div style=\"height:30px\" aria-hidden=\"true\" class=\"wp-block-spacer\"><\/div>\n\n\n\n<figure class=\"wp-block-gallery has-nested-images columns-default is-cropped wp-block-gallery-2 is-layout-flex wp-block-gallery-is-layout-flex\">\n<figure class=\"wp-block-image size-full\"><a href=\"https:\/\/enolife.com.ar\/es\/wp-content\/uploads\/2025\/02\/469800308_18156570052328551_6288685753511675606_n.jpg\" data-rel=\"penci-gallery-image-content\" ><img loading=\"lazy\" decoding=\"async\" width=\"711\" height=\"500\" data-id=\"137050\" src=\"https:\/\/enolife.com.ar\/es\/wp-content\/uploads\/2025\/02\/469800308_18156570052328551_6288685753511675606_n.jpg\" alt=\"\" class=\"wp-image-137050\" srcset=\"https:\/\/enolife.com.ar\/es\/wp-content\/uploads\/2025\/02\/469800308_18156570052328551_6288685753511675606_n.jpg 711w, https:\/\/enolife.com.ar\/es\/wp-content\/uploads\/2025\/02\/469800308_18156570052328551_6288685753511675606_n-300x211.jpg 300w, https:\/\/enolife.com.ar\/es\/wp-content\/uploads\/2025\/02\/469800308_18156570052328551_6288685753511675606_n-585x411.jpg 585w\" sizes=\"auto, (max-width: 711px) 100vw, 711px\" \/><\/a><\/figure>\n\n\n\n<figure class=\"wp-block-image size-full\"><a href=\"https:\/\/enolife.com.ar\/es\/wp-content\/uploads\/2025\/02\/469677710_18156569455328551_1562732053054893237_n.jpg\" data-rel=\"penci-gallery-image-content\" ><img loading=\"lazy\" decoding=\"async\" width=\"509\" height=\"367\" data-id=\"137051\" src=\"https:\/\/enolife.com.ar\/es\/wp-content\/uploads\/2025\/02\/469677710_18156569455328551_1562732053054893237_n.jpg\" alt=\"\" class=\"wp-image-137051\" srcset=\"https:\/\/enolife.com.ar\/es\/wp-content\/uploads\/2025\/02\/469677710_18156569455328551_1562732053054893237_n.jpg 509w, https:\/\/enolife.com.ar\/es\/wp-content\/uploads\/2025\/02\/469677710_18156569455328551_1562732053054893237_n-300x216.jpg 300w\" sizes=\"auto, (max-width: 509px) 100vw, 509px\" \/><\/a><\/figure>\n<\/figure>\n\n\n\n<div style=\"height:30px\" aria-hidden=\"true\" class=\"wp-block-spacer\"><\/div>\n\n\n\n<p>En verano, la bodega est\u00e1 abierta de 16 a 20 hs. La pareja recomienda hacer reserva si la idea es poder degustar los vinos con una tabla de curtido. <em>\u201cAs\u00ed los podemos atender mejor y no tienen que esperar si tenemos gente\u201d,<\/em> dice Pedro, mientras Carina atiende a uno de los \u00faltimos visitantes de la jornada, quienes desean conocer el lugar y degustar estos vinos de zona fr\u00eda que se caracterizan por su&nbsp;alta acidez, su expresi\u00f3n de fruta fresca y sus bajos alcoholes; un producto que muestra el potencial productivo y tur\u00edstico de una zona que sigue creciendo en uno de los rincones m\u00e1s hermosos de Chubut, el lugar que ellos eligieron para estar m\u00e1s cerca de sus hijos y emprender en turismo.<\/p>\n\n\n\n<div style=\"height:23px\" aria-hidden=\"true\" class=\"wp-block-spacer\"><\/div>\n\n\n\n<p class=\"has-small-font-size\"><em><strong>Fuente: ADN Sur, por Fredi Carrera<\/strong><\/em><\/p>\n\n\n\n<div style=\"height:19px\" aria-hidden=\"true\" class=\"wp-block-spacer\"><\/div>\n\n\n\n<div style=\"height:35px\" aria-hidden=\"true\" class=\"wp-block-spacer\"><\/div>\n","protected":false},"excerpt":{"rendered":"<p>La historia de Pedro Adamow y Carina Noya es la de una pareja emprendedora que&hellip;<\/p>\n","protected":false},"author":2,"featured_media":137035,"comment_status":"open","ping_status":"open","sticky":false,"template":"","format":"standard","meta":{"footnotes":""},"categories":[11],"tags":[],"class_list":["post-137030","post","type-post","status-publish","format-standard","has-post-thumbnail","hentry","category-enoturismo"],"_links":{"self":[{"href":"https:\/\/enolife.com.ar\/es\/wp-json\/wp\/v2\/posts\/137030","targetHints":{"allow":["GET"]}}],"collection":[{"href":"https:\/\/enolife.com.ar\/es\/wp-json\/wp\/v2\/posts"}],"about":[{"href":"https:\/\/enolife.com.ar\/es\/wp-json\/wp\/v2\/types\/post"}],"author":[{"embeddable":true,"href":"https:\/\/enolife.com.ar\/es\/wp-json\/wp\/v2\/users\/2"}],"replies":[{"embeddable":true,"href":"https:\/\/enolife.com.ar\/es\/wp-json\/wp\/v2\/comments?post=137030"}],"version-history":[{"count":0,"href":"https:\/\/enolife.com.ar\/es\/wp-json\/wp\/v2\/posts\/137030\/revisions"}],"wp:featuredmedia":[{"embeddable":true,"href":"https:\/\/enolife.com.ar\/es\/wp-json\/wp\/v2\/media\/137035"}],"wp:attachment":[{"href":"https:\/\/enolife.com.ar\/es\/wp-json\/wp\/v2\/media?parent=137030"}],"wp:term":[{"taxonomy":"category","embeddable":true,"href":"https:\/\/enolife.com.ar\/es\/wp-json\/wp\/v2\/categories?post=137030"},{"taxonomy":"post_tag","embeddable":true,"href":"https:\/\/enolife.com.ar\/es\/wp-json\/wp\/v2\/tags?post=137030"}],"curies":[{"name":"wp","href":"https:\/\/api.w.org\/{rel}","templated":true}]}}