{"id":136955,"date":"2025-02-02T23:46:05","date_gmt":"2025-02-02T23:46:05","guid":{"rendered":"https:\/\/enolife.com.ar\/es\/?p=136955"},"modified":"2025-02-03T14:02:43","modified_gmt":"2025-02-03T14:02:43","slug":"ya-montan-el-escenario-de-3-700-m2-con-cajas-luminicas-de-12-m-para-la-fiesta-de-la-vendimia","status":"publish","type":"post","link":"https:\/\/enolife.com.ar\/es\/ya-montan-el-escenario-de-3-700-m2-con-cajas-luminicas-de-12-m-para-la-fiesta-de-la-vendimia\/","title":{"rendered":"Ya montan el escenario de 3.700 m2 con cajas lum\u00ednicas de 12 m para la Fiesta de la Vendimia"},"content":{"rendered":"\n<h4 class=\"wp-block-heading\"><em><strong>Comenz\u00f3 el 30\/1\/25 la construcci\u00f3n del gigantesco escenario, con m\u00faltiples plataformas y niveles, del anfiteatro griego Frank Romero Day, enclavado en los cerros al oeste de la ciudad de Mendoza. All\u00ed, como cada a\u00f1o desde hace d\u00e9cadas, se desarrollar\u00e1 el Acto Central de la Fiesta Nacional de la Vendimia 2025,&nbsp;denominada este a\u00f1o \u00abGuardiana del vino eterno\u00bb. En 20 d\u00edas estar\u00e1 listo y las \u00faltimas jornadas antes de la Fiesta, el 8 de marzo, se destinar\u00e1 a las pruebas y ensayos finales.<\/strong><\/em><\/h4>\n\n\n\n<div style=\"height:35px\" aria-hidden=\"true\" class=\"wp-block-spacer\"><\/div>\n\n\n<a href=\"https:\/\/grupoaltasur.com\/\" aria-label=\"1700-500px\"><img loading=\"lazy\" decoding=\"async\" src=\"https:\/\/enolife.com.ar\/es\/wp-content\/uploads\/2021\/01\/1700-500px.jpg\" alt=\"\"  srcset=\"https:\/\/enolife.com.ar\/es\/wp-content\/uploads\/2021\/01\/1700-500px.jpg 1700w, https:\/\/enolife.com.ar\/es\/wp-content\/uploads\/2021\/01\/1700-500px-300x88.jpg 300w, https:\/\/enolife.com.ar\/es\/wp-content\/uploads\/2021\/01\/1700-500px-1024x301.jpg 1024w, https:\/\/enolife.com.ar\/es\/wp-content\/uploads\/2021\/01\/1700-500px-768x226.jpg 768w, https:\/\/enolife.com.ar\/es\/wp-content\/uploads\/2021\/01\/1700-500px-1536x452.jpg 1536w, https:\/\/enolife.com.ar\/es\/wp-content\/uploads\/2021\/01\/1700-500px-1170x344.jpg 1170w, https:\/\/enolife.com.ar\/es\/wp-content\/uploads\/2021\/01\/1700-500px-585x172.jpg 585w\" sizes=\"auto, (max-width: 1700px) 100vw, 1700px\" width=\"1700\" height=\"500\"   \/><\/a>\n\n\n<div style=\"height:45px\" aria-hidden=\"true\" class=\"wp-block-spacer\"><\/div>\n\n\n\n<p>El <strong>Teatro Griego Frank Romero Day<\/strong> comenz\u00f3 a tomar vida esta semana, ya que empez\u00f3 la construcci\u00f3n del escenario para el <strong>Acto Central de la Fiesta Nacional de la Vendimia 2025<\/strong>,&nbsp;\u00abGuardiana del vino eterno\u00bb. Se trata de una estructura de 3.700 metros cuadrados en la que trabajan aproximadamente 40 personas. Se estima que estar\u00e1 terminado el 20 de febrero.<\/p>\n\n\n\n<div style=\"height:21px\" aria-hidden=\"true\" class=\"wp-block-spacer\"><\/div>\n\n\n\n<p class=\"has-light-green-cyan-background-color has-background\">La Vendimia 2025 contar\u00e1 con la participaci\u00f3n de gran cantidad de artistas en escena, bajo la direcci\u00f3n de Franco Ag\u00fcero. Este esperado espect\u00e1culo, que se celebrar\u00e1 los d\u00edas&nbsp;<strong>8 y 9 de marzo<\/strong>, es un homenaje al legado vitivin\u00edcola mendocino que resalta la identidad y tradici\u00f3n de la provincia.<\/p>\n\n\n\n<div style=\"height:18px\" aria-hidden=\"true\" class=\"wp-block-spacer\"><\/div>\n\n\n\n<p><strong>Noelia Torres<\/strong>, directora del \u00e1rea Vendimia y Producci\u00f3n Cultural del Gobierno de Mendoza, y a cargo de la producci\u00f3n general de la Fiesta Nacional de la Vendimia, destac\u00f3 que <em>\u201cse trabaja todos los d\u00edas de la semana. Son m\u00e1s de 12 horas diarias y siempre estamos viendo qu\u00e9 falta\u201d.<\/em><\/p>\n\n\n\n<div style=\"height:30px\" aria-hidden=\"true\" class=\"wp-block-spacer\"><\/div>\n\n\n<div class=\"wp-block-image\">\n<figure class=\"aligncenter size-full is-resized\"><a href=\"https:\/\/enolife.com.ar\/es\/wp-content\/uploads\/2025\/02\/WhatsApp-Image-2025-01-31-at-10.41.15.jpeg\" data-rel=\"penci-gallery-image-content\" ><img loading=\"lazy\" decoding=\"async\" src=\"https:\/\/enolife.com.ar\/es\/wp-content\/uploads\/2025\/02\/WhatsApp-Image-2025-01-31-at-10.41.15.jpeg\" alt=\"\" class=\"wp-image-136959\" width=\"638\" height=\"443\" srcset=\"https:\/\/enolife.com.ar\/es\/wp-content\/uploads\/2025\/02\/WhatsApp-Image-2025-01-31-at-10.41.15.jpeg 720w, https:\/\/enolife.com.ar\/es\/wp-content\/uploads\/2025\/02\/WhatsApp-Image-2025-01-31-at-10.41.15-300x208.jpeg 300w, https:\/\/enolife.com.ar\/es\/wp-content\/uploads\/2025\/02\/WhatsApp-Image-2025-01-31-at-10.41.15-585x406.jpeg 585w\" sizes=\"auto, (max-width: 638px) 100vw, 638px\" \/><\/a><\/figure><\/div>\n\n\n<div style=\"height:30px\" aria-hidden=\"true\" class=\"wp-block-spacer\"><\/div>\n\n\n\n<p>Por su parte, la responsable de la idea escenogr\u00e1fica, la arquitecta <strong>Florencia Aldana Garc\u00eda Alcaraz,<\/strong> adelant\u00f3 que el espect\u00e1culo contar\u00e1 con un importante despliegue de luces, presencia de pantallas y cajas lum\u00ednicas de gran importancia.<\/p>\n\n\n\n<p>\u201c<em>Se montar\u00e1n cuatro escenarios, en distintos niveles, que en total abarcar\u00e1n una superficie de aproximadamente 2.200 metros cuadrados, sin contar el espejo de agua y la pasarela por donde los artistas se acercan al p\u00fablico. Los m\u00fasicos se ubicar\u00e1n a la derecha de la propuesta\u201d, detall\u00f3 la arquitecta, y destac\u00f3 la tarea que se est\u00e1 realizando para el armado de las cajas lum\u00ednicas que este a\u00f1o \u201ctendr\u00e1n una altura de entre 10 y 12 metros\u201d,<\/em> precis\u00f3 Garc\u00eda Alcaraz.<\/p>\n\n\n\n<div style=\"height:34px\" aria-hidden=\"true\" class=\"wp-block-spacer\"><\/div>\n","protected":false},"excerpt":{"rendered":"<p>Comenz\u00f3 el 30\/1\/25 la construcci\u00f3n del gigantesco escenario, con m\u00faltiples plataformas y niveles, del anfiteatro&hellip;<\/p>\n","protected":false},"author":2,"featured_media":136958,"comment_status":"open","ping_status":"open","sticky":false,"template":"","format":"standard","meta":{"footnotes":""},"categories":[14],"tags":[],"class_list":["post-136955","post","type-post","status-publish","format-standard","has-post-thumbnail","hentry","category-news"],"_links":{"self":[{"href":"https:\/\/enolife.com.ar\/es\/wp-json\/wp\/v2\/posts\/136955","targetHints":{"allow":["GET"]}}],"collection":[{"href":"https:\/\/enolife.com.ar\/es\/wp-json\/wp\/v2\/posts"}],"about":[{"href":"https:\/\/enolife.com.ar\/es\/wp-json\/wp\/v2\/types\/post"}],"author":[{"embeddable":true,"href":"https:\/\/enolife.com.ar\/es\/wp-json\/wp\/v2\/users\/2"}],"replies":[{"embeddable":true,"href":"https:\/\/enolife.com.ar\/es\/wp-json\/wp\/v2\/comments?post=136955"}],"version-history":[{"count":0,"href":"https:\/\/enolife.com.ar\/es\/wp-json\/wp\/v2\/posts\/136955\/revisions"}],"wp:featuredmedia":[{"embeddable":true,"href":"https:\/\/enolife.com.ar\/es\/wp-json\/wp\/v2\/media\/136958"}],"wp:attachment":[{"href":"https:\/\/enolife.com.ar\/es\/wp-json\/wp\/v2\/media?parent=136955"}],"wp:term":[{"taxonomy":"category","embeddable":true,"href":"https:\/\/enolife.com.ar\/es\/wp-json\/wp\/v2\/categories?post=136955"},{"taxonomy":"post_tag","embeddable":true,"href":"https:\/\/enolife.com.ar\/es\/wp-json\/wp\/v2\/tags?post=136955"}],"curies":[{"name":"wp","href":"https:\/\/api.w.org\/{rel}","templated":true}]}}