{"id":136747,"date":"2025-01-31T21:57:26","date_gmt":"2025-01-31T21:57:26","guid":{"rendered":"https:\/\/enolife.com.ar\/es\/?p=136747"},"modified":"2025-02-02T20:51:22","modified_gmt":"2025-02-02T20:51:22","slug":"descubren-que-plantar-habas-entre-las-hileras-mejora-la-compactacion-del-suelo-y-vigoriza-las-vides","status":"publish","type":"post","link":"https:\/\/enolife.com.ar\/es\/descubren-que-plantar-habas-entre-las-hileras-mejora-la-compactacion-del-suelo-y-vigoriza-las-vides\/","title":{"rendered":"Descubren que plantar habas entre las hileras mejora la compactaci\u00f3n del suelo y vigoriza las vides"},"content":{"rendered":"\n<h4 class=\"wp-block-heading\"><em><strong>Una investigaci\u00f3n de la Universidad de Palermo, Sicilia, en un terru\u00f1o mediterr\u00e1neo semi\u00e1rido, parecido a los de Mendoza, concluy\u00f3 que la cobertura interfilar con una leguminosa como la haba es beneficioso para las vides, ya que la acumulaci\u00f3n de materia org\u00e1nica contribuye a mejorar la consistencia del suelo. La cobertura vegetal como una estrategia de manejo<\/strong><\/em><strong><em>.<\/em><\/strong><\/h4>\n\n\n\n<div style=\"height:34px\" aria-hidden=\"true\" class=\"wp-block-spacer\"><\/div>\n\n\n\n\n\n<div style=\"height:44px\" aria-hidden=\"true\" class=\"wp-block-spacer\"><\/div>\n\n\n\n<p>La compactaci\u00f3n del suelo afecta a la vid. La reducci\u00f3n de materia org\u00e1nica influye en las propiedades de compactaci\u00f3n y consistencia del suelo del vi\u00f1edo, influyendo en la estructura del suelo.<\/p>\n\n\n\n<p>El uso de cobertura vegetal en los vi\u00f1edos se considera una estrategia de manejo que contribuye al mejoramiento de la estructura del suelo.<\/p>\n\n\n\n<p>Las <strong>t\u00e9cnicas de teledetecci\u00f3n<\/strong> de cultivos de cobertura proporcionan informaci\u00f3n sobre la variabilidad espacial que puede ser \u00fatil en la viticultura de precisi\u00f3n. Un estudio de la<strong> Universidad de Palermo, Sicilia, Italia<\/strong>, investig\u00f3 las interacciones suelo-planta utilizando datos biom\u00e9tricos, respuesta espectral y par\u00e1metros fisicoqu\u00edmicos del suelo medidos en 2021-2022, con el objetivo de evaluar las variaciones espacio-temporales. Estas evaluaciones se llevaron a cabo en un vi\u00f1edo de la empresa en un <strong>entorno mediterr\u00e1neo semi\u00e1rido.<\/strong><\/p>\n\n\n\n<p>Durante la temporada de invierno (T1) se evalu\u00f3 el crecimiento del cultivo de cobertura <strong>(Vicia Faba o haba, una planta leguminosa)<\/strong>. De igual forma, durante la temporada de verano (T2) se realiz\u00f3 seguimiento del vi\u00f1edo durante las fases fenol\u00f3gicas de floraci\u00f3n (T2A) y maduraci\u00f3n de la uva (T2B).<\/p>\n\n\n\n<p>Se utilizaron im\u00e1genes multiespectrales adquiridas <strong>a trav\u00e9s de veh\u00edculos a\u00e9reos no tripulados (UAV) <\/strong>y posteriormente se calcul\u00f3 el \u00edndice de vegetaci\u00f3n de diferencia normalizada (NDVI) para obtener mapas de vigor del cultivo. Utilizando mapas de conglomerados LISA bivariados, se compararon los mapas de vigor de los cultivos de cobertura con los del vi\u00f1edo, revelando la presencia de una autocorrelaci\u00f3n espacial positiva significativa entre los dos cultivos.<\/p>\n\n\n\n<div style=\"height:17px\" aria-hidden=\"true\" class=\"wp-block-spacer\"><\/div>\n\n\n\n<h3 class=\"wp-block-heading has-text-color\" style=\"color:#27634c\">De hecho, en las zonas donde el cultivo de cobertura mostr\u00f3 una mayor acumulaci\u00f3n de materia seca, se observ\u00f3 un crecimiento altamente vigoroso de la vid. <\/h3>\n\n\n\n<div style=\"height:16px\" aria-hidden=\"true\" class=\"wp-block-spacer\"><\/div>\n\n\n\n<p>La asociaci\u00f3n espacial identificada en las investigaciones realizadas en T1 y T2 se examin\u00f3 considerando los par\u00e1metros del suelo. <strong>Se encontr\u00f3 que en \u00e1reas donde tanto la cobertura de pasto como las vides mostraron altos valores de NDVI, los factores del suelo como el carbono org\u00e1nico del suelo (SOC) y el contenido de nitr\u00f3geno total (NT) fueron mayores.<\/strong><\/p>\n\n\n\n<p>Por el contrario, en \u00e1reas donde ambos cultivos mostraron valores bajos de NDVI, se asociaron con una mayor densidad aparente del suelo (BD).<\/p>\n\n\n\n<p>Adem\u00e1s, en zonas de bajo vigor, se observaron valores m\u00e1s altos de resistencia a la penetraci\u00f3n del suelo (SPR) tanto en T1 como en T2, lo que ayud\u00f3 a limitar el alargamiento de las ra\u00edces y, por lo tanto, a reducir el crecimiento general de la vid. La variabilidad del crecimiento vegetativo observada a trav\u00e9s de mapas de vigor y propiedades fisicoqu\u00edmicas del suelo se evalu\u00f3 mediante an\u00e1lisis de componentes principales (PCA).<\/p>\n\n\n\n<p>Los par\u00e1metros del suelo considerados dentro de estos componentes han resaltado su influencia en el crecimiento de los cultivos. Este estudio destaca c\u00f3mo los factores del suelo influyen directamente en la variabilidad espacio-temporal de los cultivos. El monitoreo de la cobertura vegetal permite la identificaci\u00f3n oportuna de la variabilidad espacial, apoyando a los en\u00f3logos en la elecci\u00f3n de t\u00e9cnicas sustentables de manejo de vi\u00f1edos.<\/p>\n\n\n\n<div style=\"height:24px\" aria-hidden=\"true\" class=\"wp-block-spacer\"><\/div>\n\n\n\n<p class=\"has-small-font-size\"><em><strong>Fuente: yeatronaturale.it. Autor: Ernesto Vania<\/strong><\/em><\/p>\n\n\n\n<div style=\"height:31px\" aria-hidden=\"true\" class=\"wp-block-spacer\"><\/div>\n","protected":false},"excerpt":{"rendered":"<p>Una investigaci\u00f3n de la Universidad de Palermo, Sicilia, en un terru\u00f1o mediterr\u00e1neo semi\u00e1rido, parecido a&hellip;<\/p>\n","protected":false},"author":2,"featured_media":136771,"comment_status":"open","ping_status":"open","sticky":false,"template":"","format":"standard","meta":{"footnotes":""},"categories":[56,5],"tags":[],"class_list":["post-136747","post","type-post","status-publish","format-standard","has-post-thumbnail","hentry","category-destacado","category-fincas"],"_links":{"self":[{"href":"https:\/\/enolife.com.ar\/es\/wp-json\/wp\/v2\/posts\/136747","targetHints":{"allow":["GET"]}}],"collection":[{"href":"https:\/\/enolife.com.ar\/es\/wp-json\/wp\/v2\/posts"}],"about":[{"href":"https:\/\/enolife.com.ar\/es\/wp-json\/wp\/v2\/types\/post"}],"author":[{"embeddable":true,"href":"https:\/\/enolife.com.ar\/es\/wp-json\/wp\/v2\/users\/2"}],"replies":[{"embeddable":true,"href":"https:\/\/enolife.com.ar\/es\/wp-json\/wp\/v2\/comments?post=136747"}],"version-history":[{"count":0,"href":"https:\/\/enolife.com.ar\/es\/wp-json\/wp\/v2\/posts\/136747\/revisions"}],"wp:featuredmedia":[{"embeddable":true,"href":"https:\/\/enolife.com.ar\/es\/wp-json\/wp\/v2\/media\/136771"}],"wp:attachment":[{"href":"https:\/\/enolife.com.ar\/es\/wp-json\/wp\/v2\/media?parent=136747"}],"wp:term":[{"taxonomy":"category","embeddable":true,"href":"https:\/\/enolife.com.ar\/es\/wp-json\/wp\/v2\/categories?post=136747"},{"taxonomy":"post_tag","embeddable":true,"href":"https:\/\/enolife.com.ar\/es\/wp-json\/wp\/v2\/tags?post=136747"}],"curies":[{"name":"wp","href":"https:\/\/api.w.org\/{rel}","templated":true}]}}