{"id":136686,"date":"2025-01-31T12:53:02","date_gmt":"2025-01-31T12:53:02","guid":{"rendered":"https:\/\/enolife.com.ar\/es\/?p=136686"},"modified":"2025-02-01T14:36:38","modified_gmt":"2025-02-01T14:36:38","slug":"ya-se-armo-la-orquesta-efimera-de-50-musicos-que-interpretara-el-ritmo-magico-de-la-vendimia","status":"publish","type":"post","link":"https:\/\/enolife.com.ar\/es\/ya-se-armo-la-orquesta-efimera-de-50-musicos-que-interpretara-el-ritmo-magico-de-la-vendimia\/","title":{"rendered":"Ya se arm\u00f3 la orquesta ef\u00edmera de 50 m\u00fasicos que interpretar\u00e1 el ritmo m\u00e1gico de la Vendimia"},"content":{"rendered":"\n<h4 class=\"wp-block-heading\"><em><strong>Tiene desde bombos a tri\u00e1ngulos, pasando por todas las cuerdas y todos los vientos, incluidos aer\u00f3fonos andinos. Es una combinaci\u00f3n \u00abecl\u00e9ctica\u00bb -como la define su director Dar\u00edo Maugeri- de m\u00fasicos, estilos de interpretaci\u00f3n e instrumentos, que fue cuidadosamente dise\u00f1ada para captar y transmitir al p\u00fablico el esp\u00edritu de la \u00abGuardiana del vino eterno\u00bb, tal el nombre de esta Fiesta que copar\u00e1 el Anfiteatro Frank Romero Day los d\u00edas 8 y 9 de marzo. Tras la puesta en escena, cada uno de los artistas profesionales que la integran volver\u00e1n a sus puestos en otras orquestas y grupos, hasta que la magia de otra Fiesta los convoque. Pero la m\u00fasica quedar\u00e1 en el coraz\u00f3n de los espectadores.<\/strong><\/em><\/h4>\n\n\n\n<div style=\"height:35px\" aria-hidden=\"true\" class=\"wp-block-spacer\"><\/div>\n\n\n<a href=\"https:\/\/instagram.com\/labelsolutions?igshid=YmMyMTA2M2Y=\" aria-label=\"Banner Palero 1700&#215;500\"><img loading=\"lazy\" decoding=\"async\" src=\"https:\/\/enolife.com.ar\/es\/wp-content\/uploads\/2021\/09\/Banner-Palero-1700x500-1.gif\" alt=\"\"  width=\"1700\" height=\"500\"   \/><\/a>\n\n\n<div style=\"height:45px\" aria-hidden=\"true\" class=\"wp-block-spacer\"><\/div>\n\n\n\n<p><strong>Dar\u00edo Maugeri <\/strong>es el director musical de la <strong>Fiesta Nacional de la Vendimia 2025<\/strong>, que este a\u00f1o lleva el expresivo nombre de <strong>\u201cGuardiana del vino eterno\u201d<\/strong>. A su lado est\u00e1 <strong>Hugo Budini<\/strong> como codirector, y ambos tienen a su cargo un ensamble de 50 talentosos m\u00fasicos mendocinos que interpretar\u00e1n en vivo la banda sonora del espect\u00e1culo durante sus dos noches de presentaci\u00f3n.<\/p>\n\n\n\n<p>Tal como la definen sus directores, esta orquesta <strong>\u00abecl\u00e9ctica\u00bb<\/strong> -y <strong>ef\u00edmera<\/strong>, como advertimos nosotros porque desaparecer\u00e1 despu\u00e9s de dejarlo todo en el aire de los cerros y la banda sonora- combina maderas, bronces, cuerdas y percusi\u00f3n, sumando un conjunto vocal que enriquece la variedad t\u00edmbrica y sonora necesaria para una puesta en escena que fusiona diversos lenguajes art\u00edsticos.&nbsp;<\/p>\n\n\n\n<p>El <strong>Acto Central de la Fiesta Nacional de la Vendimia 2025<\/strong> se desarrollar\u00e1 en el <strong>Teatro Griego Frank Romero Day<\/strong> el s\u00e1bado <strong>8 de marzo<\/strong> y la repetici\u00f3n el <strong>domingo 9 de marzo<\/strong>. Es por eso que desde hace semanas el ensamble musical ensaya de lunes a viernes en el <strong>Espacio Cultural Julio Le Parc<\/strong> para cumplir, como es habitual, con el rol fundamental de ejecutar la m\u00fasica en vivo.<\/p>\n\n\n\n<div style=\"height:35px\" aria-hidden=\"true\" class=\"wp-block-spacer\"><\/div>\n\n\n\n<p class=\"has-medium-font-size\"><strong>Los encargados del ensamble<\/strong><\/p>\n\n\n\n<p><strong>Dar\u00edo Maugeri<\/strong> adem\u00e1s de estar al frente de la direcci\u00f3n musical es el <strong>compositor <\/strong>de las piezas originales que sonar\u00e1n en el teatro griego. Esta es su segunda Vendimia, ya que la primera fue en 2023 con <strong>\u201cJuglares de Vendimia\u201d<\/strong>, tambi\u00e9n a cargo del director general <strong>Franco Ag\u00fcero.<\/strong><\/p>\n\n\n\n<div style=\"height:11px\" aria-hidden=\"true\" class=\"wp-block-spacer\"><\/div>\n\n\n\n<h3 class=\"wp-block-heading has-vivid-red-color has-text-color\">La direcci\u00f3n musical es clave para definir la identidad de la fiesta. M\u00e1s que una simple ejecuci\u00f3n, implica coordinar un trabajo colectivo en el que la m\u00fasica marca el car\u00e1cter del espect\u00e1culo.<\/h3>\n\n\n\n<div style=\"height:21px\" aria-hidden=\"true\" class=\"wp-block-spacer\"><\/div>\n\n\n\n<p>Maugeri explic\u00f3 que la direcci\u00f3n musical requiere meses de trabajo en conjunto con un equipo multidisciplinario. En su caso, comenz\u00f3 en marzo del a\u00f1o pasado cuando<strong> Paula Barbuzza<\/strong> lo invit\u00f3 a sumarse al equipo de Franco Ag\u00fcero. <\/p>\n\n\n\n<div style=\"height:19px\" aria-hidden=\"true\" class=\"wp-block-spacer\"><\/div>\n\n\n\n<blockquote class=\"wp-block-quote is-layout-flow wp-block-quote-is-layout-flow\">\n<p>Se trata de un gui\u00f3n que presenta organismos m\u00e1gicos y, en base a eso, ya empezamos a interactuar entre todos para darle vida a esa historia. Desde mi lugar, mi trabajo es manejar, a trav\u00e9s de la m\u00fasica, las emociones que conlleva el gui\u00f3n y acompa\u00f1ar al texto. Adem\u00e1s, tenemos que contemplar lo que son las danzas porque tambi\u00e9n se articula con los movimientos coreogr\u00e1ficos\u201d.<\/p>\n<cite>Dar\u00edo Maugeri, director musical de la Fiesta de la Vendimia 2025<\/cite><\/blockquote>\n\n\n\n<div style=\"height:30px\" aria-hidden=\"true\" class=\"wp-block-spacer\"><\/div>\n\n\n<div class=\"wp-block-image\">\n<figure class=\"aligncenter size-full is-resized\"><a href=\"https:\/\/enolife.com.ar\/es\/wp-content\/uploads\/2025\/01\/DEL_2645-700x451-1.jpg\" data-rel=\"penci-gallery-image-content\" ><img loading=\"lazy\" decoding=\"async\" src=\"https:\/\/enolife.com.ar\/es\/wp-content\/uploads\/2025\/01\/DEL_2645-700x451-1.jpg\" alt=\"\" class=\"wp-image-136693\" width=\"628\" height=\"405\" srcset=\"https:\/\/enolife.com.ar\/es\/wp-content\/uploads\/2025\/01\/DEL_2645-700x451-1.jpg 700w, https:\/\/enolife.com.ar\/es\/wp-content\/uploads\/2025\/01\/DEL_2645-700x451-1-300x193.jpg 300w, https:\/\/enolife.com.ar\/es\/wp-content\/uploads\/2025\/01\/DEL_2645-700x451-1-585x377.jpg 585w\" sizes=\"auto, (max-width: 628px) 100vw, 628px\" \/><\/a><figcaption class=\"wp-element-caption\"><em><strong>Dar\u00edo Maugeri, director musical de la Fiesta (centro), con dos de sus colaboradores<\/strong><\/em><strong><em>.<\/em><\/strong><\/figcaption><\/figure><\/div>\n\n\n<div style=\"height:30px\" aria-hidden=\"true\" class=\"wp-block-spacer\"><\/div>\n\n\n\n<p>Vendimia es una fiesta muy particular porque tiene un eje vertebral que es el folclore, pero que convive con otras muchas est\u00e9ticas y estilos musicales. Por eso, el director explica que su equipo trabaja en ponerse de acuerdo en definir qu\u00e9 est\u00e9tica aportar a cada cuadro y ser coherentes con esa idea. Agrega Maugeri: <em>\u201cTodo trabajo colectivo tiene que tener una predisposici\u00f3n en la cual dec\u00eds \u2018te acompa\u00f1o y te sigo de esta manera\u2019, aunque a veces pueden darse situaciones en las cuales no coincid\u00eds con un compa\u00f1ero, en las cuales cada uno fundamenta sus motivos, pero siempre teniendo en cuenta que el objetivo es que vayamos al mismo lugar y tratar de materializar una idea entre todos&#8230; No es f\u00e1cil, por eso se divide en distintas \u00e1reas y por eso tenemos un director general que va jerarquizando seg\u00fan el \u00e1rea y distribuyendo roles\u201d.<\/em><\/p>\n\n\n\n<div style=\"height:35px\" aria-hidden=\"true\" class=\"wp-block-spacer\"><\/div>\n\n\n\n<p class=\"has-medium-font-size\"><strong>C\u00f3mo se conform\u00f3 el ensamble<\/strong><\/p>\n\n\n\n<p>Una vez definida la identidad sonora de la obra, se realiz\u00f3 un casting abierto para seleccionar a los m\u00fasicos. La elecci\u00f3n de los instrumentos se bas\u00f3 en las necesidades del guion y la est\u00e9tica del espect\u00e1culo, que en esta edici\u00f3n se enmarca en un realismo m\u00e1gico. Maugeri, influenciado por grandes maestros como <strong>Hans Zimmer<\/strong> y <strong>John Williams<\/strong>, dise\u00f1\u00f3 una sonoridad que equilibra lo \u00e9pico con lo fant\u00e1stico.&nbsp;<\/p>\n\n\n\n<p>Este a\u00f1o, el ensamble est\u00e1 conformado por 50 m\u00fasicos, n\u00famero que, seg\u00fan comenta su director, presenta sus complejidades al momento de la planificaci\u00f3n. <em>\u201cPor ah\u00ed se presentaron algunas limitaciones &#8211;<\/em>explica Maugeri<em>-, es decir, c\u00f3mo pod\u00edamos armar una orquesta que no es tan grande como se piensa; y, por otro lado, implementar instrumentos que son complicados de conseguir. Pero m\u00e1s all\u00e1 de eso, hemos logrado un buen ensamble dado la est\u00e9tica y, adem\u00e1s, incorporar lo que ser\u00eda la m\u00fasica popular que tiene un fuerte protagonismo por eso hemos metido unas seis guitarras meramente folcl\u00f3ricas como criollas, el\u00e9ctricas, ac\u00fasticas y otros instrumentos, hasta un ukelele hemos incorporado porque tenemos un cuadro donde hacemos m\u00fasica del mundo, entonces ah\u00ed tambi\u00e9n tenemos que recurrir a lo que se llaman instrumentos como ex\u00f3ticos o instrumentos de determinada cultura\u201d.<\/em><\/p>\n\n\n\n<p>Por esta singular convergencia es que sus directores la denominan <strong>\u201corquesta ecl\u00e9ctica\u201d<\/strong>, porque engloba tanta variedad de g\u00e9neros que <strong>se diferencia de una orquesta cl\u00e1sica o rom\u00e1ntica. <\/strong><\/p>\n\n\n\n<h3 class=\"wp-block-heading has-vivid-red-color has-text-color\">Es un ensamble con mucha riqueza r\u00edtmica donde, por ejemplo, la percusi\u00f3n tiene una variedad de instrumentos de todo tipo donde conviven bombos leg\u00fceros junto con sonidos de timbales orquestales, para darle vida a ese realismo m\u00e1gico de \u201cGuardiana del vino eterno\u201d.<\/h3>\n\n\n\n<div style=\"height:35px\" aria-hidden=\"true\" class=\"wp-block-spacer\"><\/div>\n\n\n\n<p class=\"has-medium-font-size\"><strong>El repertorio<\/strong><\/p>\n\n\n\n<p>En una celebraci\u00f3n como la Fiesta de la Vendimia la m\u00fasica tiene su propia narrativa, su propio protagonismo, y ese fue otro desaf\u00edo para los directores musicales, el de la selecci\u00f3n de las piezas a ejecutar.<\/p>\n\n\n\n<p>Seg\u00fan detalla Maugeri, <em>\u201cLa selecci\u00f3n de la m\u00fasica es algo sumamente dif\u00edcil, porque ah\u00ed es donde hay un trabajo de proceso creativo que implica probar ideas. A veces uno tiene una idea, la prueba y no funciona, entonces, invertiste tiempo en eso y no funcion\u00f3 y tampoco hay que forzar a que la idea funcione. Hay un trabajo en cual uno hace distintas propuestas.<\/em><\/p>\n\n\n\n<div style=\"height:12px\" aria-hidden=\"true\" class=\"wp-block-spacer\"><\/div>\n\n\n\n<blockquote class=\"wp-block-quote is-layout-flow wp-block-quote-is-layout-flow\">\n<p>Una de las primeras obras que compuse para esta Fiesta fue un vals que ten\u00eda que tener una est\u00e9tica m\u00e1gica tipo Disney pero, a su vez, ten\u00eda que sonar europeo porque habla de una figura muy importante que introduce los varietales ac\u00e1 a Mendoza.\u00bb <\/p>\n<cite>Dar\u00edo Maugeri<\/cite><\/blockquote>\n\n\n\n<div style=\"height:19px\" aria-hidden=\"true\" class=\"wp-block-spacer\"><\/div>\n\n\n\n<p>Al respecto, el director cuenta: \u00ab<em>Prob\u00e9 cinco tipos de valses y el director general tuvo que elegir s\u00f3lo uno, entonces hay todo un proceso donde compongo mucho y despu\u00e9s vamos filtrando y puede ser que ese material lo reserve para otro momento. Otra cuesti\u00f3n que hemos estado considerando es la utilizaci\u00f3n de leitmotiv como recurso, es decir, un tema que suena al principio de la fiesta y esa melod\u00eda vuelve a aparecer al final y ah\u00ed se lo dejo a criterio del espectador, el descubrir por qu\u00e9 vuelve a aparecer esta melod\u00eda ac\u00e1 o qu\u00e9 personaje evoca. El objetivo es que tenga una integraci\u00f3n con la obra\u201d.<\/em><\/p>\n\n\n\n<div style=\"height:30px\" aria-hidden=\"true\" class=\"wp-block-spacer\"><\/div>\n\n\n<div class=\"wp-block-image\">\n<figure class=\"aligncenter size-full is-resized\"><a href=\"https:\/\/enolife.com.ar\/es\/wp-content\/uploads\/2025\/01\/DEL_2687-700x581-1.jpg\" data-rel=\"penci-gallery-image-content\" ><img loading=\"lazy\" decoding=\"async\" src=\"https:\/\/enolife.com.ar\/es\/wp-content\/uploads\/2025\/01\/DEL_2687-700x581-1.jpg\" alt=\"\" class=\"wp-image-136697\" width=\"545\" height=\"394\" srcset=\"https:\/\/enolife.com.ar\/es\/wp-content\/uploads\/2025\/01\/DEL_2687-700x581-1.jpg 689w, https:\/\/enolife.com.ar\/es\/wp-content\/uploads\/2025\/01\/DEL_2687-700x581-1-300x217.jpg 300w, https:\/\/enolife.com.ar\/es\/wp-content\/uploads\/2025\/01\/DEL_2687-700x581-1-585x423.jpg 585w\" sizes=\"auto, (max-width: 545px) 100vw, 545px\" \/><\/a><\/figure><\/div>\n\n\n<div style=\"height:30px\" aria-hidden=\"true\" class=\"wp-block-spacer\"><\/div>\n\n\n\n<p>En relaci\u00f3n a la m\u00fasica original, este a\u00f1o se escuchar\u00e1 un 65% de nuevas composiciones realizadas por Maugeri, quien agrega: <em>\u201cEsto tambi\u00e9n es un tema importante de explicar porque podemos verlo por tiempo o por tracks. Hay composiciones de 45 segundos que son textos incidentales y otras que duran cuatro minutos promedio. Adem\u00e1s, nosotros trabajamos en arreglos que, si bien no son originales, tambi\u00e9n tienen un proceso de embellecimiento o de adaptaci\u00f3n por parte de la orquesta. Es much\u00edsimo trabajo porque a veces se habla mucho de la m\u00fasica original pero eso tambi\u00e9n es un trabajo muy arduo\u201d.<\/em><\/p>\n\n\n\n<div style=\"height:35px\" aria-hidden=\"true\" class=\"wp-block-spacer\"><\/div>\n\n\n\n<p class=\"has-medium-font-size\"><strong>Vendimia, una experiencia intensa<\/strong><\/p>\n\n\n\n<p>Para finalizar, el director musical habl\u00f3 de c\u00f3moo ha sido su aproximaci\u00f3n a la fiesta mayor de nuestra provincia: <em>\u201cVendimia es una experiencia muy intensa porque se manejan muchas emociones y, en lo personal, lo que me da como artista es la posibilidad de como compositor poder generar obras nuevas y poder tener a disposici\u00f3n una orquesta sinf\u00f3nica ecl\u00e9ctica para materializar una idea. La experiencia a nivel personal es maravillosa porque no siempre dispongo de esos recursos para hacer mis propias obras y poder ejecutarlas en vivo y en un lugar tan colosal, tan m\u00e1gico como el teatro griego frente a m\u00e1s de 25.000 personas por noche. Adem\u00e1s, la verdad es que ten\u00e9s que tener much\u00edsimo temple y claridad, no solamente creatividad o no solamente conocimiento t\u00e9cnico, sino saber conducir un equipo y mantener un grupo humano unido para que pueda expresar emociones y se sientan confortables para sacar lo mejor de cada uno\u201d.<\/em><\/p>\n\n\n\n<div style=\"height:30px\" aria-hidden=\"true\" class=\"wp-block-spacer\"><\/div>\n\n\n<div class=\"wp-block-image\">\n<figure class=\"aligncenter size-full is-resized\"><a href=\"https:\/\/enolife.com.ar\/es\/wp-content\/uploads\/2025\/01\/Orquesta-Vendimia.jpg\" data-rel=\"penci-gallery-image-content\" ><img loading=\"lazy\" decoding=\"async\" src=\"https:\/\/enolife.com.ar\/es\/wp-content\/uploads\/2025\/01\/Orquesta-Vendimia.jpg\" alt=\"\" class=\"wp-image-136695\" width=\"648\" height=\"370\" srcset=\"https:\/\/enolife.com.ar\/es\/wp-content\/uploads\/2025\/01\/Orquesta-Vendimia.jpg 875w, https:\/\/enolife.com.ar\/es\/wp-content\/uploads\/2025\/01\/Orquesta-Vendimia-300x171.jpg 300w, https:\/\/enolife.com.ar\/es\/wp-content\/uploads\/2025\/01\/Orquesta-Vendimia-768x439.jpg 768w, https:\/\/enolife.com.ar\/es\/wp-content\/uploads\/2025\/01\/Orquesta-Vendimia-585x334.jpg 585w\" sizes=\"auto, (max-width: 648px) 100vw, 648px\" \/><\/a><\/figure><\/div>\n\n\n<div style=\"height:35px\" aria-hidden=\"true\" class=\"wp-block-spacer\"><\/div>\n\n\n\n<p><em>\u201cEste tipo de apuesta art\u00edstica es muy atractiva <\/em>-expresa Maugeri-<em>; me interesa la m\u00fasica sinf\u00f3nica&nbsp;popularizada por el cine, aunque a veces parece distante del p\u00fablico, de lo popular. Al combinarla en un evento con otros g\u00e9neros, se vuelve accesible y sigue ligada a una est\u00e9tica, con poes\u00eda y dramaturgia.&nbsp;&nbsp;Espero poder lograr eso que estoy imaginando y que la gente sienta todas esas sensaciones a trav\u00e9s de esta orquesta maravillosa y a trav\u00e9s de todo este trabajo que estamos haciendo durante tantos meses\u201d.<\/em><\/p>\n\n\n\n<div style=\"height:30px\" aria-hidden=\"true\" class=\"wp-block-spacer\"><\/div>\n\n\n\n<p class=\"has-medium-font-size\"><strong>Trabajo en equipo<\/strong><\/p>\n\n\n\n<p>Por su parte,<strong> Hugo Budini, codirector musical<\/strong> remarc\u00f3: <em>\u201cTengo el enorme placer de acompa\u00f1ar en la codirecci\u00f3n de esta maravillosa Fiesta Nacional de la Vendimia. Hace muchos meses que venimos trabajando con Dar\u00edo, tanto en los arreglos como en las composiciones y todo lo referente al entramado que implica una orquesta y todas las multifunciones que cumplimos como directores musicales. Estamos muy bien en tiempo, con el repertorio planificado y con el plus valor que en Mendoza tenemos muy buenos m\u00fasicos. Es un clima muy lindo de trabajo y de fraternidad porque muchos nos conocemos de otros espacios, lo que nos permite trabajar profesionalmente y hacer lo que amamos\u201d.<\/em><\/p>\n\n\n\n<p>Y redondea Budini: <em>\u201cEl resultado de todo este entramado es la m\u00fasica con emoci\u00f3n que es la parte que buscamos. Adem\u00e1s, Dar\u00edo viene trabajando hace muchos a\u00f1os con el equipo que integra el staff y ha podido formular la m\u00fasica en base a las necesidades del gui\u00f3n, lo que genera un ida y vuelta muy interesante que logra el clima necesario para poder llevar adelante este proceso\u201d.&nbsp;<\/em><\/p>\n\n\n\n<div style=\"height:30px\" aria-hidden=\"true\" class=\"wp-block-spacer\"><\/div>\n","protected":false},"excerpt":{"rendered":"<p>Tiene desde bombos a tri\u00e1ngulos, pasando por todas las cuerdas y todos los vientos, incluidos&hellip;<\/p>\n","protected":false},"author":2,"featured_media":136692,"comment_status":"open","ping_status":"open","sticky":false,"template":"","format":"standard","meta":{"footnotes":""},"categories":[14],"tags":[],"class_list":["post-136686","post","type-post","status-publish","format-standard","has-post-thumbnail","hentry","category-news"],"_links":{"self":[{"href":"https:\/\/enolife.com.ar\/es\/wp-json\/wp\/v2\/posts\/136686","targetHints":{"allow":["GET"]}}],"collection":[{"href":"https:\/\/enolife.com.ar\/es\/wp-json\/wp\/v2\/posts"}],"about":[{"href":"https:\/\/enolife.com.ar\/es\/wp-json\/wp\/v2\/types\/post"}],"author":[{"embeddable":true,"href":"https:\/\/enolife.com.ar\/es\/wp-json\/wp\/v2\/users\/2"}],"replies":[{"embeddable":true,"href":"https:\/\/enolife.com.ar\/es\/wp-json\/wp\/v2\/comments?post=136686"}],"version-history":[{"count":0,"href":"https:\/\/enolife.com.ar\/es\/wp-json\/wp\/v2\/posts\/136686\/revisions"}],"wp:featuredmedia":[{"embeddable":true,"href":"https:\/\/enolife.com.ar\/es\/wp-json\/wp\/v2\/media\/136692"}],"wp:attachment":[{"href":"https:\/\/enolife.com.ar\/es\/wp-json\/wp\/v2\/media?parent=136686"}],"wp:term":[{"taxonomy":"category","embeddable":true,"href":"https:\/\/enolife.com.ar\/es\/wp-json\/wp\/v2\/categories?post=136686"},{"taxonomy":"post_tag","embeddable":true,"href":"https:\/\/enolife.com.ar\/es\/wp-json\/wp\/v2\/tags?post=136686"}],"curies":[{"name":"wp","href":"https:\/\/api.w.org\/{rel}","templated":true}]}}