{"id":136612,"date":"2025-01-30T12:48:10","date_gmt":"2025-01-30T12:48:10","guid":{"rendered":"https:\/\/enolife.com.ar\/es\/?p=136612"},"modified":"2025-01-31T12:52:50","modified_gmt":"2025-01-31T12:52:50","slug":"desde-el-3-2-la-enoteca-exhibe-trajes-coronas-de-las-reinas-y-utileria-de-la-fiesta-de-la-vendimia","status":"publish","type":"post","link":"https:\/\/enolife.com.ar\/es\/desde-el-3-2-la-enoteca-exhibe-trajes-coronas-de-las-reinas-y-utileria-de-la-fiesta-de-la-vendimia\/","title":{"rendered":"Desde el 3\/2 la Enoteca exhibe trajes, coronas de las reinas y utiler\u00eda de la Fiesta de la Vendimia"},"content":{"rendered":"\n<h4 class=\"wp-block-heading\"><em><strong>El Centro Tem\u00e1tico del Vino de la capital provincial pone en escena una divertida muestra sobre la Fiesta m\u00e1xima de los mendocinos, centrada en los objetos valiosos, escenograf\u00eda y objetos art\u00edsiticos costumbristas que han sido utilizados por las reinas y en el Acto Central de la Fiesta en el Anfiteatro Frank Romero Day. La entrada tiene costo, salvo los viernes a las 13, que ser\u00e1 libre y gratuita.<\/strong><\/em><\/h4>\n\n\n\n<div style=\"height:35px\" aria-hidden=\"true\" class=\"wp-block-spacer\"><\/div>\n\n\n\n\n\n<div style=\"height:45px\" aria-hidden=\"true\" class=\"wp-block-spacer\"><\/div>\n\n\n\n<p>La <strong>Enoteca, Centro Tem\u00e1tico del Vino de Mendoza<\/strong>, inicia sus actividades de 2025 con una propuesta que suma atractivo a sus visitas guiadas habituales: el lunes 3 de febrero se inaugura la <strong>muestra \u201cViaje al coraz\u00f3n de Vendimia\u201d, <\/strong>que ser\u00e1 parte de la experiencia.<\/p>\n\n\n\n<p>\u201cViaje al coraz\u00f3n de Vendimia\u201d es un recorrido que propone al visitante introducirse en el detr\u00e1s de escena de la Fiesta Nacional mendocina y su espect\u00e1culo, a trav\u00e9s de la exhibici\u00f3n de utiler\u00eda costrumbrista que ha sido protagonista de puestas en escena anteriores en el anfiteatro <strong>Frank Romero Day, <\/strong>escenario tradicional de la Fiesta, enclavado en la precordillera mendocina.<\/p>\n\n\n\n<p>Grandes elementos, como una r\u00e9plica de la <strong>corona Vendimial<\/strong> o curiosidades del vestuario que se usa tambi\u00e9n como escenograf\u00eda, an\u00e9cdotas hist\u00f3ricas sobre los <em>atributos de las reinas<\/em>, la tarea de los artistas locales que hacen que nuestra Fiesta sea posible, y datos divertidos sobre acontecimientos que suceden tras bambalinas del espect\u00e1culo permiten que la experiencia sea completa e interactiva.<\/p>\n\n\n\n<div style=\"height:30px\" aria-hidden=\"true\" class=\"wp-block-spacer\"><\/div>\n\n\n<div class=\"wp-block-image\">\n<figure class=\"aligncenter size-large is-resized\"><a href=\"https:\/\/enolife.com.ar\/es\/wp-content\/uploads\/2025\/01\/Imagen1-25-scaled.jpg\" data-rel=\"penci-gallery-image-content\" ><img loading=\"lazy\" decoding=\"async\" src=\"https:\/\/enolife.com.ar\/es\/wp-content\/uploads\/2025\/01\/Imagen1-25-1024x538.jpg\" alt=\"\" class=\"wp-image-136623\" width=\"730\" height=\"383\" srcset=\"https:\/\/enolife.com.ar\/es\/wp-content\/uploads\/2025\/01\/Imagen1-25-1024x538.jpg 1024w, https:\/\/enolife.com.ar\/es\/wp-content\/uploads\/2025\/01\/Imagen1-25-300x158.jpg 300w, https:\/\/enolife.com.ar\/es\/wp-content\/uploads\/2025\/01\/Imagen1-25-768x404.jpg 768w, https:\/\/enolife.com.ar\/es\/wp-content\/uploads\/2025\/01\/Imagen1-25-1536x808.jpg 1536w, https:\/\/enolife.com.ar\/es\/wp-content\/uploads\/2025\/01\/Imagen1-25-2048x1077.jpg 2048w, https:\/\/enolife.com.ar\/es\/wp-content\/uploads\/2025\/01\/Imagen1-25-1170x615.jpg 1170w, https:\/\/enolife.com.ar\/es\/wp-content\/uploads\/2025\/01\/Imagen1-25-585x308.jpg 585w\" sizes=\"auto, (max-width: 730px) 100vw, 730px\" \/><\/a><\/figure><\/div>\n\n\n<div style=\"height:30px\" aria-hidden=\"true\" class=\"wp-block-spacer\"><\/div>\n\n\n\n<p>El recorrido de \u201cViaje al coraz\u00f3n de Vendimia\u201d est\u00e1 incluido en el precio regular de visita al Centro Tem\u00e1tico del Vino de La Enoteca. Sin embargo, <strong>los viernes de febrero, en el horario de las 13, ser\u00e1 completamente gratuito para el p\u00fablico mendocino<\/strong>.<\/p>\n\n\n\n<p>Los horarios disponibles para recorrer la muestra, junto a la visita guiada regular, son: <strong>10.40, 11.50, 13 y 13.50<\/strong> <strong>hs<\/strong> (se requiere reserva previa para visita en ingl\u00e9s o portugu\u00e9s, a las 13.50 hs). El valor general es de <strong>$7.000, $6.500 para mendocinos, $6.000 para jubilados y estudiantes nacionales, gratis para ni\u00f1os de hasta 12 a\u00f1os.<\/strong><\/p>\n\n\n\n<div style=\"height:13px\" aria-hidden=\"true\" class=\"wp-block-spacer\"><\/div>\n\n\n\n<p class=\"has-cyan-bluish-gray-background-color has-background\">Para mayores informes dirigirse al <strong>+54 9 2616 59-5405<\/strong> o a <strong>turismo@laenoteca.com.ar<\/strong>.<\/p>\n\n\n\n<div style=\"height:30px\" aria-hidden=\"true\" class=\"wp-block-spacer\"><\/div>\n","protected":false},"excerpt":{"rendered":"<p>El Centro Tem\u00e1tico del Vino de la capital provincial pone en escena una divertida muestra&hellip;<\/p>\n","protected":false},"author":2,"featured_media":136622,"comment_status":"open","ping_status":"open","sticky":false,"template":"","format":"standard","meta":{"footnotes":""},"categories":[47,56],"tags":[],"class_list":["post-136612","post","type-post","status-publish","format-standard","has-post-thumbnail","hentry","category-agenda","category-destacado"],"_links":{"self":[{"href":"https:\/\/enolife.com.ar\/es\/wp-json\/wp\/v2\/posts\/136612","targetHints":{"allow":["GET"]}}],"collection":[{"href":"https:\/\/enolife.com.ar\/es\/wp-json\/wp\/v2\/posts"}],"about":[{"href":"https:\/\/enolife.com.ar\/es\/wp-json\/wp\/v2\/types\/post"}],"author":[{"embeddable":true,"href":"https:\/\/enolife.com.ar\/es\/wp-json\/wp\/v2\/users\/2"}],"replies":[{"embeddable":true,"href":"https:\/\/enolife.com.ar\/es\/wp-json\/wp\/v2\/comments?post=136612"}],"version-history":[{"count":0,"href":"https:\/\/enolife.com.ar\/es\/wp-json\/wp\/v2\/posts\/136612\/revisions"}],"wp:featuredmedia":[{"embeddable":true,"href":"https:\/\/enolife.com.ar\/es\/wp-json\/wp\/v2\/media\/136622"}],"wp:attachment":[{"href":"https:\/\/enolife.com.ar\/es\/wp-json\/wp\/v2\/media?parent=136612"}],"wp:term":[{"taxonomy":"category","embeddable":true,"href":"https:\/\/enolife.com.ar\/es\/wp-json\/wp\/v2\/categories?post=136612"},{"taxonomy":"post_tag","embeddable":true,"href":"https:\/\/enolife.com.ar\/es\/wp-json\/wp\/v2\/tags?post=136612"}],"curies":[{"name":"wp","href":"https:\/\/api.w.org\/{rel}","templated":true}]}}