{"id":136544,"date":"2025-01-29T22:23:25","date_gmt":"2025-01-29T22:23:25","guid":{"rendered":"https:\/\/enolife.com.ar\/es\/?p=136544"},"modified":"2025-01-30T14:58:29","modified_gmt":"2025-01-30T14:58:29","slug":"la-camara-de-bodegas-y-productores-vitivinicolas-de-cordoba-busca-incentivar-nuevas-inversiones","status":"publish","type":"post","link":"https:\/\/enolife.com.ar\/es\/la-camara-de-bodegas-y-productores-vitivinicolas-de-cordoba-busca-incentivar-nuevas-inversiones\/","title":{"rendered":"La\u00a0C\u00e1mara de Bodegas y Productores Vitivin\u00edcolas\u00a0de C\u00f3rdoba busca incentivar nuevas inversiones"},"content":{"rendered":"\n<h4 class=\"wp-block-heading\"><em><strong>La entidad que nuclea a la mayor\u00eda de las bodegas y sitios de enoturismo de la provincia mediterr\u00e1nea argentina eligi\u00f3 como nuevo presidente a Carlos Testa. La C\u00e1mara cuenta con 50 socios y entre sus principales actividades se encuentran impulsar el vino cordob\u00e9s en el mundo y buscar inversores para nuevos proyectos enotur\u00edsticos.<\/strong><\/em><\/h4>\n\n\n\n<div style=\"height:35px\" aria-hidden=\"true\" class=\"wp-block-spacer\"><\/div>\n\n\n<a href=\"https:\/\/www.linkedin.com\/company\/agrinet-sa\/?originalSubdomain=ar\" aria-label=\"1700X500\"><img loading=\"lazy\" decoding=\"async\" src=\"https:\/\/enolife.com.ar\/es\/wp-content\/uploads\/2021\/11\/1700X500.gif\" alt=\"\"  width=\"1700\" height=\"500\"   \/><\/a>\n\n\n<div style=\"height:45px\" aria-hidden=\"true\" class=\"wp-block-spacer\"><\/div>\n\n\n\n<p>Por los pr\u00f3ximos dos a\u00f1os, <strong>Carlos Testa<\/strong> (ex directivo de Volkswagen) y due\u00f1o de la <strong>Bodega R\u00edo del Medio <\/strong>(Los Reartes), conducir\u00e1 la <strong>C\u00e1mara de Bodegas y Productores Vitivin\u00edcolas de la Provincia de C\u00f3rdoba (Cabyp)<\/strong>, una entidad que nuclea a unos 50 bodegueros y viticultores, que conforman la matriz productiva y comercial del vino cordob\u00e9s.<\/p>\n\n\n\n<div style=\"height:12px\" aria-hidden=\"true\" class=\"wp-block-spacer\"><\/div>\n\n\n\n<h3 class=\"wp-block-heading has-vivid-red-color has-text-color\">C\u00f3rdoba posee el 1% de los vi\u00f1edos y superficie cultivada de vid de Argentina. Cuenta con 11 bodegas, 24 elaboradores artesanales, 12 productores caseros y 6 f\u00e1bricas de espumosos, seg\u00fan datos relevados por la Agencia C\u00f3rdoba Turismo, todos sitios que conforman el Camino del Vino de C\u00f3rdoba.<\/h3>\n\n\n\n<div style=\"height:19px\" aria-hidden=\"true\" class=\"wp-block-spacer\"><\/div>\n\n\n\n<p>Testa comenz\u00f3 a planificar las principales l\u00edneas de su gesti\u00f3n, enfocadas, principalmente, en posicionar el vino cordob\u00e9s en el mercado nacional e internacional, a la vez de atraer nuevas inversiones productivas para desarrollar el perfil industrial de la vitivinicultura local. Todo eso sin descuidar el impulso al enoturismo, que tantas satisfacciones le ha proporcionado al sector (mueve unas 150.000 personas al a\u00f1o).<\/p>\n\n\n\n<div style=\"height:30px\" aria-hidden=\"true\" class=\"wp-block-spacer\"><\/div>\n\n\n<div class=\"wp-block-image\">\n<figure class=\"aligncenter size-full is-resized\"><a href=\"https:\/\/enolife.com.ar\/es\/wp-content\/uploads\/2025\/01\/image-135.png\" data-rel=\"penci-gallery-image-content\" ><img loading=\"lazy\" decoding=\"async\" src=\"https:\/\/enolife.com.ar\/es\/wp-content\/uploads\/2025\/01\/image-135.png\" alt=\"\" class=\"wp-image-136547\" width=\"604\" height=\"342\" srcset=\"https:\/\/enolife.com.ar\/es\/wp-content\/uploads\/2025\/01\/image-135.png 960w, https:\/\/enolife.com.ar\/es\/wp-content\/uploads\/2025\/01\/image-135-300x170.png 300w, https:\/\/enolife.com.ar\/es\/wp-content\/uploads\/2025\/01\/image-135-768x435.png 768w, https:\/\/enolife.com.ar\/es\/wp-content\/uploads\/2025\/01\/image-135-585x332.png 585w\" sizes=\"auto, (max-width: 604px) 100vw, 604px\" \/><\/a><figcaption class=\"wp-element-caption\"><strong><em>Carlos Testa<\/em><\/strong><\/figcaption><\/figure><\/div>\n\n\n<div style=\"height:30px\" aria-hidden=\"true\" class=\"wp-block-spacer\"><\/div>\n\n\n\n<div style=\"height:24px\" aria-hidden=\"true\" class=\"wp-block-spacer\"><\/div>\n\n\n\n<p>El plan ya se puso en marcha con la participaci\u00f3n -por primera vez- de los vinos cordobeses en una exposici\u00f3n internacional. Concretamente, en el <strong>Sal\u00f3n Internacional del Vino<\/strong>, que se llev\u00f3 a cabo el fin de semana pasado (24 y 25 de enero) en el hotel Enjoy Punta del Este (ex Conrad).<\/p>\n\n\n\n<p>Adem\u00e1s, firmaron con la <strong>Universidad de Villa Mar\u00eda (UNVM)<\/strong> un convenio para la elaboraci\u00f3n de un estudio bioclim\u00e1tico de la provincia, el cual permitir\u00e1 conocer cu\u00e1les son las zonas con mayor potencial productivo, como herramienta fundamental para atraer futuras inversiones.<\/p>\n\n\n\n<p>La formaci\u00f3n de profesionales y expertos en vitivinicultura es otro de los ejes de trabajo, para lo cual conversan con distintas instituciones educativas para impulsar instancias de capacitaci\u00f3n (la UNVM es la \u00fanica que brinda una diplomatura en Viticultura y Enolog\u00eda).<\/p>\n\n\n\n<div style=\"height:16px\" aria-hidden=\"true\" class=\"wp-block-spacer\"><\/div>\n\n\n\n<p class=\"has-small-font-size\"><em><strong>Fuente: InfoNegocios<\/strong><\/em><strong><em> <\/em><\/strong><\/p>\n\n\n\n<div style=\"height:22px\" aria-hidden=\"true\" class=\"wp-block-spacer\"><\/div>\n\n\n\n<div style=\"height:30px\" aria-hidden=\"true\" class=\"wp-block-spacer\"><\/div>\n","protected":false},"excerpt":{"rendered":"<p>La entidad que nuclea a la mayor\u00eda de las bodegas y sitios de enoturismo de&hellip;<\/p>\n","protected":false},"author":2,"featured_media":136552,"comment_status":"open","ping_status":"open","sticky":false,"template":"","format":"standard","meta":{"footnotes":""},"categories":[14],"tags":[],"class_list":["post-136544","post","type-post","status-publish","format-standard","has-post-thumbnail","hentry","category-news"],"_links":{"self":[{"href":"https:\/\/enolife.com.ar\/es\/wp-json\/wp\/v2\/posts\/136544","targetHints":{"allow":["GET"]}}],"collection":[{"href":"https:\/\/enolife.com.ar\/es\/wp-json\/wp\/v2\/posts"}],"about":[{"href":"https:\/\/enolife.com.ar\/es\/wp-json\/wp\/v2\/types\/post"}],"author":[{"embeddable":true,"href":"https:\/\/enolife.com.ar\/es\/wp-json\/wp\/v2\/users\/2"}],"replies":[{"embeddable":true,"href":"https:\/\/enolife.com.ar\/es\/wp-json\/wp\/v2\/comments?post=136544"}],"version-history":[{"count":0,"href":"https:\/\/enolife.com.ar\/es\/wp-json\/wp\/v2\/posts\/136544\/revisions"}],"wp:featuredmedia":[{"embeddable":true,"href":"https:\/\/enolife.com.ar\/es\/wp-json\/wp\/v2\/media\/136552"}],"wp:attachment":[{"href":"https:\/\/enolife.com.ar\/es\/wp-json\/wp\/v2\/media?parent=136544"}],"wp:term":[{"taxonomy":"category","embeddable":true,"href":"https:\/\/enolife.com.ar\/es\/wp-json\/wp\/v2\/categories?post=136544"},{"taxonomy":"post_tag","embeddable":true,"href":"https:\/\/enolife.com.ar\/es\/wp-json\/wp\/v2\/tags?post=136544"}],"curies":[{"name":"wp","href":"https:\/\/api.w.org\/{rel}","templated":true}]}}