{"id":136531,"date":"2025-01-31T15:02:57","date_gmt":"2025-01-31T15:02:57","guid":{"rendered":"https:\/\/enolife.com.ar\/es\/?p=136531"},"modified":"2025-01-31T22:31:36","modified_gmt":"2025-01-31T22:31:36","slug":"mendoza-junto-a-dos-bancos-ofrecen-creditos-para-comercio-turismo-e-industria-a-tasa-subsidiada","status":"publish","type":"post","link":"https:\/\/enolife.com.ar\/es\/mendoza-junto-a-dos-bancos-ofrecen-creditos-para-comercio-turismo-e-industria-a-tasa-subsidiada\/","title":{"rendered":"Mendoza junto a dos bancos ofrecen cr\u00e9ditos para comercio, turismo e industria a tasa subsidiada"},"content":{"rendered":"\n<h4 class=\"wp-block-heading\"><em><strong>Se trata de cr\u00e9ditos para micro, peque\u00f1as y medianas empresas de la provincia. Lo lanzaron el gobernador de Mendoza junto a directivos de los bancos Ciudad y Naci\u00f3n. Hay fondos disponibles hasta $30.000 millones, con plazos de devoluci\u00f3n hasta 7 a\u00f1os y una tasa subsidiada en 5 puntos por el Estado provincial. C\u00f3mo acceder.<\/strong><\/em><\/h4>\n\n\n\n<div style=\"height:35px\" aria-hidden=\"true\" class=\"wp-block-spacer\"><\/div>\n\n\n<a href=\"https:\/\/www.linkedin.com\/company\/agrinet-sa\/?originalSubdomain=ar\" aria-label=\"1700X500\"><img loading=\"lazy\" decoding=\"async\" src=\"https:\/\/enolife.com.ar\/es\/wp-content\/uploads\/2021\/11\/1700X500.gif\" alt=\"\"  width=\"1700\" height=\"500\"   \/><\/a>\n\n\n<div style=\"height:45px\" aria-hidden=\"true\" class=\"wp-block-spacer\"><\/div>\n\n\n\n<p>El gobernador de Mendoza, <strong>Alfredo Cornejo<\/strong>, present\u00f3 una nueva l\u00ednea de cr\u00e9ditos con bonificaci\u00f3n de tasas destinada al desarrollo y crecimiento de los sectores comercio, turismo e industria de la provincia. Lo hizo junto a los ministros de Producci\u00f3n, <strong>Rodolfo Vargas Arizu<\/strong>, y de Hacienda y Finanzas, <strong>V\u00edctor Fayad<\/strong>, y acompa\u00f1ado por directivos del <strong>Banco de la Naci\u00f3n Argentina (BNA)<\/strong> y del <strong>Banco Ciudad<\/strong>, y la titular del <strong>Fondo para la Transformaci\u00f3n y el Crecimiento, Laura Torres.<\/strong><\/p>\n\n\n\n<p>Cornejo asegur\u00f3 que desde el Ejecutivo provincial se busca aumentar el financiamiento para impulsar el crecimiento econ\u00f3mico. En este sentido, puso en valor las mejoras de la macroeconom\u00eda al mencionar que <em>\u201cMendoza necesita de esa estabilidad para poner en valor cada uno de los peque\u00f1os instrumentos que el Gobierno provincial tiene. El m\u00e1s importante es el presupuesto\u201d, y sum\u00f3 que \u201cha venido siendo administrado con mucha responsabilidad y con mucha austeridad\u201d.<\/em><\/p>\n\n\n\n<p>Particularmente sobre la l\u00ednea de financiamiento que se present\u00f3 el 28\/1\/25, Cornejo detall\u00f3: <em>\u201cHace algunos meses ofrecimos estos mismos convenios con estos mismos protagonistas bancarios para el sector agr\u00edcola&#8230; Hoy estamos agregando a la industria, al turismo y al comercio. No s\u00f3lo las actividades productivas, sino tambi\u00e9n actividades de servicio\u201d.<\/em><\/p>\n\n\n\n<p>Asimismo, se refiri\u00f3 a la necesidad de m\u00e1s financiamiento y se\u00f1al\u00f3 que <em>\u201ceso depende de esta estabilidad macro. Por eso lo veo con esperanza y queremos hacer este anuncio porque creemos que dentro de los datos positivos que est\u00e1 arrojando nuestro pa\u00eds y que arroja Mendoza, uno de los principales es que se incrementa el financiamiento\u201d.&nbsp;<\/em><\/p>\n\n\n\n<p>A su turno, el ministro Vargas Arizu coment\u00f3: <em>\u201cA trav\u00e9s de un convenio con Banco Naci\u00f3n y Banco Ciudad de Buenos Aires se van a otorgar cr\u00e9ditos a la industria, el comercio y el turismo, los cuales tendr\u00e1n un subsidio de cinco puntos de la tasa de inter\u00e9s por parte del Gobierno provincial\u201d.&nbsp;<\/em><\/p>\n\n\n\n<p>En este sentido, asegur\u00f3 que <em>\u201cdesde la Provincia venimos trabajando fuertemente en el desarrollo de herramientas que acompa\u00f1en el desarrollo y crecimiento de todas las actividades productivas. La macroeconom\u00eda est\u00e1 dando se\u00f1ales claras de mejora, es por esta raz\u00f3n que se est\u00e1n dando las condiciones necesarias para acceder a cr\u00e9ditos que acompa\u00f1an este crecimiento\u201d.&nbsp;<\/em><\/p>\n\n\n\n<div style=\"height:26px\" aria-hidden=\"true\" class=\"wp-block-spacer\"><\/div>\n\n\n\n<p class=\"has-medium-font-size\"><strong>Sin sellado y con al\u00edcuotas bajas<\/strong><\/p>\n\n\n\n<p>El titular de la cartera de Hacienda y Finanzas, V\u00edctor Fayad, en tanto, detall\u00f3 que con las mejoras econ\u00f3micas y las buenas expectativas <em>\u201ces que el sector industrial ha sido el que mayor cr\u00e9dito ha tomado y es uno de los que mayor empleo genuino genera\u201d.<\/em><\/p>\n\n\n\n<p>Fayad asegur\u00f3 que <em>\u201ctodos los cr\u00e9ditos al sector productivo est\u00e1n exentos de la al\u00edcuota del sellado y Mendoza cuenta con una de las al\u00edcuotas m\u00e1s bajas para actividades financieras. Esta es la forma de fortalecer a estos sectores\u201d<\/em>.<\/p>\n\n\n\n<p><em>\u201cTrabajamos mucho para que la provincia sea atractiva y que los bancos presten en la provincia y combinar este trabajo no solo con el subsidio de tasa a trav\u00e9s del Fondo para la Transformaci\u00f3n sino tambi\u00e9n con el sistema de sociedades de garant\u00edas rec\u00edprocas, como lo es el caso de Cuyo Aval\u201d<\/em>, cerr\u00f3 el funcionario.<\/p>\n\n\n\n<div style=\"height:23px\" aria-hidden=\"true\" class=\"wp-block-spacer\"><\/div>\n\n\n\n<blockquote class=\"wp-block-quote is-layout-flow wp-block-quote-is-layout-flow\">\n<p>Los cupos de los cr\u00e9ditos son de $30.000 millones y estar\u00e1n destinados los cr\u00e9ditos a todas las mipymes radicadas en la provincia de Mendoza. En el caso de las que correspondan a los sectores de comercio y turismo, lo que se propicia es financiar capital de trabajo incluido mercader\u00edas y en las mipymes del sector industrial, se asistir\u00e1n activos fijos, lo cual incluye maquinarias, equipos y obras civiles\u201d.<\/p>\n<cite>Laura Torres, titular del Fondo para la Transformaci\u00f3n y el Crecimiento<\/cite><\/blockquote>\n\n\n\n<div style=\"height:26px\" aria-hidden=\"true\" class=\"wp-block-spacer\"><\/div>\n\n\n\n<p><em>\u201cLa Provincia de Mendoza, a trav\u00e9s del Fondo para la Transformaci\u00f3n y el Crecimiento, absorbe 5 puntos de la tasa de inter\u00e9s que el banco proponga y ese subsidio lo mantiene durante toda la vida del cr\u00e9dito, sea que este dure 12 meses o 5 a\u00f1os o 7 a\u00f1os\u201d<\/em>, resalt\u00f3 la funcionaria. Adem\u00e1s, afirm\u00f3: <em>\u201cAdicionalmente, en el caso de Banco Naci\u00f3n, que es el agente financiero de la Provincia, ellos aportan dos puntos adicionales de bonificaci\u00f3n, es decir, los cr\u00e9ditos otorgados por esta entidad tienen 7 puntos menos respecto de la tasa ofertada\u201d.<\/em><\/p>\n\n\n\n<div style=\"height:30px\" aria-hidden=\"true\" class=\"wp-block-spacer\"><\/div>\n\n\n<div class=\"wp-block-image\">\n<figure class=\"aligncenter size-full is-resized\"><a href=\"https:\/\/enolife.com.ar\/es\/wp-content\/uploads\/2025\/01\/DSC09221.jpg\" data-rel=\"penci-gallery-image-content\" ><img loading=\"lazy\" decoding=\"async\" src=\"https:\/\/enolife.com.ar\/es\/wp-content\/uploads\/2025\/01\/DSC09221.jpg\" alt=\"\" class=\"wp-image-136735\" width=\"694\" height=\"396\" srcset=\"https:\/\/enolife.com.ar\/es\/wp-content\/uploads\/2025\/01\/DSC09221.jpg 875w, https:\/\/enolife.com.ar\/es\/wp-content\/uploads\/2025\/01\/DSC09221-300x171.jpg 300w, https:\/\/enolife.com.ar\/es\/wp-content\/uploads\/2025\/01\/DSC09221-768x439.jpg 768w, https:\/\/enolife.com.ar\/es\/wp-content\/uploads\/2025\/01\/DSC09221-585x334.jpg 585w\" sizes=\"auto, (max-width: 694px) 100vw, 694px\" \/><\/a><figcaption class=\"wp-element-caption\"><em><strong>Fayad, Vargas Arizu, Cornejo y Torres en la presentaci\u00f3n del financiamiento.<\/strong><\/em><\/figcaption><\/figure><\/div>\n\n\n<div style=\"height:30px\" aria-hidden=\"true\" class=\"wp-block-spacer\"><\/div>\n\n\n\n<p><strong>Gustavo Irusta<\/strong>, gerente zonal del Banco Naci\u00f3n, agreg\u00f3 que <em>\u201clo importante a destacar es la vinculaci\u00f3n y el rol del banco que, como agente financiero de la Provincia, hace una atenci\u00f3n en la bonificaci\u00f3n de las tasas en un dos por ciento. En nuestro caso la tasa del cr\u00e9dito es el 28% y si a esa cifra le restamos el 5% del Fondo para la Transformaci\u00f3n m\u00e1s el 2% que el Naci\u00f3n bonifica, estamos hablando de una l\u00ednea de cr\u00e9dito que tendr\u00e1 una tasa final del 21% anual\u201d.<\/em><\/p>\n\n\n\n<p>Antes de finalizar, se\u00f1al\u00f3 que las personas interesadas <em>\u201cdeben acercarse al banco para hacer los tr\u00e1mites necesarios y poder acceder al cr\u00e9dito\u201d.<\/em><\/p>\n\n\n\n<div style=\"height:30px\" aria-hidden=\"true\" class=\"wp-block-spacer\"><\/div>\n\n\n\n<p class=\"has-medium-font-size\"><strong>Destinos de los cr\u00e9ditos<\/strong><\/p>\n\n\n\n<ul class=\"wp-block-list\">\n<li>Para las empresas de los sectores comercio y turismo, los cr\u00e9ditos est\u00e1n destinados a capital de trabajo, incluyendo gastos corrientes y adquisici\u00f3n de mercader\u00eda.<\/li>\n\n\n\n<li>Para las empresas del sector industrial, los cr\u00e9ditos se orientan a la adquisici\u00f3n de activos fijos, como maquinaria, equipos y obras civiles.<\/li>\n<\/ul>\n\n\n\n<div style=\"height:35px\" aria-hidden=\"true\" class=\"wp-block-spacer\"><\/div>\n\n\n\n<p class=\"has-medium-font-size\"><strong>Montos y bonificaciones<\/strong><\/p>\n\n\n\n<p>El monto total de la l\u00ednea de cr\u00e9ditos asciende a <strong>$30.000 millones<\/strong>, de los cuales <strong>$20.000 millones son aportados por el Banco de la Naci\u00f3n Argentina y $10.000 millones por el Banco Ciudad.<\/strong><\/p>\n\n\n\n<p>La Provincia bonificar\u00e1 5 puntos porcentuales de la tasa de inter\u00e9s durante todo el plazo de devoluci\u00f3n del cr\u00e9dito. Adem\u00e1s, el BNA, en su calidad de agente financiero del Gobierno provincial, agregar\u00e1 dos puntos porcentuales adicionales de bonificaci\u00f3n.<\/p>\n\n\n\n<div style=\"height:35px\" aria-hidden=\"true\" class=\"wp-block-spacer\"><\/div>\n\n\n\n<p class=\"has-medium-font-size\"><strong>Acceso y tramitaci\u00f3n<\/strong><\/p>\n\n\n\n<p>Los interesados podr\u00e1n gestionar estos cr\u00e9ditos directamente en cualquier sucursal del BNA o del Banco Ciudad, sin necesidad de realizar tr\u00e1mites adicionales en el Fondo para la Transformaci\u00f3n y el Crecimiento. La bonificaci\u00f3n de tasas ser\u00e1 acreditada de manera autom\u00e1tica mediante transferencia bancaria a las cuentas de los beneficiarios.<\/p>\n\n\n\n<p>Las condiciones financieras, como tasas de inter\u00e9s, plazos de devoluci\u00f3n y requisitos de garant\u00edas, ser\u00e1n definidas por cada banco seg\u00fan el destino de los fondos.<\/p>\n\n\n\n<p>Esta nueva l\u00ednea de financiamiento complementa las acciones implementadas desde mediados de 2024, orientadas al sector primario, como la colocaci\u00f3n de malla antigranizo, eficiencia h\u00eddrica y energ\u00e9tica, y adquisici\u00f3n de activos fijos.&nbsp;<\/p>\n\n\n\n<div style=\"height:30px\" aria-hidden=\"true\" class=\"wp-block-spacer\"><\/div>\n\n\n\n<p class=\"has-small-font-size\"><em><strong>Fuente: Gobierno de Mendoza<\/strong><\/em><\/p>\n\n\n\n<div style=\"height:32px\" aria-hidden=\"true\" class=\"wp-block-spacer\"><\/div>\n","protected":false},"excerpt":{"rendered":"<p>Se trata de cr\u00e9ditos para micro, peque\u00f1as y medianas empresas de la provincia. Lo lanzaron&hellip;<\/p>\n","protected":false},"author":2,"featured_media":136732,"comment_status":"open","ping_status":"open","sticky":false,"template":"","format":"standard","meta":{"footnotes":""},"categories":[14],"tags":[],"class_list":["post-136531","post","type-post","status-publish","format-standard","has-post-thumbnail","hentry","category-news"],"_links":{"self":[{"href":"https:\/\/enolife.com.ar\/es\/wp-json\/wp\/v2\/posts\/136531","targetHints":{"allow":["GET"]}}],"collection":[{"href":"https:\/\/enolife.com.ar\/es\/wp-json\/wp\/v2\/posts"}],"about":[{"href":"https:\/\/enolife.com.ar\/es\/wp-json\/wp\/v2\/types\/post"}],"author":[{"embeddable":true,"href":"https:\/\/enolife.com.ar\/es\/wp-json\/wp\/v2\/users\/2"}],"replies":[{"embeddable":true,"href":"https:\/\/enolife.com.ar\/es\/wp-json\/wp\/v2\/comments?post=136531"}],"version-history":[{"count":0,"href":"https:\/\/enolife.com.ar\/es\/wp-json\/wp\/v2\/posts\/136531\/revisions"}],"wp:featuredmedia":[{"embeddable":true,"href":"https:\/\/enolife.com.ar\/es\/wp-json\/wp\/v2\/media\/136732"}],"wp:attachment":[{"href":"https:\/\/enolife.com.ar\/es\/wp-json\/wp\/v2\/media?parent=136531"}],"wp:term":[{"taxonomy":"category","embeddable":true,"href":"https:\/\/enolife.com.ar\/es\/wp-json\/wp\/v2\/categories?post=136531"},{"taxonomy":"post_tag","embeddable":true,"href":"https:\/\/enolife.com.ar\/es\/wp-json\/wp\/v2\/tags?post=136531"}],"curies":[{"name":"wp","href":"https:\/\/api.w.org\/{rel}","templated":true}]}}