{"id":136045,"date":"2025-01-25T11:56:35","date_gmt":"2025-01-25T11:56:35","guid":{"rendered":"https:\/\/enolife.com.ar\/es\/?p=136045"},"modified":"2025-01-26T21:52:01","modified_gmt":"2025-01-26T21:52:01","slug":"hasta-el-14-2-bodegas-mendocinas-pueden-sumarse-a-la-wine-south-america-del-6-al-8-5-en-brasil","status":"publish","type":"post","link":"https:\/\/enolife.com.ar\/es\/hasta-el-14-2-bodegas-mendocinas-pueden-sumarse-a-la-wine-south-america-del-6-al-8-5-en-brasil\/","title":{"rendered":"Hasta el 14\/2, bodegas mendocinas pueden sumarse a la Wine South America, del 6 al 8\/5 en Brasil"},"content":{"rendered":"\n<h4 class=\"wp-block-heading\"><em><strong>En su 5\u00b0 edici\u00f3n, la feria Wine South America (WSA) de Bento Gon\u00e7alvez, al sur de Brasil, espera reunir a 360 marcas de unos 20 pa\u00edses, con 2.000 reuniones de negocios programadas. All\u00ed se dar\u00e1n cita importadores, distribuidores, mayoristas, minoristas y profesionales del vino que buscan nuevos clientes. Por ello, ProMendoza -la agencia de promoci\u00f3n de los productos mendocinos en el exterior- convoc\u00f3 a las bodegas mendocinas interesadas en participar a que se inscriban e integren una misi\u00f3n con beneficios, hasta el 14\/2\/25.<\/strong><\/em><\/h4>\n\n\n\n<div style=\"height:35px\" aria-hidden=\"true\" class=\"wp-block-spacer\"><\/div>\n\n\n<a href=\"https:\/\/instagram.com\/labelsolutions?igshid=YmMyMTA2M2Y=\" aria-label=\"Banner Palero 1700&#215;500\"><img loading=\"lazy\" decoding=\"async\" src=\"https:\/\/enolife.com.ar\/es\/wp-content\/uploads\/2021\/09\/Banner-Palero-1700x500-1.gif\" alt=\"\"  width=\"1700\" height=\"500\"   \/><\/a>\n\n\n<div style=\"height:45px\" aria-hidden=\"true\" class=\"wp-block-spacer\"><\/div>\n\n\n\n<p>La 5\u00aa edici\u00f3n de&nbsp;<strong>Wine South America<\/strong>, una de las&nbsp;m\u00e1s importantes&nbsp;ferias&nbsp;de negocios del vino de Am\u00e9rica Latina, tendr\u00e1 lugar del&nbsp;<strong>6 al 8 de mayo de 2025<\/strong> en <strong>Bento Gon\u00e7alves, R\u00edo Grande do Sul, Brasil<\/strong>. Esta regi\u00f3n es reconocida como la capital del vino brasile\u00f1o, ya que tiene el mayor consumo per c\u00e1pita de vino de ese pa\u00eds, y all\u00ed se asientan la mayor\u00eda de las bodegas brasile\u00f1as.<\/p>\n\n\n\n<div style=\"height:20px\" aria-hidden=\"true\" class=\"wp-block-spacer\"><\/div>\n\n\n\n<p class=\"has-background\" style=\"background-color:#abb7c261\"><strong>Los mendocinos interesados en participar pueden contactarse con ProMendoza hasta el 14 de febrero, que llevar\u00e1 hasta 15 bodegas y deben contactarse con Gustavo Calandra al mail: <a href=\"mailto:gcalandra@promendoza.com\">gcalandra@promendoza.com<\/a><\/strong><\/p>\n\n\n\n<div style=\"height:20px\" aria-hidden=\"true\" class=\"wp-block-spacer\"><\/div>\n\n\n\n<p><strong>Marcos Milanez Milaneze, director de la Feria, <\/strong>explic\u00f3 que <em>\u201cWSA es un&nbsp;entorno de negocios&nbsp;que refuerza la importancia de la visibilidad de la marca, ya que se desarrolla en una de las mayores regiones de consumo de vino de Brasil. Recibimos un gran volumen de compradores de Rio Grande do Sul, Santa Catarina y Paran\u00e1,&nbsp;que son mercados muy importantes para la venta&nbsp;y&nbsp;el consumo&nbsp;de vinos en el pa\u00eds\u201d<\/em><\/p>\n\n\n\n<p>Anteriormente prevista para setiembre, la WSA ahora tendr\u00e1 lugar en mayo de 2025, lo que se considera&nbsp;un cambio positivo, deseado por productores y compradores y destacado por los representantes del sector. Ahora, el&nbsp;calendario de eventos del sector vitivin\u00edcola&nbsp;gana una feria internacional en el&nbsp;primer semestre del a\u00f1o, un per\u00edodo prometedor para el mercado, que se organiza para las ventas de invierno y&nbsp;estructura&nbsp;sus&nbsp;acciones&nbsp;para el&nbsp;segundo semestre del a\u00f1o.<\/p>\n\n\n\n<p><em>\u201cReuniremos a productores, importadores y compradores de todo Brasil durante tres d\u00edas dedicados al&nbsp;negocio del vino&nbsp;y ofreciendo&nbsp;contenidos&nbsp;al p\u00fablico. Intensificaremos&nbsp;reuniones de negocios&nbsp;, foros que conecten a profesionales para compartir experiencias e informaciones y&nbsp;catas tem\u00e1ticas&nbsp;con&nbsp;expertos&nbsp;\u201d<\/em>, agreg\u00f3 el directivo.<\/p>\n\n\n\n<p>Uno de los&nbsp;grandes diferenciales&nbsp;de la Wine South America son las&nbsp;rondas de negocios, que establecen contacto entre&nbsp;compradores calificados&nbsp;de&nbsp;Brasil&nbsp;y&nbsp;del exterior&nbsp;con expositores, para&nbsp;dinamizar el mercado interno&nbsp;y&nbsp;las exportaciones&nbsp;.<\/p>\n\n\n\n<p>En su 5\u00aa edici\u00f3n, se espera que la feria promueva m\u00e1s de 2.000 reuniones, consolid\u00e1ndose como una&nbsp;plataforma&nbsp;para&nbsp;reunir&nbsp;a compradores calificados&nbsp;y fomentar las relaciones y las ventas en el&nbsp;mundo del vino.<\/p>\n\n\n\n<p>En esta 5\u00b0 edici\u00f3n, Wine South America ya tiene confirmada la participaci\u00f3n de bodegas de&nbsp;<strong>20 pa\u00edses<\/strong>&nbsp;y m\u00e1s de&nbsp;<strong>360 \u200b\u200bmarcas nacionales e internacionales<\/strong>. Adem\u00e1s de los&nbsp;lanzamientos, reunir\u00e1 a las&nbsp;principales bodegas brasile\u00f1as&nbsp;y productores de&nbsp;Espa\u00f1a, Francia, Portugal, Georgia, Uruguay, Chile, Argentina e Italia.<\/p>\n\n\n\n<p>La Feria est\u00e1 organizada por&nbsp;<strong>Milanez &amp; Milaneze<\/strong>, una empresa perteneciente al&nbsp;<strong>Grupo Veronafiere<\/strong>, l\u00edder en la organizaci\u00f3n de ferias en Italia y segunda en Europa por facturaci\u00f3n. WSA se apoya en el know-how de&nbsp;<strong>Vinitaly<\/strong>, feria l\u00edder mundial del sector del vino desde&nbsp;hace m\u00e1s de 50 a\u00f1os.<\/p>\n\n\n\n<div style=\"height:33px\" aria-hidden=\"true\" class=\"wp-block-spacer\"><\/div>\n\n\n\n<p class=\"has-background\" style=\"background-color:#abb7c242\"><strong>Informaci\u00f3n en el sitio oficial del evento:&nbsp;<a href=\"https:\/\/translate.google.com\/website?sl=en&amp;tl=es&amp;hl=es-419&amp;prev=search&amp;u=http:\/\/www.winesa.com.br\">www.winesa.com.br<\/a>&nbsp;.<\/strong><\/p>\n\n\n\n<div style=\"height:30px\" aria-hidden=\"true\" class=\"wp-block-spacer\"><\/div>\n","protected":false},"excerpt":{"rendered":"<p>En su 5\u00b0 edici\u00f3n, la feria Wine South America (WSA) de Bento Gon\u00e7alvez, al sur&hellip;<\/p>\n","protected":false},"author":2,"featured_media":136058,"comment_status":"open","ping_status":"open","sticky":false,"template":"","format":"standard","meta":{"footnotes":""},"categories":[10],"tags":[],"class_list":["post-136045","post","type-post","status-publish","format-standard","has-post-thumbnail","hentry","category-ferias"],"_links":{"self":[{"href":"https:\/\/enolife.com.ar\/es\/wp-json\/wp\/v2\/posts\/136045","targetHints":{"allow":["GET"]}}],"collection":[{"href":"https:\/\/enolife.com.ar\/es\/wp-json\/wp\/v2\/posts"}],"about":[{"href":"https:\/\/enolife.com.ar\/es\/wp-json\/wp\/v2\/types\/post"}],"author":[{"embeddable":true,"href":"https:\/\/enolife.com.ar\/es\/wp-json\/wp\/v2\/users\/2"}],"replies":[{"embeddable":true,"href":"https:\/\/enolife.com.ar\/es\/wp-json\/wp\/v2\/comments?post=136045"}],"version-history":[{"count":0,"href":"https:\/\/enolife.com.ar\/es\/wp-json\/wp\/v2\/posts\/136045\/revisions"}],"wp:featuredmedia":[{"embeddable":true,"href":"https:\/\/enolife.com.ar\/es\/wp-json\/wp\/v2\/media\/136058"}],"wp:attachment":[{"href":"https:\/\/enolife.com.ar\/es\/wp-json\/wp\/v2\/media?parent=136045"}],"wp:term":[{"taxonomy":"category","embeddable":true,"href":"https:\/\/enolife.com.ar\/es\/wp-json\/wp\/v2\/categories?post=136045"},{"taxonomy":"post_tag","embeddable":true,"href":"https:\/\/enolife.com.ar\/es\/wp-json\/wp\/v2\/tags?post=136045"}],"curies":[{"name":"wp","href":"https:\/\/api.w.org\/{rel}","templated":true}]}}